{"id":100749,"date":"2023-07-06T09:49:14","date_gmt":"2023-07-06T06:49:14","guid":{"rendered":"https:\/\/realitatearutiera.ro\/?p=100749"},"modified":"2023-07-06T09:49:17","modified_gmt":"2023-07-06T06:49:17","slug":"inaugurare-pod-braila","status":"publish","type":"post","link":"https:\/\/realitatearutiera.ro\/?p=100749","title":{"rendered":"INAUGURARE POD BR\u0102ILA"},"content":{"rendered":"\n<p><strong>Ora:&nbsp;<\/strong>09:00<\/p>\n\n\n\n<p><strong>Centrul INFOTRAFIC din Inspectoratul General al Poli\u021biei Rom\u00e2ne&nbsp;<\/strong>informeaz\u0103 c\u0103 ast\u0103zi, ora 11:00, va avea loc festivitatea de inaugurare a podului peste Dun\u0103re de la Br\u0103ila&nbsp; &#8211; DN 2S, \u00eentre Br\u0103ila \u0219i Sm\u00e2rdan, denumit Golden Gate! Se preconizeaz\u0103 s\u0103 participe un num\u0103r de aproximativ 300 persoane, printre care Oficialit\u0103\u021bi ca: Pre\u0219edintele Rom\u00e2niei, Premierul, Ministrul Transporturilor, Comisarul European pentru Transporturi.<\/p>\n\n\n\n<p>Circula\u021bia rutier\u0103 se va desf\u0103\u0219ura \u00eencep\u00e2nd cu ora 13:00, cu restric\u021bie de vitez\u0103 de 80 km\/h, iar noaptea, \u00een intervalul orar 21.00 &#8211; 06.00, de luni p\u00e2n\u0103 vineri, circula\u021bia pe pod va fi suspendat\u0103. \u00cen weekend-uri \u0219i s\u0103rb\u0103tori legale (chiar dac\u0103 sunt zile din cursul s\u0103pt\u0103m\u00e2nii), circula\u021bia rutier\u0103 va fi deschis\u0103.<\/p>\n\n\n\n<p>Aceste prevederi se aplic\u0103 p\u00e2n\u0103 la data de 30.11.2023.<\/p>\n","protected":false},"excerpt":{"rendered":"<p>Ora:&nbsp;09:00 Centrul INFOTRAFIC din Inspectoratul General al Poli\u021biei Rom\u00e2ne&nbsp;informeaz\u0103 c\u0103 ast\u0103zi, ora 11:00, va avea loc festivitatea de inaugurare a<\/p>\n","protected":false},"author":1,"featured_media":100750,"comment_status":"open","ping_status":"closed","sticky":false,"template":"","format":"standard","meta":{"spay_email":"","footnotes":"","jetpack_publicize_message":""},"categories":[54],"tags":[],"class_list":["post-100749","post","type-post","status-publish","format-standard","has-post-thumbnail","hentry","category-informatii-rutiere"],"jetpack_featured_media_url":"https:\/\/i1.wp.com\/realitatearutiera.ro\/wp-content\/uploads\/2023\/07\/image-2023-07-1-26370252-41-podul-braila-inainte-deschidere.jpg?fit=800%2C454&ssl=1","jetpack_publicize_connections":[],"jetpack_sharing_enabled":true,"jetpack_shortlink":"https:\/\/wp.me\/p61naM-qcZ","jetpack-related-posts":[],"_links":{"self":[{"href":"https:\/\/realitatearutiera.ro\/index.php?rest_route=\/wp\/v2\/posts\/100749","targetHints":{"allow":["GET"]}}],"collection":[{"href":"https:\/\/realitatearutiera.ro\/index.php?rest_route=\/wp\/v2\/posts"}],"about":[{"href":"https:\/\/realitatearutiera.ro\/index.php?rest_route=\/wp\/v2\/types\/post"}],"author":[{"embeddable":true,"href":"https:\/\/realitatearutiera.ro\/index.php?rest_route=\/wp\/v2\/users\/1"}],"replies":[{"embeddable":true,"href":"https:\/\/realitatearutiera.ro\/index.php?rest_route=%2Fwp%2Fv2%2Fcomments&post=100749"}],"version-history":[{"count":1,"href":"https:\/\/realitatearutiera.ro\/index.php?rest_route=\/wp\/v2\/posts\/100749\/revisions"}],"predecessor-version":[{"id":100751,"href":"https:\/\/realitatearutiera.ro\/index.php?rest_route=\/wp\/v2\/posts\/100749\/revisions\/100751"}],"wp:featuredmedia":[{"embeddable":true,"href":"https:\/\/realitatearutiera.ro\/index.php?rest_route=\/wp\/v2\/media\/100750"}],"wp:attachment":[{"href":"https:\/\/realitatearutiera.ro\/index.php?rest_route=%2Fwp%2Fv2%2Fmedia&parent=100749"}],"wp:term":[{"taxonomy":"category","embeddable":true,"href":"https:\/\/realitatearutiera.ro\/index.php?rest_route=%2Fwp%2Fv2%2Fcategories&post=100749"},{"taxonomy":"post_tag","embeddable":true,"href":"https:\/\/realitatearutiera.ro\/index.php?rest_route=%2Fwp%2Fv2%2Ftags&post=100749"}],"curies":[{"name":"wp","href":"https:\/\/api.w.org\/{rel}","templated":true}]}}