{"id":101028,"date":"2023-07-13T09:29:18","date_gmt":"2023-07-13T06:29:18","guid":{"rendered":"https:\/\/realitatearutiera.ro\/?p=101028"},"modified":"2023-07-13T09:29:20","modified_gmt":"2023-07-13T06:29:20","slug":"restrictiile-de-circulatie-de-la-podu-iloaiei-vor-fi-ridicate-joi-dupa-amiaza","status":"publish","type":"post","link":"https:\/\/realitatearutiera.ro\/?p=101028","title":{"rendered":"Restric\u0163iile de circula\u0163ie de la Podu-Iloaiei vor fi ridicate joi dup\u0103-amiaz\u0103"},"content":{"rendered":"\n<p>Restric\u0163iile de circula\u0163ie de la Podu-Iloaiei, care au lungit \u00een ultimele zile cozile de ma\u015fini de o parte \u015fi de alta a ora\u015fului, vor fi ridicate joi dup\u0103-amiaz\u0103. DRDP a anun\u0163at c\u0103 atunci se vor finaliza lucr\u0103rile la rosturile de dilata\u0163ie de la podul peste r\u00e2ul Bahlui de pe DN 28, de la intrarea \u00een ora\u015f dinspre Le\u0163cani.<\/p>\n\n\n\n<p>Amintim c\u0103 vineri \u00eencepe seria de teste prin care se urm\u0103re\u015fte stabilirea unor timpi de semaforizare optimi \u00een a\u015fa fel \u00eenc\u00e2t ambuteiajele care se formeaz\u0103 tot mai des la Podu Iloaiei s\u0103 dispar\u0103 sau s\u0103 fie atenuate. Simul\u0103rile se vor face timp de 4 zile, \u00eentre orele 7:30-20:00 \u015fi vor analiza valori ale traficului din zilele de weekend, dar \u015fi din zile obi\u015fnuite ale s\u0103pt\u0103m\u00e2nii sau de t\u00e2rg (organizat prin tradi\u0163ie \u00een ziua de luni). Astfel, dup\u0103 ziua de vineri vor urma duminic\u0103 16 iulie, luni 17 iulie \u015fi miercuri, 19 iulie.<\/p>\n\n\n\n<p>Cele 22 de semafoare provizorii, destinate at\u00e2t autovehiculelor, c\u00e2t \u015fi pietonilor, vor fi amplasate la principalele intersec\u0163ii din localitate, respectiv la Prim\u0103rie (km 47^963, intersec\u0163ie DN 28 \u2013 str. Cuza Vod\u0103 \u015fi str. Traian) \u015fi la farmacie (km 47^713, int. DN 28 \u2013 str. Petru Rare\u015f).<\/p>\n\n\n\n<p>Serviciul Rutier al IPJ Ia\u015fi a impus mai multe condi\u0163ii \u00eenainte s\u0103 avizeze seria de teste. Este vorba inclusiv de amplasarea unor indicatoare de aten\u0163ionare\/ avertizare \u015fi de modul de instalare a acestora \u015fi a semafoarelor (vizibilitate, siguran\u0163a pietonilor \u015fi participan\u0163ilor la trafic) etc. &nbsp;<\/p>\n\n\n\n<p>Testarea sistemului de semaforizare provizoriu va fi efectuat\u0103 de DRDP Ia\u015fi \u015fi compania Red Spektrum, la ini\u0163iativa Prefecturii Ia\u015fi, a societ\u0103\u0163ii civile (Asocia\u0163ia \u201eHai c\u0103 se poate\u201d), cu sprijinul IPJ Ia\u015fi \u2013 Serviciul Rutier \u015fi al Prim\u0103riei ora\u015fului Podu Iloaiei. Red Spektrum, care va pune la dispozi\u0163ie sistemul de contorizare \u015fi sincronizare, este o companie specializat\u0103 \u00een implementarea de softuri industriale \u015fi solu\u0163ii de trafic urban testate deja cu succes \u00een alte ora\u015fe ale \u0163\u0103rii.<\/p>\n\n\n\n<figure class=\"wp-block-image is-resized\"><img loading=\"lazy\" decoding=\"async\" src=\"https:\/\/i2.wp.com\/www.ziaruldeiasi.ro\/data\/_editor\/images\/semafoare_Podu_Iloaiei.jpg?resize=427%2C308&#038;ssl=1\" alt=\"\" width=\"427\" height=\"308\" data-recalc-dims=\"1\" \/><\/figure>\n\n\n\n<p>\u201eDRDP Ia\u015fi face apel la \u00een\u0163elegere din partea participan\u0163ilor la trafic pentru disconfortul temporar produs, asigur\u00e2ndu-i totodat\u0103 c\u0103 lucr\u0103rile \u015fi testele executate au drept scop circula\u0163ia autovehiculelor \u00een condi\u0163ii de siguran\u0163\u0103 \u015fi confort, cu timpi de a\u015fteptare c\u00e2t mai redu\u015fi\u201d \u2013 este mesajul Regionalei de drumuri na\u0163ionale \u00eenainte de prima \u00eencercare de fluidizare a traficului \u00een Podu Iloaiei.<\/p>\n\n\n\n<p>Sursa:ziaruldeiasi<\/p>\n","protected":false},"excerpt":{"rendered":"<p>Restric\u0163iile de circula\u0163ie de la Podu-Iloaiei, care au lungit \u00een ultimele zile cozile de ma\u015fini de o parte \u015fi de<\/p>\n","protected":false},"author":1,"featured_media":101029,"comment_status":"open","ping_status":"closed","sticky":false,"template":"","format":"standard","meta":{"spay_email":"","footnotes":"","jetpack_publicize_message":""},"categories":[6],"tags":[],"class_list":["post-101028","post","type-post","status-publish","format-standard","has-post-thumbnail","hentry","category-social"],"jetpack_featured_media_url":"https:\/\/i1.wp.com\/realitatearutiera.ro\/wp-content\/uploads\/2023\/07\/semafoare_Podu_Iloaiei.jpg?fit=876%2C633&ssl=1","jetpack_publicize_connections":[],"jetpack_sharing_enabled":true,"jetpack_shortlink":"https:\/\/wp.me\/p61naM-qhu","jetpack-related-posts":[],"_links":{"self":[{"href":"https:\/\/realitatearutiera.ro\/index.php?rest_route=\/wp\/v2\/posts\/101028","targetHints":{"allow":["GET"]}}],"collection":[{"href":"https:\/\/realitatearutiera.ro\/index.php?rest_route=\/wp\/v2\/posts"}],"about":[{"href":"https:\/\/realitatearutiera.ro\/index.php?rest_route=\/wp\/v2\/types\/post"}],"author":[{"embeddable":true,"href":"https:\/\/realitatearutiera.ro\/index.php?rest_route=\/wp\/v2\/users\/1"}],"replies":[{"embeddable":true,"href":"https:\/\/realitatearutiera.ro\/index.php?rest_route=%2Fwp%2Fv2%2Fcomments&post=101028"}],"version-history":[{"count":1,"href":"https:\/\/realitatearutiera.ro\/index.php?rest_route=\/wp\/v2\/posts\/101028\/revisions"}],"predecessor-version":[{"id":101030,"href":"https:\/\/realitatearutiera.ro\/index.php?rest_route=\/wp\/v2\/posts\/101028\/revisions\/101030"}],"wp:featuredmedia":[{"embeddable":true,"href":"https:\/\/realitatearutiera.ro\/index.php?rest_route=\/wp\/v2\/media\/101029"}],"wp:attachment":[{"href":"https:\/\/realitatearutiera.ro\/index.php?rest_route=%2Fwp%2Fv2%2Fmedia&parent=101028"}],"wp:term":[{"taxonomy":"category","embeddable":true,"href":"https:\/\/realitatearutiera.ro\/index.php?rest_route=%2Fwp%2Fv2%2Fcategories&post=101028"},{"taxonomy":"post_tag","embeddable":true,"href":"https:\/\/realitatearutiera.ro\/index.php?rest_route=%2Fwp%2Fv2%2Ftags&post=101028"}],"curies":[{"name":"wp","href":"https:\/\/api.w.org\/{rel}","templated":true}]}}