{"id":101195,"date":"2023-07-19T10:35:31","date_gmt":"2023-07-19T07:35:31","guid":{"rendered":"https:\/\/realitatearutiera.ro\/?p=101195"},"modified":"2023-07-19T10:36:25","modified_gmt":"2023-07-19T07:36:25","slug":"avertizare-meteorologica-cod-galben-de-instabilitate-atmosferica","status":"publish","type":"post","link":"https:\/\/realitatearutiera.ro\/?p=101195","title":{"rendered":"AVERTIZARE METEOROLOGIC\u0102 &#8211; COD GALBEN de instabilitate atmosferic\u0103"},"content":{"rendered":"\n<h2 class=\"wp-block-heading\"><a href=\"https:\/\/www.realitatea.net\/stiri\/vremea\" target=\"_blank\" rel=\"noreferrer noopener\"><strong>Prognoza meteo<\/strong><\/a>&nbsp;anun\u021b\u0103 un nou val de canicul\u0103 sufocant\u0103. Meteorologii au emis, ast\u0103zi, noi aten\u021bion\u0103ri de fenomene meteo periculoase. \u00cen continuare, \u021bara noastr\u0103 este \u00eemp\u0103r\u021bit\u0103 \u00eentre ar\u0219i\u021b\u0103 \u0219i ploi.&nbsp;<\/h2>\n\n\n\n<p>Fenomene vizate: instabilitate atmosferic\u0103<br>Interval de valabilitate: 19 iulie, ora 12:00 \u2013 20 iulie, ora 10:00<br>Zone afectate: conform textului \u0219i h\u0103r\u021bii<\/p>\n\n\n\n<p>\u00cen intervalul men\u021bionat, la \u00eenceput \u00een Banat, iar spre seara \u0219i noaptea \u0219i \u00een Oltenia, vestul Munteniei, Maramure\u0219 \u0219i local \u00een Transilvania \u0219i la munte vor fi perioade cu instabilitate atmosferic\u0103, ce se va manifesta prin intensific\u0103ri ale v\u00e2ntului (rafale \u00een general de 55&#8230;70 km\/h), vijelii, grindin\u0103, frecvente desc\u0103rc\u0103ri electrice \u0219i averse toren\u021biale (\u00een intervale foarte scurte de timp cantit\u0103\u021bile de ap\u0103 vor fi de 20&#8230;25 l\/mp \u0219i izolat peste 30&#8230;40 l\/mp).<\/p>\n\n\n\n<p><strong>COD PORTOCALIU de ploi<\/strong><\/p>\n\n\n\n<p>Interval de valabilitate: 19 iulie, ora 18:00 \u2013 20 iulie, ora 10:00<br>Fenomene vizate: instabilitate atmosferic\u0103 accentuat\u0103<br>Zone afectate: conform textului \u0219i h\u0103r\u021bii<\/p>\n\n\n\n<p>\u00cen intervalul men\u021bionat \u00een Banat \u0219i vestul Olteniei vor fi perioade cu instabilitate atmosferic\u0103 accentuat\u0103. Aceasta se va manifesta prin intensific\u0103ri ale v\u00e2ntului (rafale de 70&#8230;90 km\/h \u0219i izolat de peste 100 km\/h), vijelii puternice, grindin\u0103 de medii \u0219i posibil mari dimensiuni, frecvente desc\u0103rc\u0103ri electrice \u0219i averse toren\u021biale (\u00een intervale scurte de timp, de 1 p\u00e2n\u0103 la 3 ore, cantit\u0103\u021bile de ap\u0103 vor fi de 30&#8230;40 l\/mp \u0219i izolat peste 50&#8230;60 l\/mp).<\/p>\n\n\n\n<figure class=\"wp-block-image\"><img decoding=\"async\" src=\"https:\/\/i1.wp.com\/media.realitatea.net\/multimedia\/image\/202307\/full\/prognoza-miercuri-2_4f7d2477a1.jpg?w=800&#038;ssl=1\" alt=\"Imagine\" data-recalc-dims=\"1\"\/><\/figure>\n\n\n\n<p><br><strong>AVERTIZARE METEOROLOGIC\u0102 &#8211; COD GALBEN de canicul\u0103<\/strong><\/p>\n\n\n\n<p>Interval de valabilitate: 19 iulie<br>Fenomene vizate: val de c\u0103ldur\u0103, canicul\u0103, disconfort termic ridicat<br>Zone afectate: conform textului \u0219i h\u0103r\u021bii<\/p>\n\n\n\n<p><a href=\"https:\/\/www.realitatea.net\/stiri\/vremea\/val-de-canicula-de-nesuportat-in-romania-temperaturi-resimtite-de-peste-40-de-grade-ce-urmeaza-dupa-saptamana-de-foc_64b784a72326a93aee71d562\" target=\"_blank\" rel=\"noreferrer noopener\"><strong>Valul de c\u0103ldur\u0103<\/strong><\/a>&nbsp;se va men\u021bine \u00een Banat, Oltenia, Muntenia, Dobrogea, precum \u0219i \u00een sudul Cri\u0219anei \u0219i al Moldovei. Va fi canicul\u0103, disconfort termic ridicat, iar indicele temperatur\u0103-umezeal\u0103 (ITU) va dep\u0103\u0219i pragul critic de 80 de unit\u0103\u021bi. Temperaturile maxime se vor situa \u00een general \u00eentre 33 \u0219i 37 de grade, iar cele minime \u00eentre 18 \u0219i 23 de grade.<\/p>\n\n\n\n<p><strong>COD PORTOCALIU de canicul\u0103<\/strong><\/p>\n\n\n\n<p>Fenomene vizate: val de c\u0103ldur\u0103 persistent, canicul\u0103 \u0219i disconfort termic accentuat<br>Interval de valabilitate: 19 iulie<br>Zone afectate: jude\u021bele Dolj, Olt \u0219i Teleorman<\/p>\n\n\n\n<p>\u00cen jude\u021bele Dolj, Olt \u0219i Teleorman se vor \u00eenregistra temperaturi maxime de 38&#8230;39 de grade, disconfortul termic va fi accentuat, iar indicele temperatur\u0103-umezeal\u0103 (ITU) va dep\u0103\u0219i pragul critic de 80 de unit\u0103\u021bi. Temperaturile minime se vor situa \u00een general peste 20&#8230;22 de grade.<\/p>\n\n\n\n<figure class=\"wp-block-image\"><img decoding=\"async\" src=\"https:\/\/i0.wp.com\/media.realitatea.net\/multimedia\/image\/202307\/full\/prognoza-miercuri-1_863988d2ec.jpg?w=800&#038;ssl=1\" alt=\"Imagine\" data-recalc-dims=\"1\"\/><\/figure>\n\n\n\n<p><a href=\"https:\/\/geozo.com\/?utm_source=websites&amp;utm_medium=teasers&amp;utm_content=logo\" target=\"_blank\" rel=\"noreferrer noopener\"><\/a><\/p>\n\n\n\n<p><a target=\"_blank\" href=\"https:\/\/cdn.geozo.com\/v4\/click?media=82956&amp;c=f1wxYUIElm3gUD9hFmj3OH7g3F7AdXIS2JAb0kDg1C3-MFodR1QwQ-OdwRnBcUgXkuL2gsqkB-hT5b2KC2Zb88OTNMvLpo4v61sR0QLx5FhhIUBZ9q8M4oqP9oZ13yaEfOnsvn23PO1OAMwCoHvt94nQZRjs5assx3aBiJ6X8L-CO5MUTsyxxvst_kMytPlktQSBCoD7kBfYEH51pSRWzugQ_T7GVgr-sSvmam1dglrSnB2AAOquT96wmtOrTb6jRPiPSY7Jf8VYlbI4EkIJ9eY5TJbqEkqu-q26PzVgOs-XDlnIdOeX3EnR_-iWFh8WY6EXEImqEyg7QM4AUOTbzr7cGA2DtznK3A7I3mjGJ4z1-1TRTRj1uvogl3pLIddhjzKUV5OYwmpkTDZNj8qmtIxuWhs5F8hP_Qtp3xC1Tnb1tfmuoFPbiDs4Tlug1hf3TosZ-6JnPUDIPUomu7BgXYeCS8FyZ66PFLavH9lFy8KezzkCIYy2h30ibkHNkAvEsPnTCw\" rel=\"noreferrer noopener\"><\/a><\/p>\n\n\n\n<p>Sursa:realitatea<\/p>\n","protected":false},"excerpt":{"rendered":"<p>Prognoza meteo&nbsp;anun\u021b\u0103 un nou val de canicul\u0103 sufocant\u0103. Meteorologii au emis, ast\u0103zi, noi aten\u021bion\u0103ri de fenomene meteo periculoase. \u00cen continuare,<\/p>\n","protected":false},"author":1,"featured_media":101196,"comment_status":"open","ping_status":"closed","sticky":false,"template":"","format":"standard","meta":{"spay_email":"","footnotes":"","jetpack_publicize_message":""},"categories":[6],"tags":[],"class_list":["post-101195","post","type-post","status-publish","format-standard","has-post-thumbnail","hentry","category-social"],"jetpack_featured_media_url":"https:\/\/i1.wp.com\/realitatearutiera.ro\/wp-content\/uploads\/2023\/07\/alerta.jpg?fit=1060%2C600&ssl=1","jetpack_publicize_connections":[],"jetpack_sharing_enabled":true,"jetpack_shortlink":"https:\/\/wp.me\/p61naM-qkb","jetpack-related-posts":[],"_links":{"self":[{"href":"https:\/\/realitatearutiera.ro\/index.php?rest_route=\/wp\/v2\/posts\/101195","targetHints":{"allow":["GET"]}}],"collection":[{"href":"https:\/\/realitatearutiera.ro\/index.php?rest_route=\/wp\/v2\/posts"}],"about":[{"href":"https:\/\/realitatearutiera.ro\/index.php?rest_route=\/wp\/v2\/types\/post"}],"author":[{"embeddable":true,"href":"https:\/\/realitatearutiera.ro\/index.php?rest_route=\/wp\/v2\/users\/1"}],"replies":[{"embeddable":true,"href":"https:\/\/realitatearutiera.ro\/index.php?rest_route=%2Fwp%2Fv2%2Fcomments&post=101195"}],"version-history":[{"count":3,"href":"https:\/\/realitatearutiera.ro\/index.php?rest_route=\/wp\/v2\/posts\/101195\/revisions"}],"predecessor-version":[{"id":101199,"href":"https:\/\/realitatearutiera.ro\/index.php?rest_route=\/wp\/v2\/posts\/101195\/revisions\/101199"}],"wp:featuredmedia":[{"embeddable":true,"href":"https:\/\/realitatearutiera.ro\/index.php?rest_route=\/wp\/v2\/media\/101196"}],"wp:attachment":[{"href":"https:\/\/realitatearutiera.ro\/index.php?rest_route=%2Fwp%2Fv2%2Fmedia&parent=101195"}],"wp:term":[{"taxonomy":"category","embeddable":true,"href":"https:\/\/realitatearutiera.ro\/index.php?rest_route=%2Fwp%2Fv2%2Fcategories&post=101195"},{"taxonomy":"post_tag","embeddable":true,"href":"https:\/\/realitatearutiera.ro\/index.php?rest_route=%2Fwp%2Fv2%2Ftags&post=101195"}],"curies":[{"name":"wp","href":"https:\/\/api.w.org\/{rel}","templated":true}]}}