{"id":1017,"date":"2015-04-14T10:07:49","date_gmt":"2015-04-14T10:07:49","guid":{"rendered":"http:\/\/realitatearutiera.ro\/?p=1017"},"modified":"2015-04-16T10:10:27","modified_gmt":"2015-04-16T10:10:27","slug":"un-taxi-a-luat-foc-dupa-ce-s-a-izbit-de-un-stalp-pe-sararie","status":"publish","type":"post","link":"https:\/\/realitatearutiera.ro\/?p=1017","title":{"rendered":"Un taxi a luat foc dup\u0103 ce s-a izbit de un st\u00e2lp pe S\u0103r\u0103rie !"},"content":{"rendered":"<p><strong>Un taxi a luat foc dup\u0103 ce s-a izbit de un st\u00e2lp pe S\u0103r\u0103rie.<\/strong><\/p>\n<p>Taxiul urca pe S\u0103r\u0103rie din T\u00e2rgu Cucu spre IPJ. \u00centr-o curb\u0103 periculoas\u0103 la st\u00e2nga, \u015foferul a pierdut controlul volanului, a intrat pe trotuar \u015fi s-a izbit \u00een st\u00e2lp.<\/p>\n<p>\u00cen ma\u015fin\u0103 erau patru clien\u0163i. To\u0163i ace\u015ftia \u015fi taximetristul au fost r\u0103ni\u0163i u\u015for. Incendiul a fost stins rapid. Luase foc partea din fa\u0163\u0103 a ma\u015finii, unde este motorul.<\/p>\n<p>Deocamdat\u0103 nu se \u015ftiu cauzele care au dus la producerea accidentului. Impactul a avut loc \u00een jurul orei 18:00.<\/p>\n<p>Mai multe echipaje de la Pompieri, Poli\u0163ie \u015fi Ambulan\u0163\u0103 au fost la fa\u0163a locului.<\/p>\n<p>Vom reveni cu infromatii..<\/p>\n","protected":false},"excerpt":{"rendered":"<p>Un taxi a luat foc dup\u0103 ce s-a izbit de un st\u00e2lp pe S\u0103r\u0103rie. Taxiul urca pe S\u0103r\u0103rie din T\u00e2rgu<\/p>\n","protected":false},"author":1,"featured_media":1018,"comment_status":"open","ping_status":"open","sticky":false,"template":"","format":"standard","meta":{"spay_email":"","footnotes":"","jetpack_publicize_message":""},"categories":[1,11],"tags":[],"class_list":["post-1017","post","type-post","status-publish","format-standard","has-post-thumbnail","hentry","category-uncategorized","category-stiri-interne"],"jetpack_featured_media_url":"https:\/\/i1.wp.com\/realitatearutiera.ro\/wp-content\/uploads\/2015\/04\/11150958_990025694343782_5363040166597501169_n.jpg?fit=960%2C720&ssl=1","jetpack_publicize_connections":[],"jetpack_sharing_enabled":true,"jetpack_shortlink":"https:\/\/wp.me\/p61naM-gp","jetpack-related-posts":[],"_links":{"self":[{"href":"https:\/\/realitatearutiera.ro\/index.php?rest_route=\/wp\/v2\/posts\/1017","targetHints":{"allow":["GET"]}}],"collection":[{"href":"https:\/\/realitatearutiera.ro\/index.php?rest_route=\/wp\/v2\/posts"}],"about":[{"href":"https:\/\/realitatearutiera.ro\/index.php?rest_route=\/wp\/v2\/types\/post"}],"author":[{"embeddable":true,"href":"https:\/\/realitatearutiera.ro\/index.php?rest_route=\/wp\/v2\/users\/1"}],"replies":[{"embeddable":true,"href":"https:\/\/realitatearutiera.ro\/index.php?rest_route=%2Fwp%2Fv2%2Fcomments&post=1017"}],"version-history":[{"count":1,"href":"https:\/\/realitatearutiera.ro\/index.php?rest_route=\/wp\/v2\/posts\/1017\/revisions"}],"predecessor-version":[{"id":1019,"href":"https:\/\/realitatearutiera.ro\/index.php?rest_route=\/wp\/v2\/posts\/1017\/revisions\/1019"}],"wp:featuredmedia":[{"embeddable":true,"href":"https:\/\/realitatearutiera.ro\/index.php?rest_route=\/wp\/v2\/media\/1018"}],"wp:attachment":[{"href":"https:\/\/realitatearutiera.ro\/index.php?rest_route=%2Fwp%2Fv2%2Fmedia&parent=1017"}],"wp:term":[{"taxonomy":"category","embeddable":true,"href":"https:\/\/realitatearutiera.ro\/index.php?rest_route=%2Fwp%2Fv2%2Fcategories&post=1017"},{"taxonomy":"post_tag","embeddable":true,"href":"https:\/\/realitatearutiera.ro\/index.php?rest_route=%2Fwp%2Fv2%2Ftags&post=1017"}],"curies":[{"name":"wp","href":"https:\/\/api.w.org\/{rel}","templated":true}]}}