{"id":101776,"date":"2023-08-23T09:38:16","date_gmt":"2023-08-23T06:38:16","guid":{"rendered":"https:\/\/realitatearutiera.ro\/?p=101776"},"modified":"2023-08-23T09:38:20","modified_gmt":"2023-08-23T06:38:20","slug":"riscurile-la-care-se-expun-soferii-care-folosesc-anvelope-de-iarna-pe-timp-de-vara","status":"publish","type":"post","link":"https:\/\/realitatearutiera.ro\/?p=101776","title":{"rendered":"Riscurile la care se expun \u0219oferii care folosesc anvelope de iarn\u0103 pe timp de var\u0103"},"content":{"rendered":"\n<p>Este foarte important ca ma\u0219ina noastr\u0103 s\u0103 fie echipat\u0103 cu anvelopele corespunz\u0103toare. Vorbim aici despre dimensiunile corecte, indicele de vitez\u0103 corect \u0219i s\u0103 fie c\u00e2t mai noi. Totu\u0219i, este necesar s\u0103 \u021binem cont de sezon \u0219i s\u0103 folosim anvelopele corespunz\u0103toare pentru var\u0103 sau iarn\u0103.<\/p>\n\n\n\n<p>Vedem adesea, chiar \u0219i \u00een lunile toride de var\u0103, ma\u0219ini echipate cu anvelope de iarn\u0103, lucru care nu este tocmai recomandat. Campionul na\u021bional \u00een competi\u021biile de raliu \u0219i instructor de&nbsp;<a href=\"https:\/\/www.promotor.ro\/teste-video\/vali-porcisteanu-explica-de-ce-este-importanta-conducerea-defensiva-video-19191914\">conducere defensiv\u0103<\/a>, Vali Porci\u0219teanu a explicat pentru ProMotor care sunt riscurile la care se expun \u0219oferii care folosesc anvelope de iarn\u0103 pe timp de var\u0103.<\/p>\n\n\n\n<h2 class=\"wp-block-heading\">De ce s\u0103 nu folosim anvelope de iarn\u0103 pe timp de var\u0103?<\/h2>\n\n\n\n<p>Legea din Rom\u00e2nia nu prevede o dat\u0103 la care anvelopele de iarn\u0103 ar trebui montate \u0219i nici o dat\u0103 la care ar trebui \u00eenlocuite cu cele de var\u0103. Ordonan\u021ba de Guvern nr. 5\/2011 \u00eei oblig\u0103 pe conduc\u0103torii auto s\u0103 \u00ee\u0219i echipeze ma\u0219ina cu anvelope de iarn\u0103, atunci c\u00e2nd circul\u0103 pe drumuri rutiere publice, acoperite cu z\u0103pad\u0103, ghea\u021b\u0103 \u0219i polei.&nbsp;<a href=\"https:\/\/www.promotor.ro\/stiri-auto\/ce-amenda-risca-soferii-care-nu-au-anvelope-de-iarna-in-2023-19140681\">Legea este obligatorie at\u00e2t pentru autoturisme comerciale, c\u00e2t \u0219i pentru autoturisme personale.<\/a><\/p>\n\n\n\n<p><em>\u201eSunt cauciucuri concepute s\u0103 lucreze la temperaturi foarte sc\u0103zute, au o flexibilitate excesiv\u0103, au o ad\u00e2ncime mai mare dec\u00e2t cele de var\u0103 tocmai \u00een ideea de a \u00eenmagazina c\u00e2t mai mult\u0103 z\u0103pad\u0103. Au t\u0103ieturi lamelare \u0219i mai multe sec\u021biuni pentru a \u00eenc\u0103pea c\u00e2t mai mult\u0103 z\u0103pad\u0103 acolo, pentru ca acea z\u0103pad\u0103 s\u0103 se poat\u0103 lipi de z\u0103pada de la sol \u0219i s\u0103 se creeze \u00eenaintarea\u201d<\/em>, a explicat Vali Porci\u0219teanu pentru ProMotor.<\/p>\n\n\n\n<p>Tocmai din aceste motive, aceste anvelope foarte aderente pe timp de iarn\u0103 vor avea foarte mult de suferit din cauza temperaturilor \u00eenalte. Ele sunt foarte moi, iar temperatura ridicat\u0103 de la nivelul asfaltului le va supra\u00eenc\u0103lzi. De asemenea, nu ofer\u0103 acela\u0219i nivel de stabilitate, iar distan\u021ba de fr\u00e2nare cre\u0219te.<\/p>\n\n\n\n<h2 class=\"wp-block-heading\">La ce riscuri se expun \u0219oferii care circul\u0103 vara cu anvelope de iarn\u0103?<\/h2>\n\n\n\n<p>Vali Porci\u0219teanu a explicat \u0219i de ce nu trebuie s\u0103 folosim anvelope de iarn\u0103 pe timpul verii, mai ales c\u0103 avem de-a face cu temperaturi ridicate \u00een acest sezon.<\/p>\n\n\n\n<p><em>\u201e\u00cen primul r\u00e2nd supra\u00eenc\u0103lzirea, cre\u0219tere de presiune excesiv\u0103, se \u00eenmoaie cauciucul \u0219i se creeaz\u0103 acea deriv\u0103, pentru c\u0103 ma\u0219ina st\u0103 pe acele crampoane care sunt extrem de elastice \u0219i are o \u00eent\u00e2rziere la fr\u00e2nare, la accelera\u021bie, la virare. Evident, scade spa\u021biul de fr\u00e2nare, nu zeci de metri, dar nici nu e nevoie, \u0219i 1 metru poate s\u0103 fac\u0103 c\u00e2teodat\u0103 diferen\u021ba. Dar cre\u0219te exponen\u021bial, cu c\u00e2t viteza e mai mare, cu at\u00e2t diferen\u021bele vor fi \u0219i ele mai mari\u201d<\/em>, spune Vali Porci\u0219teanu.<\/p>\n\n\n\n<p>El catalogheaz\u0103 acest comportament al anvelopelor de iarn\u0103 \u00eencinse ca fiind unul asem\u0103n\u0103tor cu cel al unei \u201egume de mestecat\u201d. \u00cen plus, anvelopele se vor uza mai repede din cauza temperaturilor mari pentru care nu au fost create, iar riscul de explozie cre\u0219te din cauza supra\u00eenc\u0103lzirii.<\/p>\n\n\n\n<h2 class=\"wp-block-heading\">\u201eMai bine \u00ee\u021bi cumperi una no name\u201d<\/h2>\n\n\n\n<p>C\u00e2nd vine vorba de achizi\u021bionarea unui set de anvelope, Vali Porci\u0219teanu nu recomand\u0103 anvelopele second-hand. \u00cen schimb, spune c\u0103 ar trebui s\u0103 ne orient\u0103m c\u0103tre anvelope noi. Chiar dac\u0103 bugetul este limitat, consider\u0103 c\u0103 mai bine alegem o anvelop\u0103 de buget nou\u0103, dec\u00e2t una premium deja folosit\u0103 de altcineva \u00eenaintea noastr\u0103.<\/p>\n\n\n\n<p><em>\u201eC\u00e2nd cumperi o anvelop\u0103, dac\u0103 nu ai bani \u0219i vrei s\u0103 faci economie, mai bine cumperi una no name, de\u0219i r\u00e2dem mereu de chinez\u0103riile de pe pia\u021b\u0103, dar m\u0103car \u0219tii c\u0103 al\u0103 e nou. Nu a dat nimeni cu el prin gropi, nu l-a solicitat, nu am mers cu&nbsp;<a href=\"https:\/\/www.promotor.ro\/stiri-auto\/exista-un-avantaj-in-utilizarea-azotului-in-anvelope-mitul-rotilor-umflate-cu-azot-19203556\">presiune<\/a>&nbsp;mare, nu a mers cu presiune mic\u0103 s\u0103-i strice structura\u201d<\/em>, mai adaug\u0103 Vali Porci\u0219teanu.<\/p>\n\n\n\n<p>Folosirea anvelopelor de iarn\u0103 pe timpul verii nu este o solu\u021bie, ci mai degrab\u0103 un compromis riscant, care poate pune \u00een pericol via\u021ba dumneavoastr\u0103 \u0219i a celorlal\u021bi participan\u021bi la trafic. Dac\u0103 totu\u0219i dori\u021bi s\u0103 ave\u021bi doar un set pe care s\u0103 \u00eel folosi\u021bi tot anul, v\u0103 pute\u021bi orienta c\u0103tre ni\u0219te anvelope all-season, chiar dac\u0103 nu sunt neap\u0103rat recomandate tocmai din cauza faptului c\u0103 sunt anvelope care \u00eencearc\u0103 s\u0103 \u00eembine valen\u021bele unui pneu de var\u0103 cu cele ale unui pneu dedicat pentru sezonul rece.<\/p>\n\n\n\n<p>Sursa:promotor<\/p>\n","protected":false},"excerpt":{"rendered":"<p>Este foarte important ca ma\u0219ina noastr\u0103 s\u0103 fie echipat\u0103 cu anvelopele corespunz\u0103toare. Vorbim aici despre dimensiunile corecte, indicele de vitez\u0103<\/p>\n","protected":false},"author":1,"featured_media":101777,"comment_status":"open","ping_status":"closed","sticky":false,"template":"","format":"standard","meta":{"spay_email":"","footnotes":"","jetpack_publicize_message":""},"categories":[82],"tags":[],"class_list":["post-101776","post","type-post","status-publish","format-standard","has-post-thumbnail","hentry","category-auto"],"jetpack_featured_media_url":"https:\/\/i0.wp.com\/realitatearutiera.ro\/wp-content\/uploads\/2023\/08\/vara_iarna.jpg?fit=1000%2C538&ssl=1","jetpack_publicize_connections":[],"jetpack_sharing_enabled":true,"jetpack_shortlink":"https:\/\/wp.me\/p61naM-qty","jetpack-related-posts":[],"_links":{"self":[{"href":"https:\/\/realitatearutiera.ro\/index.php?rest_route=\/wp\/v2\/posts\/101776","targetHints":{"allow":["GET"]}}],"collection":[{"href":"https:\/\/realitatearutiera.ro\/index.php?rest_route=\/wp\/v2\/posts"}],"about":[{"href":"https:\/\/realitatearutiera.ro\/index.php?rest_route=\/wp\/v2\/types\/post"}],"author":[{"embeddable":true,"href":"https:\/\/realitatearutiera.ro\/index.php?rest_route=\/wp\/v2\/users\/1"}],"replies":[{"embeddable":true,"href":"https:\/\/realitatearutiera.ro\/index.php?rest_route=%2Fwp%2Fv2%2Fcomments&post=101776"}],"version-history":[{"count":1,"href":"https:\/\/realitatearutiera.ro\/index.php?rest_route=\/wp\/v2\/posts\/101776\/revisions"}],"predecessor-version":[{"id":101778,"href":"https:\/\/realitatearutiera.ro\/index.php?rest_route=\/wp\/v2\/posts\/101776\/revisions\/101778"}],"wp:featuredmedia":[{"embeddable":true,"href":"https:\/\/realitatearutiera.ro\/index.php?rest_route=\/wp\/v2\/media\/101777"}],"wp:attachment":[{"href":"https:\/\/realitatearutiera.ro\/index.php?rest_route=%2Fwp%2Fv2%2Fmedia&parent=101776"}],"wp:term":[{"taxonomy":"category","embeddable":true,"href":"https:\/\/realitatearutiera.ro\/index.php?rest_route=%2Fwp%2Fv2%2Fcategories&post=101776"},{"taxonomy":"post_tag","embeddable":true,"href":"https:\/\/realitatearutiera.ro\/index.php?rest_route=%2Fwp%2Fv2%2Ftags&post=101776"}],"curies":[{"name":"wp","href":"https:\/\/api.w.org\/{rel}","templated":true}]}}