{"id":10200,"date":"2016-07-01T13:24:10","date_gmt":"2016-07-01T10:24:10","guid":{"rendered":"http:\/\/realitatearutiera.ro\/?p=10200"},"modified":"2016-07-01T13:24:10","modified_gmt":"2016-07-01T10:24:10","slug":"restrictii-de-circulatie-pe-cateva-strazi-din-iasi-pana-in-ora-18-00","status":"publish","type":"post","link":"https:\/\/realitatearutiera.ro\/?p=10200","title":{"rendered":"Restric\u0163ii de circula\u0163ie pe c\u00e2teva str\u0103zi din Iasi p\u00e2n\u0103 \u00een ora 18.00"},"content":{"rendered":"<p>Poli\u0163i\u015ftii vor restric\u0163iona ast\u0103zi circula\u0163ia pe mai multe str\u0103zi centrale din Iasi.<\/p>\n<p>Prim\u0103ria a anun\u0163at ieri c\u0103 a avizat aceast\u0103 m\u0103sur\u0103 \u00een vederea efectu\u0103rii unui transport de \u015fase containere metalice destinate animalelor, \u00een zona Universit\u0103\u0163ii de Medicin\u0103 \u015fi Farmacie \u201eGr. T. Popa\u201c, \u015fi destinate institu\u0163iei.<\/p>\n<p>Potrivit reprezentan\u0163ilor municipalit\u0103\u0163ii, restric\u0163iile sunt valabile \u00een intervalul orar <strong>7.00 &#8211; 18.00<\/strong> pe cinci str\u0103zi, \u00een func\u0163ie de necesit\u0103\u0163i: <strong>str. Universit\u0103\u0163ii (tronson cuprins \u00eentre bd. Independen\u0163ei \u015fi Spitalul de Pneumoftiziologie), str. Dr. I. Cehac (tronson cuprins \u00eentre Spitalul de Pneumoftiziologie \u015fi str. Rece), str. Rece, str. M. Eminescu (tronson cuprins \u00eentre str. Rece \u015fi bd. Independen\u0163ei) \u015fi str. Sf. Teodor (tronson cuprins \u00eentre str. Dr. I. Cehac \u015fi str. M. Eminescu)<\/strong>.<\/p>\n<p>\u201ePoli\u0163ia Municipiului Ia\u015fi &#8211; Biroul Rutier \u015fi Poli\u0163ia Local\u0103 Ia\u015fi vor lua deciziile privind restric\u0163ionarea circula\u0163iei rutiere pentru buna desf\u0103\u015furare a transportului\u201c, se precizeaz\u0103 \u00eentr-un comunicat al prim\u0103riei.<\/p>\n<p>Sursa ziaruldeiasi<\/p>\n","protected":false},"excerpt":{"rendered":"<p>Poli\u0163i\u015ftii vor restric\u0163iona ast\u0103zi circula\u0163ia pe mai multe str\u0103zi centrale din Iasi. Prim\u0103ria a anun\u0163at ieri c\u0103 a avizat aceast\u0103<\/p>\n","protected":false},"author":1,"featured_media":9271,"comment_status":"closed","ping_status":"closed","sticky":false,"template":"","format":"standard","meta":{"spay_email":"","footnotes":"","jetpack_publicize_message":""},"categories":[11],"tags":[],"class_list":["post-10200","post","type-post","status-publish","format-standard","has-post-thumbnail","hentry","category-stiri-interne"],"jetpack_featured_media_url":"https:\/\/i0.wp.com\/realitatearutiera.ro\/wp-content\/uploads\/2016\/06\/drum-inchis-drum-in-lucru-centura-timisoarei.jpg?fit=700%2C467&ssl=1","jetpack_publicize_connections":[],"jetpack_sharing_enabled":true,"jetpack_shortlink":"https:\/\/wp.me\/p61naM-2Ew","jetpack-related-posts":[],"_links":{"self":[{"href":"https:\/\/realitatearutiera.ro\/index.php?rest_route=\/wp\/v2\/posts\/10200","targetHints":{"allow":["GET"]}}],"collection":[{"href":"https:\/\/realitatearutiera.ro\/index.php?rest_route=\/wp\/v2\/posts"}],"about":[{"href":"https:\/\/realitatearutiera.ro\/index.php?rest_route=\/wp\/v2\/types\/post"}],"author":[{"embeddable":true,"href":"https:\/\/realitatearutiera.ro\/index.php?rest_route=\/wp\/v2\/users\/1"}],"replies":[{"embeddable":true,"href":"https:\/\/realitatearutiera.ro\/index.php?rest_route=%2Fwp%2Fv2%2Fcomments&post=10200"}],"version-history":[{"count":1,"href":"https:\/\/realitatearutiera.ro\/index.php?rest_route=\/wp\/v2\/posts\/10200\/revisions"}],"predecessor-version":[{"id":10206,"href":"https:\/\/realitatearutiera.ro\/index.php?rest_route=\/wp\/v2\/posts\/10200\/revisions\/10206"}],"wp:featuredmedia":[{"embeddable":true,"href":"https:\/\/realitatearutiera.ro\/index.php?rest_route=\/wp\/v2\/media\/9271"}],"wp:attachment":[{"href":"https:\/\/realitatearutiera.ro\/index.php?rest_route=%2Fwp%2Fv2%2Fmedia&parent=10200"}],"wp:term":[{"taxonomy":"category","embeddable":true,"href":"https:\/\/realitatearutiera.ro\/index.php?rest_route=%2Fwp%2Fv2%2Fcategories&post=10200"},{"taxonomy":"post_tag","embeddable":true,"href":"https:\/\/realitatearutiera.ro\/index.php?rest_route=%2Fwp%2Fv2%2Ftags&post=10200"}],"curies":[{"name":"wp","href":"https:\/\/api.w.org\/{rel}","templated":true}]}}