{"id":102006,"date":"2023-08-30T09:11:24","date_gmt":"2023-08-30T06:11:24","guid":{"rendered":"https:\/\/realitatearutiera.ro\/?p=102006"},"modified":"2023-08-30T09:11:27","modified_gmt":"2023-08-30T06:11:27","slug":"accident-cu-o-masina-fara-rca-ce-despagubiri-poti-primi","status":"publish","type":"post","link":"https:\/\/realitatearutiera.ro\/?p=102006","title":{"rendered":"Accident cu o ma\u0219in\u0103 f\u0103r\u0103 RCA? Ce desp\u0103gubiri po\u021bi primi"},"content":{"rendered":"\n<p id=\"1\"><strong>Lipsa asigur\u0103rii RCA pentru ma\u0219ina Mercedes decapotabil\u0103 cu care t\u00e2n\u0103rul Vlad Pascu,&nbsp;<a href=\"https:\/\/www.hotnews.ro\/stiri-esential-26491997-tragedia-2-mai-unde-doi-tineri-fost-omorati-masina-baiat-drogat-concluziile-controalelor-anuntate-ministrul-interne.htm\">drogat fiind, a intrat \u00eentr-un grup de opt tineri<\/a>&nbsp;\u00een localitatea 2 Mai, ucig\u00e2nd pe loc doi dintre ei \u0219i r\u0103nind al\u021bi trei, nu ar trebui s\u0103-l scuteasc\u0103 de plata unor daune morale semnificative c\u0103tre victime \u0219i rudele celor deceda\u021bi.<\/strong><\/p>\n\n\n\n<p><img decoding=\"async\" src=\"https:\/\/i0.wp.com\/media.hotnews.ro\/media_server1\/image-2023-05-20-26279251-41-control-trafic.jpg?w=800&#038;ssl=1\" data-recalc-dims=\"1\"><\/p>\n\n\n\n<p>Control \u00een trafic<em>Foto: Inquam Photos \/ Octav Ganea<\/em><\/p>\n\n\n\n<p id=\"2\">Legisla\u021bia RCA prevede c\u0103 victimele \u0219i rudele acestora pot primi desp\u0103gubiri \u00een cazul unui accident provocat de c\u0103tre un vehicul neasigurat RCA sau \u00een cazul unui accident soldat cu v\u0103t\u0103m\u0103ri corporale \u0219i\/sau deces produs de un vehicul neidentificat.<\/p>\n\n\n\n<h2 class=\"wp-block-heading\">Ce faci dac\u0103 e\u0219ti victima unui accident cu o ma\u0219in\u0103 f\u0103r\u0103 RCA<\/h2>\n\n\n\n<p id=\"3\">\u00cen aceste cazuri, p\u0103gubi\u021bii trebuie s\u0103 se adrese c\u0103tre Biroul Asigur\u0103torilor de Autovehicule din Rom\u00e2nia (BAAR), care este&nbsp;<a href=\"https:\/\/www.baar.ro\/fpvs\/organism-de-plata-a-despagubirilor\/\" target=\"_blank\" rel=\"noreferrer noopener\">organism de plat\u0103 \u00een aceste cazuri.<\/a><\/p>\n\n\n\n<p id=\"4\">Important de re\u021binut este c\u0103 dup\u0103 efectuarea pl\u0103\u021bilor, BAAR va deschide proces \u00een instan\u021b\u0103 pentru a recupera sumele pl\u0103tite drept desp\u0103gubire de la persoana vinovat\u0103 de producerea accidentului.<\/p>\n\n\n\n<p id=\"5\">Primul pas pe care trebuie s\u0103-l faci dac\u0103 e\u0219ti victima unui accident cu o ma\u0219in\u0103 f\u0103r\u0103 RCA este s\u0103 contactezi Poli\u021bia pentru a intocmi Proces Verbal de constatare a evenimentului rutier, a declarat pentru HotNews.ro&nbsp;<a href=\"https:\/\/www.linkedin.com\/in\/talos-florin-liviu-7ba47089\/?originalSubdomain=ro\" target=\"_blank\" rel=\"noreferrer noopener\">Florin Talo\u0219, un broker cu zeci de ani experien\u021b\u0103 \u00een pia\u021ba de asigur\u0103ri.<\/a><\/p>\n\n\n\n<p id=\"6\">Pe baza procesului verbal \u00eentocmit de Poli\u021bie, te adresezi apoi BAAR pentru deschiderea unui dosar de daun\u0103.<\/p>\n\n\n\n<ul class=\"wp-block-list\">\n<li>\u201e\u00cen cazul accidentului din 2 Mai, rudele victimelor ar trebui \u00een primul r\u00e2nd s\u0103 se adreseze Poli\u021biei, s\u0103 intre in posesia unei copii a procesului verbal unde s\u0103 se arate vinovatul \u0219i faptul c\u0103 acestea nu de\u021binea asigurare RCA, dup\u0103 care s\u0103 deschid\u0103 dosar de daun\u0103 la BAAR. Apoi pot cere desp\u0103gubiri pentru daune materiale, daune morale etc.\u201d, a precizat pentru HotNews.ro Florin Talo\u0219, broker \u00een asigur\u0103ri.<\/li>\n<\/ul>\n\n\n\n<p id=\"7\"><a href=\"https:\/\/www.baar.ro\/fpvs\/organism-de-plata-a-despagubirilor\/\" target=\"_blank\" rel=\"noreferrer noopener\"><strong>Vezi procedura \u0219i formularele pentru deschiderea dosarului de daun\u0103<\/strong><\/a><strong><\/strong><\/p>\n\n\n\n<p id=\"8\">Brokerul a subliniat c\u0103 \u0219i dac\u0103 o victim\u0103 ajunge la spital dup\u0103 un astfel de accident de circula\u021bie, spitalul va deschide dosar de daun\u0103.<\/p>\n\n\n\n<ul class=\"wp-block-list\">\n<li>\u201eDac\u0103 exist\u0103 asigurare RCA, spitalul se va adresa asigur\u0103torului, iar dac\u0103 nu se va adresa Poli\u021biei pentru procesul verbal \u0219i apoi deschide dosar de daun\u0103 la BAAR. Biroul auto se duce apoi \u00een instan\u021b\u0103 pentru a recupra banii de la cel vinovat de accidentul auto\u201d,&nbsp;<strong>a explicat acesta.<\/strong><\/li>\n<\/ul>\n\n\n\n<h2 class=\"wp-block-heading\">Ce desp\u0103gubiri se acord\u0103 de regul\u0103 \u00een caz de deces?<\/h2>\n\n\n\n<p id=\"9\">Cele mai mari desp\u0103gubiri apar \u00een cazul accidentelor grave \u00een care mor oameni sau exist\u0103 victime care necesit\u0103 \u00eengrijiri medicale \u00eendelungate ori r\u0103m\u00e2n cu handicap. \u00cen astfel de cazuri se solicita daune morale.<\/p>\n\n\n\n<ul class=\"wp-block-list\">\n<li>\u201eDe obicei lucrurile acestea se rezolv\u0103 prin avoca\u021bi specializa\u021bi. La un moment dat erau \u0219i ni\u0219te firme specializate care te jecm\u0103neau de bani pentru a te reprezenta \u00een instan\u021b\u0103, pentru c\u0103 de obicei acolo se ajunge.<\/li>\n\n\n\n<li>\u00cen caz de deces, sumele acordate de instan\u021be depind de cine e decedat. Una este s\u0103 fie un t\u00e2nar, alta un tat\u0103 de copil sau o mam\u0103 de copii. Situa\u021biile sunt diferite. Limita maxima de desp\u0103gubire este de maxim 6 milioane de euro pentru daune morale, dar instan\u021bele acord\u0103 mult mai pu\u021bin.<\/li>\n\n\n\n<li>\u00cen astfel de cazuri ai nevoie nevoie neap\u0103rat de un avocat specializat care s\u0103 te reprezinte, altfel este greu s\u0103 te descurci. La o daun\u0103 material\u0103, unde \u00ee\u021bi e lovit\u0103 ma\u0219ina te duci la service \u0219i iei un deviz de repara\u021bii, dar c\u00e2nd e vorba de victime \u0219i mai ales de daune morale atunci e greu pentru un cet\u0103\u021bean s\u0103 se descurce\u201d, a declarat pentru HotNews.ro Florin Talo\u0219.<\/li>\n<\/ul>\n\n\n\n<p id=\"10\">Asigurarea obligatorie RCA are dou\u0103 scopuri:<\/p>\n\n\n\n<ul class=\"wp-block-list\">\n<li><strong>protec\u021bia financiar\u0103 a celui vinovat<\/strong>&nbsp;de producerea accidentului. \u00cen lipsa ei p\u0103gubitul din accident poate solicita vinovatului, \u00een justi\u021bie, daune materiale, pentru v\u0103t\u0103m\u0103ri corporale, inclusiv daune morale de valori semnificative, dificil de acoperit de c\u0103tre persoana vinovat\u0103<\/li>\n\n\n\n<li><strong>protec\u021bia financiar\u0103 a persoanei p\u0103gubite<\/strong>, \u00een urma unui accident, pentru a beneficia de o reparare a prejudiciului material \u0219i\/ sau moral suferit, independent de situa\u021bia material\u0103 a celui care a produs dauna (paguba). (Sursa:&nbsp;<a href=\"https:\/\/media.hotnews.ro\/media_server1\/document-2023-08-29-26493081-0-ghidul-rca.pdf\">Ghidul RCA al ASF<\/a>)<\/li>\n<\/ul>\n\n\n\n<p id=\"11\">Orice asigurare RCA, indiferent de pre\u021b, ar trebui s\u0103 acopere plata unor desp\u0103gubiri pentru daune materiale \u00een limita a&nbsp;<strong>1,22 milioane de euro<\/strong>&nbsp;\u0219i plata unor desp\u0103gubiri pentru v\u0103t\u0103m\u0103ri corporale, daune morale \u0219i deces \u00een limita a&nbsp;<strong>6,07 milioane de euro.<\/strong><\/p>\n\n\n\n<h2 class=\"wp-block-heading\">Ce pl\u0103\u021bi pentru deces \u00een accidente produse de ma\u0219ini f\u0103r\u0103 RCA s-au f\u0103cut anul trecut<\/h2>\n\n\n\n<p id=\"12\">La solicitarea HotNews.ro, oficialii Biroului Asigur\u0103torilor Auto (BAAR) au furnizat c\u00e2teva detalii despre situa\u021bia pl\u0103\u021bilor f\u0103cute anul trecut.<\/p>\n\n\n\n<ul class=\"wp-block-list\">\n<li>\u201e\u00cen anul 2022 BAAR a efectuat pl\u0103\u021bi de desp\u0103gubiri pentru deces \u00een 92 de accidente produse prin intermediul unor vehicule neasigurate. Pentru aceste cazuri, s-au pl\u0103tit desp\u0103gubiri \u00een total de 30 de milioane de lei.<\/li>\n\n\n\n<li>E necesar\u0103 precizarea c\u0103, \u00eentr-un caz pot fi una sau mai multe persoane decedate \u0219i persoane v\u0103t\u0103mate.\u201d,&nbsp;<strong>au precizat oficialii BAAR, f\u0103r\u0103 alte detalii.<\/strong><\/li>\n<\/ul>\n\n\n\n<p id=\"13\">Cu alte cuvinte, dauna medie pl\u0103tit\u0103 anul trecut \u00een aceste accidente a dep\u0103\u0219it 326.000 de lei, echivalentul a peste 66.500 de euro.<\/p>\n\n\n\n<h2 class=\"wp-block-heading\">Studiu de caz: Daune morale de 200.000 de euro \u00een cazul unui omor cu o ma\u0219in\u0103 f\u0103r\u0103 RCA<\/h2>\n\n\n\n<p id=\"14\">HotNews.ro a descoperit&nbsp;<a href=\"https:\/\/portal.just.ro\/39\/Lists\/Jurisprudenta\/DispForm.aspx?ID=1227\" target=\"_blank\" rel=\"noreferrer noopener\">\u00een jurispruden\u021ba instan\u021belor din Rom\u00e2nia<\/a>&nbsp;o decizie din anul 2020 a Cur\u021bii de Apel Suceava \u00een cazul unui accident de circula\u021bie comis cu inten\u021bie, cu o ma\u0219in\u0103 f\u0103r\u0103 RCA, ce a avut ca urmare moartea victimei.<\/p>\n\n\n\n<p id=\"15\">Dosarul arat\u0103 c\u0103 totul s-a \u00eent\u00e2mplat seara \u0219i a plecat de la o ceart\u0103 \u00een parcarea unui magazin, unde inculpatul care nu avea permis auto, a condus \u0219i parcat o ma\u0219in\u0103 ne\u00eenmatriculat\u0103, deci f\u0103r\u0103 RCA \u0219i cu un num\u0103r fals de \u00eenmatriculare.<\/p>\n\n\n\n<ul class=\"wp-block-list\">\n<li>\u201eInculpatul \u00eempreun\u0103 cu alte persoane a fost prezent anterior acestei date \u015fi ore la magazinul din localitatea de mai sus, \u00een interiorul c\u0103ruia se situa victima \u00eempreun\u0103 cu so\u0163ia sa, care lucra la acel magazin, iar tot anterior, \u00eentre inculpat \u015fi so\u0163ia victimei a avut loc o ceart\u0103 \u00een leg\u0103tur\u0103 cu modul \u00een care inculpatul a parcat ma\u015fina cu care venise \u00een acel loc, so\u0163ia victimei sus\u0163in\u00e2nd c\u0103 nu trebuie s\u0103 parcheze \u00een preajma magazinului unde lucra, iar inculpatul sus\u0163in\u00e2nd c\u0103 el poate s\u0103 parcheze \u00eentr-un loc public.<\/li>\n\n\n\n<li>Dup\u0103 cum rezult\u0103 tot din declara\u0163iile martorilor, anterior s\u0103v\u00e2r\u015firii accidentului, inculpatul a consumat alcool, bere \u015fi \u0163uic\u0103, dar prin rechizitoriu nu este trimis \u00een judecat\u0103 pentru conducere sub influen\u0163a alcoolului, situa\u0163ia fiind re\u0163inut\u0103 de c\u0103tre instan\u0163\u0103 ca o \u00eemprejurare care caracterizeaz\u0103 celelalte infrac\u0163iuni.<\/li>\n\n\n\n<li>Real este faptul c\u0103 \u015fi aceast\u0103 stare a inculpatului a provocat cearta cu so\u0163ia victimei.<\/li>\n\n\n\n<li>Inculpatul conducea autoturismul \u00een cauz\u0103, care nu era \u00eenmatriculat, avea numere false de \u00eenmatriculare \u015fi nu era asigurat RCA, lucru care nici nu putea fi posibil de vreme ce nu era \u00eenmatriculat, iar inculpatul nu de\u0163inea permis de conducere, fapte pe care acesta le recunoa\u015fte ca atare \u015fi a contestat \u00een fa\u0163a instan\u0163ei doar faptul c\u0103 \u00een cadrul accidentului nu a ac\u0163ionat cu inten\u0163ia de a omor\u00ee victima.<\/li>\n\n\n\n<li>A mai re\u0163inut instan\u0163a c\u0103 dup\u0103 discu\u0163ia contradictorie ar\u0103tat\u0103 mai sus, inculpatul pleac\u0103 din fa\u0163a magazinului la volanul autoturismului \u00een cauz\u0103 \u00eenso\u0163it de martorul (&#8230;), \u00een direc\u0163ia de mers K., iar la un moment dat \u00eentoarce autoturismul spre direc\u0163ia opus\u0103, \u00een sensul de mers K. \u2013 M. \u015fi ajunge cu o vitez\u0103 de 62 km\/h \u00een preajma magazinului, unde \u00eentre timp victima a ie\u015fit din magazin cu o banc\u0103 \u00een m\u00e2n\u0103, s-a postat \u00een mijlocul \u015foselei al\u0103turi de banc\u0103, cu inten\u0163ia v\u0103dit\u0103 de a-l opri pe inculpat.<\/li>\n\n\n\n<li>Inculpatul nu evit\u0103 partea v\u0103t\u0103mat\u0103, de\u015fi putea \u015fi trebuia s\u0103 o evite dac\u0103 nu circula cu vitez\u0103, dac\u0103 era diligent \u015fi nu consuma alcool, \u00eentruc\u00e2t iluminarea locului \u00eei permitea acest lucru, rezult\u00e2nd c\u0103 \u00een final love\u015fte \u00een mod direct victima, care era a\u015fezat\u0103 \u00een mijlocul str\u0103zii l\u00e2ng\u0103 banc\u0103, pe care le proiecteaz\u0103 \u00een aer, victima ajung\u00e2nd pe asfalt, iar banca fiind proiectat\u0103 \u00een martorul O., aflat pe st\u00e2nga \u015foselei \u00een direc\u0163ia de mers a inculpatului, al\u0103turi de mama sa P.<\/li>\n\n\n\n<li>Mai mult, inculpatul nu fr\u00e2neaz\u0103 \u00een mod brusc a\u015fa cum ar fi trebuit s\u0103 fac\u0103, ci accelereaz\u0103 \u015fi \u00ee\u015fi continu\u0103 drumul \u00eempreun\u0103 cu martorul din dreapta sa, \u015fi ajung cu ma\u015fina la locuin\u0163a tat\u0103lui s\u0103u unde o abandoneaz\u0103, dup\u0103 ce \u00een prealabil o acoper\u0103 cu ni\u015fte coceni de porumb, dup\u0103 care, fuge \u015fi se sustrage de urm\u0103rirea penal\u0103.\u201d,&nbsp;<strong>se arat\u0103 \u00een rezumatul acestui dosar.<\/strong><\/li>\n<\/ul>\n\n\n\n<h2 class=\"wp-block-heading\">Decizia primei instan\u021be: 15 ani de \u00eenchisoare cu executare \u0219i daune morale de sute de mii de euro \u00een sarcina BAAR<\/h2>\n\n\n\n<p id=\"16\">Pentru aceste fapte, vinovatul de omor a fost condamnat \u00een prim\u0103 instan\u021b\u0103, \u00een anul 2019, de Tribunalul Boto\u0219ani la 15 ani de \u00eenchisoare cu executare.<\/p>\n\n\n\n<p id=\"17\">Victimele au solicitat daune morale, Tribunalul Boto\u0219ani a obligat Biroul Asigur\u0103torilor de Autovehicule din Rom\u00e2nia (BAAR) s\u0103 pl\u0103teasc\u0103 \u00een locul inculpatului A. daune p\u0103r\u0163ilor civile, dup\u0103 cum urmeaz\u0103:<\/p>\n\n\n\n<ul class=\"wp-block-list\">\n<li>1. B., so\u0163ia supravie\u0163uitoare a victimei C., suma de 30.500 lei, cu titlu de daune materiale plus dob\u00e2nzile legale calculate de la data decesului 13 februarie 2019 \u015fi p\u00e2n\u0103 la achitarea integral\u0103 a debitului \u015fi suma 30.000 euro, cu titlu de daune morale plus dob\u00e2nzile legale \u00eencep\u00e2nd cu data r\u0103m\u00e2nerii definitive a prezentei hot\u0103r\u00e2ri \u015fi p\u00e2n\u0103 la achitarea integral\u0103 a debitului;<\/li>\n\n\n\n<li>2. minorului D., n\u0103scut la (&#8230;), reprezentat prin mama sa B., fiul victimei C., suma de 30.000 euro cu titlu de daune morale plus dob\u00e2nzile legale \u00eencep\u00e2nd cu data r\u0103m\u00e2nerii definitive a prezentei hot\u0103r\u00e2ri \u015fi p\u00e2n\u0103 la achitarea integral\u0103 a debitului;<\/li>\n\n\n\n<li>3. minorei E., n\u0103scut\u0103 la (&#8230;), reprezentat\u0103 prin mama sa B., fiica acesteia din afara c\u0103s\u0103toriei cu victima C., suma 30.000 euro, cu titlu de daune morale plus dob\u00e2nzile legale \u00eencep\u00e2nd cu data r\u0103m\u00e2nerii definitive a prezentei hot\u0103r\u00e2ri \u015fi p\u00e2n\u0103 la achitarea integral\u0103 a debitului;<\/li>\n\n\n\n<li>4. minorei F., fiic\u0103 a victimei C., n\u0103scut\u0103 la (&#8230;), reprezentat\u0103 prin mama sa B., suma 30.000 euro, cu titlu de daune morale plus dob\u00e2nzile legale \u00eencep\u00e2nd cu data r\u0103m\u00e2nerii definitive a prezentei hot\u0103r\u00e2ri \u015fi p\u00e2n\u0103 la achitarea integral\u0103 a debitului;<\/li>\n\n\n\n<li>5. G., tat\u0103l victimei C., suma de 1500 euro, cu titlu de daune materiale plus dob\u00e2nzile legale calculate de la data decesului 13 februarie 2019 \u015fi p\u00e2n\u0103 la achitarea integral\u0103 a debitului \u015fi suma de 30.000 euro cu titlu de daune morale plus dob\u00e2nzile legale \u00eencep\u00e2nd cu data r\u0103m\u00e2nerii definitive a prezentei hot\u0103r\u00e2ri \u015fi p\u00e2n\u0103 la achitarea integral\u0103 a debitului;<\/li>\n\n\n\n<li>6. H., mama victimei C., suma de 30.000 euro, cu titlu de daune morale plus dob\u00e2nzile legale \u00eencep\u00e2nd cu data r\u0103m\u00e2nerii definitive a prezentei hot\u0103r\u00e2ri \u015fi p\u00e2n\u0103 la achitarea integral\u0103 a debitului;<\/li>\n\n\n\n<li>7. I., sora victimei C., suma de 10.000 euro, cu titlu de daune morale plus dob\u00e2nzile legale \u00eencep\u00e2nd cu data r\u0103m\u00e2nerii definitive a prezentei hot\u0103r\u00e2ri \u015fi p\u00e2n\u0103 la achitarea integral\u0103 a debitului;<\/li>\n\n\n\n<li>8. J., sora a victimei C., suma de 10.000 euro, cu titlu de daune morale plus dob\u00e2nzile legale \u00eencep\u00e2nd cu data r\u0103m\u00e2nerii definitive a prezentei hot\u0103r\u00e2ri \u015fi p\u00e2n\u0103 la achitarea integral\u0103 a debitului;<\/li>\n\n\n\n<li>9. Spitalul Jude\u0163ean de Urgen\u0163\u0103 .., suma de 1224,09 lei cheltuieli ocazionate de spitalizarea victimei C., cu dob\u00e2nda legal\u0103 de la data debitului, 2 februarie 2019 \u015fi p\u00e2n\u0103 la achitarea integral\u0103 a acestuia,<\/li>\n\n\n\n<li>10. Serviciului de Ambulan\u0163\u0103 Jude\u0163ean &#8230; suma de 419 de lei, reprezent\u00e2nd cheltuieli de transport, cu dob\u00e2nda legal\u0103 de la data debitului, 2 februarie 2019 \u015fi p\u00e2n\u0103 la achitarea integral\u0103 a acestuia;<\/li>\n\n\n\n<li>11. Spitalul Clinic de Urgen\u0163\u0103 &#8230; suma de 10918,78 lei cheltuieli ocazionate de spitalizarea victimei C., plus dob\u00e2nda legal\u0103, sume actualizate cu rata de infla\u0163ie la data pl\u0103\u0163ii, \u00eencep\u00e2nd cu data r\u0103m\u00e2nerii definitive a prezentei hot\u0103r\u00e2ri \u015fi p\u00e2n\u0103 la achitarea integral\u0103 a debitului.<\/li>\n<\/ul>\n\n\n\n<p id=\"18\">Decizia Tribunalului Boto\u0219ani a fost atacat\u0103, inclusiv de c\u0103tre BAAR, care a sus\u021binut c\u0103 nu ar trebui s\u0103 pl\u0103teasc\u0103 nimic fiind vorba de un omor \u0219i nu de ucidere din culp\u0103.<\/p>\n\n\n\n<p id=\"19\">\u00cen 2020, Curtea de Apel Suceava a decis c\u0103 \u0219i dac\u0103 accidentul auto a fost comis cu inten\u0163ie, revine BAAR obliga\u0163ia de plat\u0103 a desp\u0103gubirilor civile cauzate prin fapta culpabil\u0103 a inculpatului, cu excep\u0163ia celor suportate de unit\u0103\u0163ile sanitare ce au acordat asisten\u0163\u0103 medical\u0103 victimei, ce vor fi achitate nemijlocit de c\u0103tre autorul infrac\u0163iunii de omor.<\/p>\n\n\n\n<p id=\"20\">\u00cen plus, pedeapsa cu \u00eenchisoarea a fost redus\u0103 la 11 ani \u015fi 5 luni \u00eenchisoare.<\/p>\n\n\n\n<p>Sursa:hotnews<\/p>\n","protected":false},"excerpt":{"rendered":"<p>Lipsa asigur\u0103rii RCA pentru ma\u0219ina Mercedes decapotabil\u0103 cu care t\u00e2n\u0103rul Vlad Pascu,&nbsp;drogat fiind, a intrat \u00eentr-un grup de opt tineri&nbsp;\u00een<\/p>\n","protected":false},"author":1,"featured_media":102007,"comment_status":"open","ping_status":"closed","sticky":false,"template":"","format":"standard","meta":{"spay_email":"","footnotes":"","jetpack_publicize_message":""},"categories":[82],"tags":[],"class_list":["post-102006","post","type-post","status-publish","format-standard","has-post-thumbnail","hentry","category-auto"],"jetpack_featured_media_url":"https:\/\/i0.wp.com\/realitatearutiera.ro\/wp-content\/uploads\/2023\/08\/accident-auto-publimedia-shutterstock.jpg?fit=604%2C454&ssl=1","jetpack_publicize_connections":[],"jetpack_sharing_enabled":true,"jetpack_shortlink":"https:\/\/wp.me\/p61naM-qxg","jetpack-related-posts":[],"_links":{"self":[{"href":"https:\/\/realitatearutiera.ro\/index.php?rest_route=\/wp\/v2\/posts\/102006","targetHints":{"allow":["GET"]}}],"collection":[{"href":"https:\/\/realitatearutiera.ro\/index.php?rest_route=\/wp\/v2\/posts"}],"about":[{"href":"https:\/\/realitatearutiera.ro\/index.php?rest_route=\/wp\/v2\/types\/post"}],"author":[{"embeddable":true,"href":"https:\/\/realitatearutiera.ro\/index.php?rest_route=\/wp\/v2\/users\/1"}],"replies":[{"embeddable":true,"href":"https:\/\/realitatearutiera.ro\/index.php?rest_route=%2Fwp%2Fv2%2Fcomments&post=102006"}],"version-history":[{"count":1,"href":"https:\/\/realitatearutiera.ro\/index.php?rest_route=\/wp\/v2\/posts\/102006\/revisions"}],"predecessor-version":[{"id":102008,"href":"https:\/\/realitatearutiera.ro\/index.php?rest_route=\/wp\/v2\/posts\/102006\/revisions\/102008"}],"wp:featuredmedia":[{"embeddable":true,"href":"https:\/\/realitatearutiera.ro\/index.php?rest_route=\/wp\/v2\/media\/102007"}],"wp:attachment":[{"href":"https:\/\/realitatearutiera.ro\/index.php?rest_route=%2Fwp%2Fv2%2Fmedia&parent=102006"}],"wp:term":[{"taxonomy":"category","embeddable":true,"href":"https:\/\/realitatearutiera.ro\/index.php?rest_route=%2Fwp%2Fv2%2Fcategories&post=102006"},{"taxonomy":"post_tag","embeddable":true,"href":"https:\/\/realitatearutiera.ro\/index.php?rest_route=%2Fwp%2Fv2%2Ftags&post=102006"}],"curies":[{"name":"wp","href":"https:\/\/api.w.org\/{rel}","templated":true}]}}