{"id":102044,"date":"2023-08-30T10:43:08","date_gmt":"2023-08-30T07:43:08","guid":{"rendered":"https:\/\/realitatearutiera.ro\/?p=102044"},"modified":"2023-08-30T10:43:09","modified_gmt":"2023-08-30T07:43:09","slug":"femeie-accidentata-de-un-sofer-care-a-parasit-locul-accidentului","status":"publish","type":"post","link":"https:\/\/realitatearutiera.ro\/?p=102044","title":{"rendered":"Femeie accidentat\u0103 de un \u0219ofer care a p\u0103r\u0103sit locul accidentului"},"content":{"rendered":"\n<p>O femeie se zbate \u00eentre via\u0163\u0103 \u0219i moarte dup\u0103 ce a fost lovit\u0103 de un SUV \u00een miez de noapte. \u015eoferul a fugit de la locul accidentului, abandon\u00e2nd mama care se afla al\u0103turi de copilul ei autist.<\/p>\n\n\n\n<p>Incon\u0219tien\u0163a unor \u0219oferi, dar \u0219i lipsa de orice dram de omenie pare s\u0103 \u00eei \u0219ocheze chiar \u0219i pe poli\u0163i\u015fti.&nbsp;<\/p>\n\n\n\n<p>\u00cen v\u00e2rst\u0103 de 40 de ani, femeia mergea spre cas\u0103, in localitatea P\u0103dureni, comuna Co\u0219ula. Femeia se deplasa pe marginea drumului, \u00eempreun\u0103 cu un b\u0103ie\u0163el, care sufer\u0103 de autism.<\/p>\n\n\n\n<p>La un moment dat, un Volkswagen Touareg, condus de o femeie de 22 de ani, a trecut cu vitez\u0103 prin dreptul acestora. Autoturismul de mari dimensiuni a acro\u015fat victima cu oglinda din partea dreapt\u0103, aceasta fiind aruncat\u0103 la c\u00e2\u021biva metri \u00een \u0219an\u0163ul de pe marginea drumului.<\/p>\n\n\n\n<p>Realiz\u00e2nd ce a f\u0103cut, cea aflat\u0103 la volan a demarat \u00een goan\u0103 spre Criste\u0219ti, unde a l\u0103sat ma\u015fina \u00een curtea iubitului.<\/p>\n\n\n\n<p>Victima, al\u0103turi de care era copilul ei, care o p\u0103zea, a fost g\u0103sit\u0103 \u00een \u015fan\u0163 de un localnic, care a sunat imediat la 112. O ambulan\u021b\u0103 cu medic a preluat-o pe femeie \u0219i a transportat-o imediat la Urgen\u021be \u00een stare critic\u0103.&nbsp;<\/p>\n\n\n\n<p>La fa\u0163a locului a fost preluat\u0103 o victim\u0103, \u00een v\u00e2rst\u0103 de 40 de ani. Aceasta a fost transportat\u0103 la Urgen\u021be, dup\u0103 care dirijat\u0103 c\u0103tre la\u0219i, cu politraumatism prin accident rutier, traumatism cranio-facial acut deschis. Pacienta se afl\u0103&nbsp;\u00een com\u0103 profund\u0103, intubat\u0103 \u015fi ventilat\u0103 mecanic.<\/p>\n\n\n\n<p>Copilul a fost&nbsp;g\u0103sit l\u00e2ng\u0103 mama plin\u0103 de s\u00e2nge. De\u0219i nu era r\u0103nit, copilul femeii a fost preluat \u0219i el de o ambulan\u0163\u0103, p\u00e2n\u0103 se reu\u0219ea stabilirea unei solu\u0163ii \u00een cazul lui, micu\u0163ul suferind de autism.<\/p>\n\n\n\n<p>La scurt timp, o adev\u0103rat\u0103 v\u00e2n\u0103toare \u00een miez de noapte a fost lansat\u0103 de poli\u0163i\u0219tii boto\u015f\u0103neni. Dup\u0103 c\u00e2teva zeci de minute a fost identificat\u0103 \u0219i ma\u015fina care a produs accidentul, abandonat\u0103, dar \u0219i \u0219oferi\u0163a.<\/p>\n\n\n\n<p>Aceasta a fost preluat\u0103 de un echipaj de poli\u0163ie \u0219i transportat\u0103 la sediul IPJ pentru audieri, urm\u00e2nd s\u0103 le spun\u0103 poli\u0163i\u015ftilor motivul pentru care a p\u0103r\u0103sit locul accidentului \u0219i a \u00eencercat s\u0103 \u00ee\u0219i ascund\u0103 ma\u015fina.<\/p>\n\n\n\n<p>Sursa:antena3<\/p>\n","protected":false},"excerpt":{"rendered":"<p>O femeie se zbate \u00eentre via\u0163\u0103 \u0219i moarte dup\u0103 ce a fost lovit\u0103 de un SUV \u00een miez de noapte.<\/p>\n","protected":false},"author":1,"featured_media":99387,"comment_status":"open","ping_status":"closed","sticky":false,"template":"","format":"standard","meta":{"spay_email":"","footnotes":"","jetpack_publicize_message":""},"categories":[1],"tags":[],"class_list":["post-102044","post","type-post","status-publish","format-standard","has-post-thumbnail","hentry","category-uncategorized"],"jetpack_featured_media_url":"https:\/\/i0.wp.com\/realitatearutiera.ro\/wp-content\/uploads\/2023\/05\/accident-ambulanta-poza-buna_b920cdfaf1.jpg?fit=1920%2C1080&ssl=1","jetpack_publicize_connections":[],"jetpack_sharing_enabled":true,"jetpack_shortlink":"https:\/\/wp.me\/p61naM-qxS","jetpack-related-posts":[],"_links":{"self":[{"href":"https:\/\/realitatearutiera.ro\/index.php?rest_route=\/wp\/v2\/posts\/102044","targetHints":{"allow":["GET"]}}],"collection":[{"href":"https:\/\/realitatearutiera.ro\/index.php?rest_route=\/wp\/v2\/posts"}],"about":[{"href":"https:\/\/realitatearutiera.ro\/index.php?rest_route=\/wp\/v2\/types\/post"}],"author":[{"embeddable":true,"href":"https:\/\/realitatearutiera.ro\/index.php?rest_route=\/wp\/v2\/users\/1"}],"replies":[{"embeddable":true,"href":"https:\/\/realitatearutiera.ro\/index.php?rest_route=%2Fwp%2Fv2%2Fcomments&post=102044"}],"version-history":[{"count":1,"href":"https:\/\/realitatearutiera.ro\/index.php?rest_route=\/wp\/v2\/posts\/102044\/revisions"}],"predecessor-version":[{"id":102045,"href":"https:\/\/realitatearutiera.ro\/index.php?rest_route=\/wp\/v2\/posts\/102044\/revisions\/102045"}],"wp:featuredmedia":[{"embeddable":true,"href":"https:\/\/realitatearutiera.ro\/index.php?rest_route=\/wp\/v2\/media\/99387"}],"wp:attachment":[{"href":"https:\/\/realitatearutiera.ro\/index.php?rest_route=%2Fwp%2Fv2%2Fmedia&parent=102044"}],"wp:term":[{"taxonomy":"category","embeddable":true,"href":"https:\/\/realitatearutiera.ro\/index.php?rest_route=%2Fwp%2Fv2%2Fcategories&post=102044"},{"taxonomy":"post_tag","embeddable":true,"href":"https:\/\/realitatearutiera.ro\/index.php?rest_route=%2Fwp%2Fv2%2Ftags&post=102044"}],"curies":[{"name":"wp","href":"https:\/\/api.w.org\/{rel}","templated":true}]}}