{"id":102046,"date":"2023-08-30T10:54:32","date_gmt":"2023-08-30T07:54:32","guid":{"rendered":"https:\/\/realitatearutiera.ro\/?p=102046"},"modified":"2023-08-30T10:54:34","modified_gmt":"2023-08-30T07:54:34","slug":"accident-grav-in-localitatea-mosna-sibiu","status":"publish","type":"post","link":"https:\/\/realitatearutiera.ro\/?p=102046","title":{"rendered":"Accident grav \u00een localitatea Mo\u0219na, Sibiu"},"content":{"rendered":"\n<p>Poli\u021bi\u0219tii \u0219i pompierii intervin \u00een localitatea Mo\u0219na, la un grav accident rutier. Un b\u0103rbat de 62 de ani, f\u0103r\u0103 permis, a murit, dup\u0103 ce a intrat pe contrasens \u0219i a izbit frontal un alt autoturism.&nbsp;<\/p>\n\n\n\n<p>\u201ePoli\u021bi\u0219tii rutieri intervin la un accident de circula\u021bie deosebit de grav, produs pe DJ 141, \u00een afara localit\u0103\u021bii Mo\u0219na. Traficul este blocat total\u201d, a transmis poli\u021bia \u00eentr-un comunicat de pres\u0103.<\/p>\n\n\n\n<p>La fa\u021ba locului au fost mobilizate \u0219i un echipaj SMURD, o autospecial\u0103 de descarcerare, una de stingere \u0219i un echipaj SAJ.&nbsp;<\/p>\n\n\n\n<figure class=\"wp-block-image\"><img decoding=\"async\" src=\"https:\/\/i1.wp.com\/image.stirileprotv.ro\/media\/images\/680xX\/Aug2023\/62381667.jpg?w=800&#038;ssl=1\" alt=\"\" data-recalc-dims=\"1\"\/><\/figure>\n\n\n\n<p>\u201eDin primele cercet\u0103ri efectuate a rezultat faptul c\u0103, \u00een timp ce conducea un autoturism dinspre Mo\u0219na spre B\u00e2rghi\u0219, din cauze care urmeaz\u0103 a fi stabilite, un b\u0103rbat \u00een v\u00e2rst\u0103 de 62 de ani, din Mo\u0219na, a p\u0103truns pe contrasens \u0219i a intrat \u00een coliziune frontal\u0103 cu autoturismul condus din sens opus de c\u0103tre o femeie \u00een v\u00e2rst\u0103 de 35 de ani, din Agnita\u201d, mai transmite poli\u021bia.<\/p>\n\n\n\n<p>B\u0103rbatul a r\u0103mas \u00eencarcerat \u0219i era incon\u0219tient. El a fost r\u0103nit grav \u0219i a fost declarat decesul de c\u0103tre autorit\u0103\u021bile de la fa\u021ba locului.&nbsp;<\/p>\n\n\n\n<p>De asemenea, femeia de 35 de ani a fost \u00eengrijit\u0103 la fa\u021ba locului de echipajul SMURD \u0219i a fost transportat\u0103&nbsp;la CPU Media\u0219 cu un traumatism toracico-abdominal \u0219i multiple escoria\u021bii.&nbsp;<\/p>\n\n\n\n<p>Poli\u021bia continu\u0103 cercet\u0103rile.<\/p>\n\n\n\n<figure class=\"wp-block-image\"><img decoding=\"async\" src=\"https:\/\/i0.wp.com\/image.stirileprotv.ro\/media\/images\/680xX\/Aug2023\/62381668.jpg?w=800&#038;ssl=1\" alt=\"\" data-recalc-dims=\"1\"\/><\/figure>\n\n\n\n<p>Sursa:\u00a0stirileprotv<\/p>\n","protected":false},"excerpt":{"rendered":"<p>Poli\u021bi\u0219tii \u0219i pompierii intervin \u00een localitatea Mo\u0219na, la un grav accident rutier. Un b\u0103rbat de 62 de ani, f\u0103r\u0103 permis,<\/p>\n","protected":false},"author":1,"featured_media":0,"comment_status":"open","ping_status":"closed","sticky":false,"template":"","format":"standard","meta":{"spay_email":"","footnotes":"","jetpack_publicize_message":""},"categories":[1],"tags":[],"class_list":["post-102046","post","type-post","status-publish","format-standard","hentry","category-uncategorized"],"jetpack_featured_media_url":"","jetpack_publicize_connections":[],"jetpack_sharing_enabled":true,"jetpack_shortlink":"https:\/\/wp.me\/p61naM-qxU","jetpack-related-posts":[],"_links":{"self":[{"href":"https:\/\/realitatearutiera.ro\/index.php?rest_route=\/wp\/v2\/posts\/102046","targetHints":{"allow":["GET"]}}],"collection":[{"href":"https:\/\/realitatearutiera.ro\/index.php?rest_route=\/wp\/v2\/posts"}],"about":[{"href":"https:\/\/realitatearutiera.ro\/index.php?rest_route=\/wp\/v2\/types\/post"}],"author":[{"embeddable":true,"href":"https:\/\/realitatearutiera.ro\/index.php?rest_route=\/wp\/v2\/users\/1"}],"replies":[{"embeddable":true,"href":"https:\/\/realitatearutiera.ro\/index.php?rest_route=%2Fwp%2Fv2%2Fcomments&post=102046"}],"version-history":[{"count":1,"href":"https:\/\/realitatearutiera.ro\/index.php?rest_route=\/wp\/v2\/posts\/102046\/revisions"}],"predecessor-version":[{"id":102047,"href":"https:\/\/realitatearutiera.ro\/index.php?rest_route=\/wp\/v2\/posts\/102046\/revisions\/102047"}],"wp:attachment":[{"href":"https:\/\/realitatearutiera.ro\/index.php?rest_route=%2Fwp%2Fv2%2Fmedia&parent=102046"}],"wp:term":[{"taxonomy":"category","embeddable":true,"href":"https:\/\/realitatearutiera.ro\/index.php?rest_route=%2Fwp%2Fv2%2Fcategories&post=102046"},{"taxonomy":"post_tag","embeddable":true,"href":"https:\/\/realitatearutiera.ro\/index.php?rest_route=%2Fwp%2Fv2%2Ftags&post=102046"}],"curies":[{"name":"wp","href":"https:\/\/api.w.org\/{rel}","templated":true}]}}