{"id":102048,"date":"2023-08-30T11:10:03","date_gmt":"2023-08-30T08:10:03","guid":{"rendered":"https:\/\/realitatearutiera.ro\/?p=102048"},"modified":"2023-08-30T11:10:06","modified_gmt":"2023-08-30T08:10:06","slug":"un-nou-blocaj-pe-dn-1a-dupa-ce-un-autocamion-incarcat-cu-piatra-s-a-rasturnat","status":"publish","type":"post","link":"https:\/\/realitatearutiera.ro\/?p=102048","title":{"rendered":"Un nou blocaj pe DN 1A, dup\u0103 ce un autocamion \u00eenc\u0103rcat cu piatr\u0103 s-a r\u0103sturnat"},"content":{"rendered":"\n<p>Drumul Na\u021bionl 1A este blocat \u00eentre localit\u0103\u021bile Corne\u0219ti \u0219i C\u0103tunu, \u00een jude\u021bul D\u00e2mbovi\u021ba, potrivit Poli\u021biei. Un autocamion \u00eenc\u0103rcat cu piatr\u0103 s-a r\u0103sturnat pe partea carosabil\u0103.<img loading=\"lazy\" decoding=\"async\" src=\"https:\/\/i1.wp.com\/cdn.adh.reperio.news\/image-c\/c6d07679-03f9-4300-8916-86ea7953acf1\/index.jpeg?resize=800%2C429&#038;ssl=1\" alt=\"FOTO Facebook\" width=\"800\" height=\"429\"  data-recalc-dims=\"1\"><\/p>\n\n\n\n<p>FOTO Facebook<\/p>\n\n\n\n<p>Potrivit IPJ D\u00e2mbovi\u021ba, traficul este blocat pe ambele sensuri. P\u00e2n\u0103 la acest moment, nu sunt persoane r\u0103nite.<\/p>\n\n\n\n<p>Poli\u021bi\u0219tii efectueaz\u0103 cercet\u0103ri, urm\u00e2nd s\u0103 stabileasc\u0103 cu exactitate toate \u00eemprejur\u0103rile producerii evenimentului rutier.<\/p>\n\n\n\n<p>\u201e<em>Centrul INFOTRAFIC din Inspectoratul General al Poli\u021biei Rom\u00e2ne informeaz\u0103 c\u0103 pe DN 1A, \u00een zona localit\u0103\u021bii C\u0103tunu, jude\u021bul D\u00e2mbovi\u021ba, un autocamion \u00eenc\u0103rcat cu pietre s-a r\u0103sturnat pe carosabil, drumul fiind afectat de pietrele care au c\u0103zut din acesta. Circula\u021bia rutier\u0103 este oprit\u0103 pe ambele sensuri de mers. Nu au rezultat victime. Se estimeaz\u0103 reluarea traficului \u00een condi\u021bii normale \u00een jurul orei 12:00<\/em>\u201d, anun\u021b\u0103 Centrul INFOTRAFIC.<\/p>\n\n\n\n<p>DN 1 A este blocat \u0219i \u00een localitatea Crevedia, acolo unde au avut loc exploziile de la sta\u021bia ilegal\u0103 GPL.<\/p>\n\n\n\n<p>\u201eT<em>raficul rutier va mai r\u0103m\u00e2ne \u00eenchis c\u00e2teva zile pe DN 1A, \u00een loc. Crevedia, jude\u021bul D\u00e2mbovi\u021ba, pentru efectuarea de c\u0103tre anchetatori a tuturor cercet\u0103rilor ce se impun. Autovehiculele sunt direc\u021bionate pe rutele ocolitoare: DC 77A \u2013 DJ 701B \u2013 DN 7 T\u0103rt\u0103\u0219e\u0219ti (pe sensul c\u0103tre Ploie\u0219ti) \u0219i pe DJ 101B Peri\u0219 \u2013 T\u00e2nc\u0103be\u0219ti \u2013 DN 1 (pe sensul c\u0103tre Bucure\u0219ti)<\/em>\u201d, precizeaz\u0103 sursa citat\u0103.<\/p>\n\n\n\n<h2 class=\"wp-block-heading\">Starea victimelor exploziilor sta\u021biei GPL din Crevedia<\/h2>\n\n\n\n<p>Au fost externa\u021bi 17 pacien\u021bi r\u0103ni\u021bi \u00een<a href=\"https:\/\/adevarul.ro\/stiri-locale\/targoviste\/procurorii-dna-au-descins-la-isu-dambovita-in-2295804.html\">&nbsp;exploziile sta\u021biei GPL din Crevedia<\/a>, arat\u0103 un un raport al Ministerului S\u0103n\u0103t\u0103\u021bii dat publicit\u0103\u021bii mar\u021bi, 29 august 2023.<\/p>\n\n\n\n<p>\u00cens\u0103 trei dintre victime, care sunt intubate \u0219i ventilate mecanic, r\u0103m\u00e2n \u00een stare critic\u0103, \u00een spitalele din Bucure\u0219ti. Iar al\u021bi \u0219ase pacien\u021bi&nbsp; sunt intuba\u021bi \u0219i ventila\u021bi mecanic \u00een unit\u0103\u021bi sanitare din str\u0103in\u0103tate.<\/p>\n\n\n\n<p>Doi dintre pacien\u021bii intuba\u021bi din Rom\u00e2nia se afl\u0103 la&nbsp;Spitalul Clinic de Urgen\u0163\u0103 Bucure\u015fti, iar unul la&nbsp; Spitalul Clinic de Urgen\u0163\u0103 &#8220;Bagdasar Arseni&#8221; Bucure\u015fti.<\/p>\n\n\n\n<p>\u00cen stare medie sau u\u0219oar\u0103 sunt interna\u021bi 24 de pacien\u021bi \u00een spitalele din Bucure\u0219ti, potrivit raportului de pres\u0103 al Ministerului S\u0103n\u0103t\u0103\u021bii. Astfel, 11 pacien\u021bi sunt interna\u021bi la&nbsp;la Spitalul Clinic de Urgen\u0163\u0103 Bucure\u015fti, 8 pacien\u0163i la Spitalul Clinic de Urgen\u0163\u0103 &#8220;Bagdasar Arseni&#8221; Bucure\u015fti, trei la Spitalul Clinic de Urgen\u0163\u0103 Chirurgie Plastic\u0103, Reparatorie \u015fi Arsuri Bucure\u015fti, unul Spitalul Universitar de Urgen\u0163\u0103 Bucure\u015fti \u0219i&nbsp; unul la Spitalul Universitar de Urgen\u0163\u0103 Elias Bucure\u015fti.<\/p>\n\n\n\n<p>Au fost externa\u021bi 17 pacien\u021bi, iar al\u021bi 12 au fost transfera\u021bi la unit\u0103\u021bi sanitare din afara \u021b\u0103rii.&nbsp;\u00cen urma&nbsp;<a href=\"https:\/\/adevarul.ro\/stiri-interne\/evenimente\/explozie-la-crevedia-dambovita-46-de-victime-2295023.html\">exploziilor sta\u021biei GPL din Crevedia<\/a>, de s\u00e2mb\u0103t\u0103, 26 August, au rezultat 58 de victime, dintre care dou\u0103 decese.<\/p>\n\n\n\n<p>Unul din pacien\u0163i transfera\u0163i la Milano este \u00een stare critic\u0103. Acesta&nbsp; are suprafa\u0163\u0103 corporal\u0103 ars\u0103 peste 90%, este intubat \u015fi ventilat mecanic, instabil hemodinamic \u0219i necesit\u0103 suport vasopresor, potrivit raportului citat. Acesta se afl\u0103 \u00eentr-o unitate medical\u0103 \u00eenalt specializat\u0103 \u00een tratarea arsurilor, din Italia.<\/p>\n\n\n\n<p>Cel de-al doilea pacient spitalizat \u00een Milano&nbsp;are suprafa\u0163\u0103 corporal\u0103 ars\u0103 peste 45%, este intubat \u015fi ventilat mecanic, stabil hemodinamic, starea clinic\u0103 f\u0103r\u0103 modific\u0103ri \u00een ultimele 24 de ore.<\/p>\n\n\n\n<p>O alt\u0103 victim\u0103, transferat\u0103 la Bruxelles are suprafa\u0163\u0103 corporal\u0103 ars\u0103 mai mult de 15%,&nbsp; fiind intubata \u015fi ventilata mecanic. Este monitrizat\u0103 intensiv continuu , iar&nbsp; starea sa clinic\u0103 nu a avut modific\u0103ri \u00een ultimele 24 de ore.<\/p>\n\n\n\n<p>Al doilea pacient transferat la un spital din Bruxelles are suprafa\u0163\u0103 corporal\u0103 ars\u0103 peste 20%, este intubat \u015fi ventilat, stabil hemodinamic, f\u0103r\u0103 modific\u0103ri \u00een ultimele 24 de ore.<\/p>\n\n\n\n<p>Pacien\u0163ii transfera\u0163i \u00een Germania la Berlin respir\u0103 spontan, sunt stabili hemodinamic \u0219i au arsuri pe mai mult de 40% din suprafa\u0163a corporal\u0103.<\/p>\n\n\n\n<p>Cei doi pacien\u0163i transfera\u0163i la Graz, \u00een Austria, ce prezint\u0103 o patologie chirurgical\u0103 complicat\u0103 din cauza localiz\u0103rii leziunilor de arsur\u0103 \u015fi a gradului acestora, respir\u0103 spontan \u0219i sunt stabili hemodinamic &#8211; au transmis medicii. La fel \u0219i pacientul transferat la Viena &#8211; Austria, respir\u0103 spontan, este stabil hemodinamic, starea sa clinic\u0103 f\u0103r\u0103 modific\u0103ri \u00een ultimele 24 de ore.<\/p>\n\n\n\n<p>Cei doi pacien\u0163i transfera\u0163i la Lubeck &#8211; Germania&nbsp;prezint\u0103 arsuri pe 40% \u015fi 30% din suprafa\u0163a corpului,&nbsp;sunt intuba\u0163i \u015fi ventila\u0163i mecanic, stabili hemodinamic, \u0219i nu au modific\u0103ri ale st\u0103rii \u00een ultimele 24 de ore.<\/p>\n\n\n\n<p>Pacientul spitalizat la Bergen &#8211; Norvegia, ce are o suprafa\u021b\u0103 ars\u0103 pe 25% din corp,\u00a0 \u00a0 respir\u0103 spontan, este stabil hemodinamic, iar starea sa clinic\u0103 nu a suferit modific\u0103ri \u00een ultimele 24 de ore.\u00a0\u00a0<\/p>\n\n\n\n<p>Sursa:adevarul<\/p>\n","protected":false},"excerpt":{"rendered":"<p>Drumul Na\u021bionl 1A este blocat \u00eentre localit\u0103\u021bile Corne\u0219ti \u0219i C\u0103tunu, \u00een jude\u021bul D\u00e2mbovi\u021ba, potrivit Poli\u021biei. Un autocamion \u00eenc\u0103rcat cu piatr\u0103<\/p>\n","protected":false},"author":1,"featured_media":96612,"comment_status":"open","ping_status":"closed","sticky":false,"template":"","format":"standard","meta":{"spay_email":"","footnotes":"","jetpack_publicize_message":""},"categories":[1],"tags":[],"class_list":["post-102048","post","type-post","status-publish","format-standard","has-post-thumbnail","hentry","category-uncategorized"],"jetpack_featured_media_url":"https:\/\/i1.wp.com\/realitatearutiera.ro\/wp-content\/uploads\/2023\/03\/accident_2777d40c6e.jpg?fit=1920%2C1080&ssl=1","jetpack_publicize_connections":[],"jetpack_sharing_enabled":true,"jetpack_shortlink":"https:\/\/wp.me\/p61naM-qxW","jetpack-related-posts":[],"_links":{"self":[{"href":"https:\/\/realitatearutiera.ro\/index.php?rest_route=\/wp\/v2\/posts\/102048","targetHints":{"allow":["GET"]}}],"collection":[{"href":"https:\/\/realitatearutiera.ro\/index.php?rest_route=\/wp\/v2\/posts"}],"about":[{"href":"https:\/\/realitatearutiera.ro\/index.php?rest_route=\/wp\/v2\/types\/post"}],"author":[{"embeddable":true,"href":"https:\/\/realitatearutiera.ro\/index.php?rest_route=\/wp\/v2\/users\/1"}],"replies":[{"embeddable":true,"href":"https:\/\/realitatearutiera.ro\/index.php?rest_route=%2Fwp%2Fv2%2Fcomments&post=102048"}],"version-history":[{"count":1,"href":"https:\/\/realitatearutiera.ro\/index.php?rest_route=\/wp\/v2\/posts\/102048\/revisions"}],"predecessor-version":[{"id":102049,"href":"https:\/\/realitatearutiera.ro\/index.php?rest_route=\/wp\/v2\/posts\/102048\/revisions\/102049"}],"wp:featuredmedia":[{"embeddable":true,"href":"https:\/\/realitatearutiera.ro\/index.php?rest_route=\/wp\/v2\/media\/96612"}],"wp:attachment":[{"href":"https:\/\/realitatearutiera.ro\/index.php?rest_route=%2Fwp%2Fv2%2Fmedia&parent=102048"}],"wp:term":[{"taxonomy":"category","embeddable":true,"href":"https:\/\/realitatearutiera.ro\/index.php?rest_route=%2Fwp%2Fv2%2Fcategories&post=102048"},{"taxonomy":"post_tag","embeddable":true,"href":"https:\/\/realitatearutiera.ro\/index.php?rest_route=%2Fwp%2Fv2%2Ftags&post=102048"}],"curies":[{"name":"wp","href":"https:\/\/api.w.org\/{rel}","templated":true}]}}