{"id":102266,"date":"2023-09-05T11:31:59","date_gmt":"2023-09-05T08:31:59","guid":{"rendered":"https:\/\/realitatearutiera.ro\/?p=102266"},"modified":"2023-09-05T11:32:01","modified_gmt":"2023-09-05T08:32:01","slug":"accident-la-vaslui-soferul-scos-inconstient-dintre-fiare-o-femeie-si-2-copilasi-au-scapat-nevatamati","status":"publish","type":"post","link":"https:\/\/realitatearutiera.ro\/?p=102266","title":{"rendered":"Accident la Vaslui: \u0218oferul, scos incon\u0219tient dintre fiare. O femeie \u0219i 2 copila\u0219i au sc\u0103pat nev\u0103t\u0103ma\u021bi"},"content":{"rendered":"\n<p>Un grav accident a avut loc seara trecut\u0103 \u00een comuna Bogd\u0103ne\u015fti din jude\u0163ul Vaslui.\u00a0<\/p>\n\n\n\n<p>O ma\u015fin\u0103 \u00een care se aflau patru persoane s-a r\u0103sturnat \u00een afara \u015foselei, iar \u015foferul de 39 de ani a r\u0103mas \u00eencarcerat, fiind incon\u015ftient.<\/p>\n\n\n\n<h2 class=\"wp-block-heading\">\u0218oferul, incon\u0219tient \u00een ma\u0219ina transformat\u0103 \u00een morman de fiare<\/h2>\n\n\n\n<p>Ceilal\u0163i pasageri, o femeie de 24 de ani \u015fi doi copii de 1, respectiv 3 ani au sc\u0103pat f\u0103r\u0103 r\u0103ni, \u00eens\u0103 au fost transporta\u0163i la spitalul din B\u00e2rlad pentru investiga\u0163ii.<\/p>\n\n\n\n<p>\u0218oferul a fost \u015fi el scos dintre fiare \u015fi preluat de o ambulan\u0163\u0103. Poli\u0163i\u015ftii au deschis o anchet\u0103 \u015fi fac cercet\u0103ri pentru a stabili cum s-a produs accidentul.<\/p>\n\n\n\n<p>Sursa:antena\/observator<\/p>\n","protected":false},"excerpt":{"rendered":"<p>Un grav accident a avut loc seara trecut\u0103 \u00een comuna Bogd\u0103ne\u015fti din jude\u0163ul Vaslui.\u00a0 O ma\u015fin\u0103 \u00een care se aflau<\/p>\n","protected":false},"author":1,"featured_media":98109,"comment_status":"open","ping_status":"closed","sticky":false,"template":"","format":"standard","meta":{"spay_email":"","footnotes":"","jetpack_publicize_message":""},"categories":[1],"tags":[],"class_list":["post-102266","post","type-post","status-publish","format-standard","has-post-thumbnail","hentry","category-uncategorized"],"jetpack_featured_media_url":"https:\/\/realitatearutiera.ro\/wp-content\/uploads\/2023\/04\/accident.webp","jetpack_publicize_connections":[],"jetpack_sharing_enabled":true,"jetpack_shortlink":"https:\/\/wp.me\/p61naM-qBs","jetpack-related-posts":[],"_links":{"self":[{"href":"https:\/\/realitatearutiera.ro\/index.php?rest_route=\/wp\/v2\/posts\/102266","targetHints":{"allow":["GET"]}}],"collection":[{"href":"https:\/\/realitatearutiera.ro\/index.php?rest_route=\/wp\/v2\/posts"}],"about":[{"href":"https:\/\/realitatearutiera.ro\/index.php?rest_route=\/wp\/v2\/types\/post"}],"author":[{"embeddable":true,"href":"https:\/\/realitatearutiera.ro\/index.php?rest_route=\/wp\/v2\/users\/1"}],"replies":[{"embeddable":true,"href":"https:\/\/realitatearutiera.ro\/index.php?rest_route=%2Fwp%2Fv2%2Fcomments&post=102266"}],"version-history":[{"count":1,"href":"https:\/\/realitatearutiera.ro\/index.php?rest_route=\/wp\/v2\/posts\/102266\/revisions"}],"predecessor-version":[{"id":102267,"href":"https:\/\/realitatearutiera.ro\/index.php?rest_route=\/wp\/v2\/posts\/102266\/revisions\/102267"}],"wp:featuredmedia":[{"embeddable":true,"href":"https:\/\/realitatearutiera.ro\/index.php?rest_route=\/wp\/v2\/media\/98109"}],"wp:attachment":[{"href":"https:\/\/realitatearutiera.ro\/index.php?rest_route=%2Fwp%2Fv2%2Fmedia&parent=102266"}],"wp:term":[{"taxonomy":"category","embeddable":true,"href":"https:\/\/realitatearutiera.ro\/index.php?rest_route=%2Fwp%2Fv2%2Fcategories&post=102266"},{"taxonomy":"post_tag","embeddable":true,"href":"https:\/\/realitatearutiera.ro\/index.php?rest_route=%2Fwp%2Fv2%2Ftags&post=102266"}],"curies":[{"name":"wp","href":"https:\/\/api.w.org\/{rel}","templated":true}]}}