{"id":102432,"date":"2023-09-08T11:49:13","date_gmt":"2023-09-08T08:49:13","guid":{"rendered":"https:\/\/realitatearutiera.ro\/?p=102432"},"modified":"2023-09-08T11:49:16","modified_gmt":"2023-09-08T08:49:16","slug":"membrii-formatiei-suie-paparude-implicati-intr-un-accident-la-timisoara","status":"publish","type":"post","link":"https:\/\/realitatearutiera.ro\/?p=102432","title":{"rendered":"Membrii formatiei Suie Paparude, implicati intr-un accident la Timi\u0219oara"},"content":{"rendered":"\n<p>Accident, joi dupa-amiaza, pe bulevardul Simion Barnutiu din Timisoara. Cei 3 membri ai trupei Suie Paparude au fost raniti, dupa ce masina in care se aflau, condusa de o femeie, a fost lovita din spate de o dubita.<\/p>\n\n\n\n<figure class=\"wp-block-image size-full\"><img loading=\"lazy\" decoding=\"async\" width=\"728\" height=\"336\" data-attachment-id=\"102433\" data-permalink=\"https:\/\/realitatearutiera.ro\/?attachment_id=102433\" data-orig-file=\"https:\/\/i2.wp.com\/realitatearutiera.ro\/wp-content\/uploads\/2023\/09\/image-11.png?fit=728%2C336&amp;ssl=1\" data-orig-size=\"728,336\" data-comments-opened=\"1\" data-image-meta=\"{&quot;aperture&quot;:&quot;0&quot;,&quot;credit&quot;:&quot;&quot;,&quot;camera&quot;:&quot;&quot;,&quot;caption&quot;:&quot;&quot;,&quot;created_timestamp&quot;:&quot;0&quot;,&quot;copyright&quot;:&quot;&quot;,&quot;focal_length&quot;:&quot;0&quot;,&quot;iso&quot;:&quot;0&quot;,&quot;shutter_speed&quot;:&quot;0&quot;,&quot;title&quot;:&quot;&quot;,&quot;orientation&quot;:&quot;0&quot;}\" data-image-title=\"image-11\" data-image-description=\"\" data-medium-file=\"https:\/\/i2.wp.com\/realitatearutiera.ro\/wp-content\/uploads\/2023\/09\/image-11.png?fit=300%2C138&amp;ssl=1\" data-large-file=\"https:\/\/i2.wp.com\/realitatearutiera.ro\/wp-content\/uploads\/2023\/09\/image-11.png?fit=728%2C336&amp;ssl=1\" src=\"https:\/\/i2.wp.com\/realitatearutiera.ro\/wp-content\/uploads\/2023\/09\/image-11.png?resize=728%2C336&#038;ssl=1\" alt=\"\" class=\"wp-image-102433\" srcset=\"https:\/\/i2.wp.com\/realitatearutiera.ro\/wp-content\/uploads\/2023\/09\/image-11.png?w=728&amp;ssl=1 728w, https:\/\/i2.wp.com\/realitatearutiera.ro\/wp-content\/uploads\/2023\/09\/image-11.png?resize=300%2C138&amp;ssl=1 300w\" sizes=\"auto, (max-width: 728px) 100vw, 728px\" data-recalc-dims=\"1\" \/><\/figure>\n\n\n\n<p>Cei trei artisti, Michi, Dobrica si Bean, au fost preluati de ambulante si transportati la Spitalul Judetean Timisoara.<br>Din fericire, acestia nu sunt grav raniti.<\/p>\n\n\n\n<blockquote class=\"wp-block-quote is-layout-flow wp-block-quote-is-layout-flow\">\n<p>\u201e<strong>Un b\u0103rbat \u00een v\u00e2rst\u0103 de 40 de ani a condus o autoutilitar\u0103 pe strada Simion B\u0103rnu\u021biu iar la un moment dat ar fi intrat \u00een coliziune cu un autoturism condus de o femeie \u00een v\u00e2rst\u0103 de 44 de ani.<\/strong><\/p>\n\n\n\n<p><strong>\u00cen urma impactului au rezultat trei victime, respectiv doi b\u0103rba\u021bi \u00een v\u00e2rst\u0103 de 43 de ani \u0219i un b\u0103rbat \u00een v\u00e2rst\u0103 de 48 de ani, pasageri \u00een autoturismul condus de femeia \u00een v\u00e2rst\u0103 de 44 de ani.<\/strong><\/p>\n\n\n\n<p><strong>\u00cen cauz\u0103 a fost \u00eentocmit un dosar penal sub aspectul s\u0103v\u00e2r\u0219irii infrac\u021biunii de v\u0103t\u0103mare corporal\u0103 din culp\u0103<\/strong>\u201e, transmit reprezentantii IPJ Timis.<\/p>\n\n\n\n<p>Video aici<\/p>\n<\/blockquote>\n\n\n\n<p>Sursa:opiniatimisoarei<\/p>\n","protected":false},"excerpt":{"rendered":"<p>Accident, joi dupa-amiaza, pe bulevardul Simion Barnutiu din Timisoara. Cei 3 membri ai trupei Suie Paparude au fost raniti, dupa<\/p>\n","protected":false},"author":1,"featured_media":0,"comment_status":"open","ping_status":"closed","sticky":false,"template":"","format":"standard","meta":{"spay_email":"","footnotes":"","jetpack_publicize_message":""},"categories":[1],"tags":[],"class_list":["post-102432","post","type-post","status-publish","format-standard","hentry","category-uncategorized"],"jetpack_featured_media_url":"","jetpack_publicize_connections":[],"jetpack_sharing_enabled":true,"jetpack_shortlink":"https:\/\/wp.me\/p61naM-qE8","jetpack-related-posts":[],"_links":{"self":[{"href":"https:\/\/realitatearutiera.ro\/index.php?rest_route=\/wp\/v2\/posts\/102432","targetHints":{"allow":["GET"]}}],"collection":[{"href":"https:\/\/realitatearutiera.ro\/index.php?rest_route=\/wp\/v2\/posts"}],"about":[{"href":"https:\/\/realitatearutiera.ro\/index.php?rest_route=\/wp\/v2\/types\/post"}],"author":[{"embeddable":true,"href":"https:\/\/realitatearutiera.ro\/index.php?rest_route=\/wp\/v2\/users\/1"}],"replies":[{"embeddable":true,"href":"https:\/\/realitatearutiera.ro\/index.php?rest_route=%2Fwp%2Fv2%2Fcomments&post=102432"}],"version-history":[{"count":1,"href":"https:\/\/realitatearutiera.ro\/index.php?rest_route=\/wp\/v2\/posts\/102432\/revisions"}],"predecessor-version":[{"id":102434,"href":"https:\/\/realitatearutiera.ro\/index.php?rest_route=\/wp\/v2\/posts\/102432\/revisions\/102434"}],"wp:attachment":[{"href":"https:\/\/realitatearutiera.ro\/index.php?rest_route=%2Fwp%2Fv2%2Fmedia&parent=102432"}],"wp:term":[{"taxonomy":"category","embeddable":true,"href":"https:\/\/realitatearutiera.ro\/index.php?rest_route=%2Fwp%2Fv2%2Fcategories&post=102432"},{"taxonomy":"post_tag","embeddable":true,"href":"https:\/\/realitatearutiera.ro\/index.php?rest_route=%2Fwp%2Fv2%2Ftags&post=102432"}],"curies":[{"name":"wp","href":"https:\/\/api.w.org\/{rel}","templated":true}]}}