{"id":102754,"date":"2023-09-18T10:45:15","date_gmt":"2023-09-18T07:45:15","guid":{"rendered":"https:\/\/realitatearutiera.ro\/?p=102754"},"modified":"2023-09-18T10:45:18","modified_gmt":"2023-09-18T07:45:18","slug":"restrictii-pe-podul-ovidiu-cum-se-va-circula-in-zona","status":"publish","type":"post","link":"https:\/\/realitatearutiera.ro\/?p=102754","title":{"rendered":"Restric\u021bii pe Podul Ovidiu! Cum se va circula \u00een zon\u0103\u00a0"},"content":{"rendered":"\n<p>D.R.D.P. Constan\u021ba informeaz\u0103 participan\u021bii la trafic c\u0103, \u00eencep\u00e2nd de luni, 18 septembrie 2023, ora 9:00, se instituie restric\u021bii de circula\u021bie \u00een vederea continuarii si finaliz\u0103rii execut\u0103rii lucr\u0103rilor de reabilitare a Podului Ovidiu, situat pe drumul na\u021bional DN 2A, km 196+739, traficul rutier urmand a se desfa\u0219ura pe cate o band\u0103 de circula\u021bie \u00een ambele direc\u021bii.<\/p>\n\n\n\n<blockquote class=\"wp-block-quote is-layout-flow wp-block-quote-is-layout-flow\">\n<p>\u201e\u00cencep\u00e2nd de luni, 18.09.2023, ora 9:00, se vor institui restric\u021bii de circula\u021bie pe podul de pe DN 2A, km 196+739, la Ovidiu, \u00een jude\u021bul Constan\u021ba, pe Calea 2 de circula\u021bie (direc\u021bia de mers Constan\u021ba \u2013 H\u00e2r\u0219ova), pentru a continua \u0219i finaliza lucr\u0103rile de reabilitare a acestui important obiectiv de interes na\u021bional si european.<\/p>\n\n\n\n<p>Podul este amplasat \u00een intravilanul ora\u0219ului Ovidiu, pe drumul na\u021bional DN 2A, care este amplasat \u00een partea de sud-est a Rom\u00e2niei, av\u00e2nd traseul de la Vest c\u0103tre Est \u0219i str\u0103bate zona de platou a teritoriului Dobrogean, travers\u00e2nd canalul Poarta Alb\u0103-Midia-N\u0103vodari.!\u201c &#8211; au mai precizat reprezentan\u021bii CNAIR<\/p>\n<\/blockquote>\n\n\n\n<p>Potrivit DRDP Constan\u021ba\u00a0managementul de trafic este aprobat pana la data de 30.10.2023.\u00a0<\/p>\n\n\n\n<p>Sursa:ziuaconstanta<\/p>\n","protected":false},"excerpt":{"rendered":"<p>D.R.D.P. Constan\u021ba informeaz\u0103 participan\u021bii la trafic c\u0103, \u00eencep\u00e2nd de luni, 18 septembrie 2023, ora 9:00, se instituie restric\u021bii de circula\u021bie<\/p>\n","protected":false},"author":1,"featured_media":102755,"comment_status":"open","ping_status":"closed","sticky":false,"template":"","format":"standard","meta":{"spay_email":"","footnotes":"","jetpack_publicize_message":""},"categories":[54],"tags":[],"class_list":["post-102754","post","type-post","status-publish","format-standard","has-post-thumbnail","hentry","category-informatii-rutiere"],"jetpack_featured_media_url":"https:\/\/i1.wp.com\/realitatearutiera.ro\/wp-content\/uploads\/2023\/09\/descarcare-6.jpeg?fit=263%2C192&ssl=1","jetpack_publicize_connections":[],"jetpack_sharing_enabled":true,"jetpack_shortlink":"https:\/\/wp.me\/p61naM-qJk","jetpack-related-posts":[],"_links":{"self":[{"href":"https:\/\/realitatearutiera.ro\/index.php?rest_route=\/wp\/v2\/posts\/102754","targetHints":{"allow":["GET"]}}],"collection":[{"href":"https:\/\/realitatearutiera.ro\/index.php?rest_route=\/wp\/v2\/posts"}],"about":[{"href":"https:\/\/realitatearutiera.ro\/index.php?rest_route=\/wp\/v2\/types\/post"}],"author":[{"embeddable":true,"href":"https:\/\/realitatearutiera.ro\/index.php?rest_route=\/wp\/v2\/users\/1"}],"replies":[{"embeddable":true,"href":"https:\/\/realitatearutiera.ro\/index.php?rest_route=%2Fwp%2Fv2%2Fcomments&post=102754"}],"version-history":[{"count":1,"href":"https:\/\/realitatearutiera.ro\/index.php?rest_route=\/wp\/v2\/posts\/102754\/revisions"}],"predecessor-version":[{"id":102756,"href":"https:\/\/realitatearutiera.ro\/index.php?rest_route=\/wp\/v2\/posts\/102754\/revisions\/102756"}],"wp:featuredmedia":[{"embeddable":true,"href":"https:\/\/realitatearutiera.ro\/index.php?rest_route=\/wp\/v2\/media\/102755"}],"wp:attachment":[{"href":"https:\/\/realitatearutiera.ro\/index.php?rest_route=%2Fwp%2Fv2%2Fmedia&parent=102754"}],"wp:term":[{"taxonomy":"category","embeddable":true,"href":"https:\/\/realitatearutiera.ro\/index.php?rest_route=%2Fwp%2Fv2%2Fcategories&post=102754"},{"taxonomy":"post_tag","embeddable":true,"href":"https:\/\/realitatearutiera.ro\/index.php?rest_route=%2Fwp%2Fv2%2Ftags&post=102754"}],"curies":[{"name":"wp","href":"https:\/\/api.w.org\/{rel}","templated":true}]}}