{"id":102818,"date":"2023-09-19T11:00:06","date_gmt":"2023-09-19T08:00:06","guid":{"rendered":"https:\/\/realitatearutiera.ro\/?p=102818"},"modified":"2023-09-19T11:00:08","modified_gmt":"2023-09-19T08:00:08","slug":"restrictii-de-trafic-pe-ambele-sensuri-ale-autostrazii-a2-bucuresti-constanta","status":"publish","type":"post","link":"https:\/\/realitatearutiera.ro\/?p=102818","title":{"rendered":"Restric\u021bii de trafic pe ambele sensuri ale Autostr\u0103zii A2 Bucure\u0219ti-Constan\u021ba"},"content":{"rendered":"\n<p>Autorit\u0103\u021bile anun\u021b\u0103, c\u0103 \u00eencep\u00e2nd de mar\u021bi, 19 septembrie, sunt restric\u021bii de trafic pe autostrada A2 Bucure\u0219ti-Constan\u021ba.<\/p>\n\n\n\n<figure class=\"wp-block-image is-resized\"><img loading=\"lazy\" decoding=\"async\" src=\"https:\/\/www.antena3.ro\/thumbs\/big4\/2023\/09\/19\/restrictii-trafic-ambele-sensuri-autostrada-a-2-bucuresti-constanta-lucrari-pod-borcea-858773.webp\" alt=\"Restric\u021bii de trafic pe ambele sensuri ale Autostr\u0103zii A2 Bucure\u0219ti-Constan\u021ba. Continu\u0103 lucr\u0103rile la podul de la Fete\u0219ti\" style=\"width:422px;height:246px\" width=\"422\" height=\"246\"\/><\/figure>\n\n\n\n<p>Sursa foto: Antena 3 CNN de\u00a0<a href=\"https:\/\/www.antena3.ro\/autor\/georgiana-adam.html\">Georgiana Adam<\/a>\u00a0\u00a0\u00a0 | \u00a0\u00a0\u00a019 Sep 2023 \u00a0\u00a0\u2022\u00a0\u00a0 08:15<\/p>\n\n\n\n<p>Centrul Infotrafic din Inspectoratul General al Poli\u021biei Rom\u00e2ne anun\u021b\u0103 c\u0103 \u00eencep\u00e2nd de mar\u021bi, la ora 13:00, se vor institui restrictii de circula\u021bie pe&nbsp;<a href=\"https:\/\/www.antena3.ro\/tag\/autostrada-a2-4352.html\">autostrada A2<\/a>&nbsp;Bucure\u0219ti-Constan\u021ba, pe tronsonul kilometric 143 \u2013 148.&nbsp;<\/p>\n\n\n\n<p>Concret, se va \u00eenchide calea 2 (sensul Constanta-Bucure\u0219ti), traficul urm\u00e2nd a se desf\u0103\u0219ura pe c\u00e2te o band\u0103, \u00een ambele sensuri, pe calea nr.1 (sensul c\u0103tre litoral).&nbsp;<\/p>\n\n\n\n<p>Restric\u021bia se aplic\u0103 pentru a permite continuarea lucr\u0103rilor de reabilitare a Podului peste bra\u021bul Borcea, au precizat autorit\u0103\u021bile.<\/p>\n\n\n\n<p>Poli\u021bi\u0219ti rutieri le recomand\u0103 \u0219oferilor:<\/p>\n\n\n\n<ul class=\"wp-block-list\">\n<li>s\u0103 ruleze cu pruden\u021b\u0103 sporit\u0103<\/li>\n\n\n\n<li>s\u0103 creasc\u0103 distan\u021ba de siguran\u021b\u0103 \u00eentre autovehicule<\/li>\n\n\n\n<li>s\u0103 se asigure \u00eenaintea schimb\u0103rii benzii, semnaliz\u00e2nd din timp aceast\u0103 inten\u021bie<\/li>\n\n\n\n<li>s\u0103 nu opreasc\u0103 \u00een mod nejustificat pe banda de urgen\u021b\u0103.<\/li>\n<\/ul>\n\n\n\n<p>Sursa:antena3<\/p>\n","protected":false},"excerpt":{"rendered":"<p>Autorit\u0103\u021bile anun\u021b\u0103, c\u0103 \u00eencep\u00e2nd de mar\u021bi, 19 septembrie, sunt restric\u021bii de trafic pe autostrada A2 Bucure\u0219ti-Constan\u021ba. Sursa foto: Antena 3<\/p>\n","protected":false},"author":1,"featured_media":92211,"comment_status":"open","ping_status":"closed","sticky":false,"template":"","format":"standard","meta":{"spay_email":"","footnotes":"","jetpack_publicize_message":""},"categories":[54],"tags":[],"class_list":["post-102818","post","type-post","status-publish","format-standard","has-post-thumbnail","hentry","category-informatii-rutiere"],"jetpack_featured_media_url":"https:\/\/realitatearutiera.ro\/wp-content\/uploads\/2022\/11\/info-trafic-observatorulnational-1.webp","jetpack_publicize_connections":[],"jetpack_sharing_enabled":true,"jetpack_shortlink":"https:\/\/wp.me\/p61naM-qKm","jetpack-related-posts":[],"_links":{"self":[{"href":"https:\/\/realitatearutiera.ro\/index.php?rest_route=\/wp\/v2\/posts\/102818","targetHints":{"allow":["GET"]}}],"collection":[{"href":"https:\/\/realitatearutiera.ro\/index.php?rest_route=\/wp\/v2\/posts"}],"about":[{"href":"https:\/\/realitatearutiera.ro\/index.php?rest_route=\/wp\/v2\/types\/post"}],"author":[{"embeddable":true,"href":"https:\/\/realitatearutiera.ro\/index.php?rest_route=\/wp\/v2\/users\/1"}],"replies":[{"embeddable":true,"href":"https:\/\/realitatearutiera.ro\/index.php?rest_route=%2Fwp%2Fv2%2Fcomments&post=102818"}],"version-history":[{"count":1,"href":"https:\/\/realitatearutiera.ro\/index.php?rest_route=\/wp\/v2\/posts\/102818\/revisions"}],"predecessor-version":[{"id":102819,"href":"https:\/\/realitatearutiera.ro\/index.php?rest_route=\/wp\/v2\/posts\/102818\/revisions\/102819"}],"wp:featuredmedia":[{"embeddable":true,"href":"https:\/\/realitatearutiera.ro\/index.php?rest_route=\/wp\/v2\/media\/92211"}],"wp:attachment":[{"href":"https:\/\/realitatearutiera.ro\/index.php?rest_route=%2Fwp%2Fv2%2Fmedia&parent=102818"}],"wp:term":[{"taxonomy":"category","embeddable":true,"href":"https:\/\/realitatearutiera.ro\/index.php?rest_route=%2Fwp%2Fv2%2Fcategories&post=102818"},{"taxonomy":"post_tag","embeddable":true,"href":"https:\/\/realitatearutiera.ro\/index.php?rest_route=%2Fwp%2Fv2%2Ftags&post=102818"}],"curies":[{"name":"wp","href":"https:\/\/api.w.org\/{rel}","templated":true}]}}