{"id":102848,"date":"2023-09-20T09:00:46","date_gmt":"2023-09-20T06:00:46","guid":{"rendered":"https:\/\/realitatearutiera.ro\/?p=102848"},"modified":"2023-09-20T09:00:47","modified_gmt":"2023-09-20T06:00:47","slug":"accident-grav-pe-un-drum-din-cluj-dupa-ce-un-sofer-a-pierdut-controlul-masinii-intr-o-curba","status":"publish","type":"post","link":"https:\/\/realitatearutiera.ro\/?p=102848","title":{"rendered":"Accident Grav pe un drum din Cluj, dup\u0103 ce un \u0219ofer a pierdut controlul ma\u0219inii \u00eentr-o curb\u0103"},"content":{"rendered":"\n<p>Trei oameni au fost r\u0103ni\u0163i seara trecut\u0103, dup\u0103 ce ma\u015finile \u00een care se aflau s-au ciocnit violent. Accidentul s-a petrecut pe o \u015fosea de l\u00e2ng\u0103 municipiul Cluj-Napoca.&nbsp;<\/p>\n\n\n\n<p>\u015eoferul unuia dintre autoturisme ar fi pierdut controlul volanului \u00eentr-o curb\u0103 \u015fi a p\u0103truns pe contrasens, acolo unde a lovit o alt\u0103 ma\u015fin\u0103, care circula regulamentar.&nbsp;Ambii \u015foferi au fost testa\u0163i cu aparatul etilotest, dar rezultatele au fost negative.&nbsp;<\/p>\n\n\n\n<p>Poli\u0163i\u015ftii au deschis acum o anchet\u0103 pentru a stabili cum s-a petrecut mai exact totul.<\/p>\n\n\n\n<p>Sursa:observatornes<\/p>\n","protected":false},"excerpt":{"rendered":"<p>Trei oameni au fost r\u0103ni\u0163i seara trecut\u0103, dup\u0103 ce ma\u015finile \u00een care se aflau s-au ciocnit violent. Accidentul s-a petrecut<\/p>\n","protected":false},"author":1,"featured_media":0,"comment_status":"open","ping_status":"closed","sticky":false,"template":"","format":"standard","meta":{"spay_email":"","footnotes":"","jetpack_publicize_message":""},"categories":[1],"tags":[],"class_list":["post-102848","post","type-post","status-publish","format-standard","hentry","category-uncategorized"],"jetpack_featured_media_url":"","jetpack_publicize_connections":[],"jetpack_sharing_enabled":true,"jetpack_shortlink":"https:\/\/wp.me\/p61naM-qKQ","jetpack-related-posts":[],"_links":{"self":[{"href":"https:\/\/realitatearutiera.ro\/index.php?rest_route=\/wp\/v2\/posts\/102848","targetHints":{"allow":["GET"]}}],"collection":[{"href":"https:\/\/realitatearutiera.ro\/index.php?rest_route=\/wp\/v2\/posts"}],"about":[{"href":"https:\/\/realitatearutiera.ro\/index.php?rest_route=\/wp\/v2\/types\/post"}],"author":[{"embeddable":true,"href":"https:\/\/realitatearutiera.ro\/index.php?rest_route=\/wp\/v2\/users\/1"}],"replies":[{"embeddable":true,"href":"https:\/\/realitatearutiera.ro\/index.php?rest_route=%2Fwp%2Fv2%2Fcomments&post=102848"}],"version-history":[{"count":1,"href":"https:\/\/realitatearutiera.ro\/index.php?rest_route=\/wp\/v2\/posts\/102848\/revisions"}],"predecessor-version":[{"id":102849,"href":"https:\/\/realitatearutiera.ro\/index.php?rest_route=\/wp\/v2\/posts\/102848\/revisions\/102849"}],"wp:attachment":[{"href":"https:\/\/realitatearutiera.ro\/index.php?rest_route=%2Fwp%2Fv2%2Fmedia&parent=102848"}],"wp:term":[{"taxonomy":"category","embeddable":true,"href":"https:\/\/realitatearutiera.ro\/index.php?rest_route=%2Fwp%2Fv2%2Fcategories&post=102848"},{"taxonomy":"post_tag","embeddable":true,"href":"https:\/\/realitatearutiera.ro\/index.php?rest_route=%2Fwp%2Fv2%2Ftags&post=102848"}],"curies":[{"name":"wp","href":"https:\/\/api.w.org\/{rel}","templated":true}]}}