{"id":102850,"date":"2023-09-20T09:07:50","date_gmt":"2023-09-20T06:07:50","guid":{"rendered":"https:\/\/realitatearutiera.ro\/?p=102850"},"modified":"2023-09-20T09:07:54","modified_gmt":"2023-09-20T06:07:54","slug":"mama-si-fiul-sau-loviti-pe-trecerea-de-pietoni","status":"publish","type":"post","link":"https:\/\/realitatearutiera.ro\/?p=102850","title":{"rendered":"Mama \u0219i fiul s\u0103u, lovi\u021bi pe trecerea de pietoni"},"content":{"rendered":"\n<p>O femeie\u00a0\u0219i un\u00a0copil de doi ani\u00a0au\u00a0fost\u00a0lovi\u021bi\u00a0pe o trecere de pietoni \u00een comuna Smeeni, din Buz\u0103u. Momentul a fost surprins de o camer\u0103 de supraveghere. <\/p>\n\n\n\n<p> \u00cen imagini se vede cum mama, care \u021binea\u00a0copilul\u00a0\u00een bra\u021be, p\u0103\u0219e\u0219te pe zebr\u0103. Femeia chiar se uit\u0103 spre st\u00e2nga de unde venea un camion.\u00a0 <\/p>\n\n\n\n<p>Mama \u0219i copilul sunt lovi\u021bi \u00een plin.\u00a0 T\u00e2n\u0103r\u0103 de 21 de ani a fost r\u0103nit\u0103 \u0219i a fost transportat\u0103 la spital pentru \u00eengrijiri medicale. <\/p>\n\n\n\n<p>Poli\u0163i\u015ftii au \u00eentocmit dosar penal \u015fi continu\u0103 cercet\u0103rile.\u00a0 <\/p>\n\n\n\n<p>Doar anul acesta, cel pu\u021bin cinci accidente s-au produs\u00a0\u00een acea zon\u0103.<\/p>\n\n\n\n<p>Sursa:digi24<\/p>\n","protected":false},"excerpt":{"rendered":"<p>O femeie\u00a0\u0219i un\u00a0copil de doi ani\u00a0au\u00a0fost\u00a0lovi\u021bi\u00a0pe o trecere de pietoni \u00een comuna Smeeni, din Buz\u0103u. Momentul a fost surprins de<\/p>\n","protected":false},"author":1,"featured_media":91088,"comment_status":"open","ping_status":"closed","sticky":false,"template":"","format":"standard","meta":{"spay_email":"","footnotes":"","jetpack_publicize_message":""},"categories":[1],"tags":[],"class_list":["post-102850","post","type-post","status-publish","format-standard","has-post-thumbnail","hentry","category-uncategorized"],"jetpack_featured_media_url":"https:\/\/i2.wp.com\/realitatearutiera.ro\/wp-content\/uploads\/2022\/10\/accident-pe-trecerea-de-pietoni_infobraila_4e693518a1.jpg?fit=1920%2C1080&ssl=1","jetpack_publicize_connections":[],"jetpack_sharing_enabled":true,"jetpack_shortlink":"https:\/\/wp.me\/p61naM-qKS","jetpack-related-posts":[],"_links":{"self":[{"href":"https:\/\/realitatearutiera.ro\/index.php?rest_route=\/wp\/v2\/posts\/102850","targetHints":{"allow":["GET"]}}],"collection":[{"href":"https:\/\/realitatearutiera.ro\/index.php?rest_route=\/wp\/v2\/posts"}],"about":[{"href":"https:\/\/realitatearutiera.ro\/index.php?rest_route=\/wp\/v2\/types\/post"}],"author":[{"embeddable":true,"href":"https:\/\/realitatearutiera.ro\/index.php?rest_route=\/wp\/v2\/users\/1"}],"replies":[{"embeddable":true,"href":"https:\/\/realitatearutiera.ro\/index.php?rest_route=%2Fwp%2Fv2%2Fcomments&post=102850"}],"version-history":[{"count":1,"href":"https:\/\/realitatearutiera.ro\/index.php?rest_route=\/wp\/v2\/posts\/102850\/revisions"}],"predecessor-version":[{"id":102851,"href":"https:\/\/realitatearutiera.ro\/index.php?rest_route=\/wp\/v2\/posts\/102850\/revisions\/102851"}],"wp:featuredmedia":[{"embeddable":true,"href":"https:\/\/realitatearutiera.ro\/index.php?rest_route=\/wp\/v2\/media\/91088"}],"wp:attachment":[{"href":"https:\/\/realitatearutiera.ro\/index.php?rest_route=%2Fwp%2Fv2%2Fmedia&parent=102850"}],"wp:term":[{"taxonomy":"category","embeddable":true,"href":"https:\/\/realitatearutiera.ro\/index.php?rest_route=%2Fwp%2Fv2%2Fcategories&post=102850"},{"taxonomy":"post_tag","embeddable":true,"href":"https:\/\/realitatearutiera.ro\/index.php?rest_route=%2Fwp%2Fv2%2Ftags&post=102850"}],"curies":[{"name":"wp","href":"https:\/\/api.w.org\/{rel}","templated":true}]}}