{"id":103546,"date":"2023-10-10T08:50:53","date_gmt":"2023-10-10T05:50:53","guid":{"rendered":"https:\/\/realitatearutiera.ro\/?p=103546"},"modified":"2023-10-10T08:50:54","modified_gmt":"2023-10-10T05:50:54","slug":"tragedie-in-spania-trei-persoane-au-murit-dupa-ce-un-autocar-a-scapat-de-sub-control","status":"publish","type":"post","link":"https:\/\/realitatearutiera.ro\/?p=103546","title":{"rendered":"TRAGEDIE \u00een Spania: Trei persoane au murit dup\u0103 ce un autocar a sc\u0103pat de sub control"},"content":{"rendered":"\n<p><strong>Un autocar a sc\u0103pat de sub control \u00een Spania \u0219i a lovit pietonii de pe trotuar, transmite AFP.<\/strong><\/p>\n\n\n\n<p>Trei persoane, toate femei, au murit, iar altele trei au fost grav r\u0103nite, potrivit autorit\u0103\u021bilor. Incidentul s-a petrecut la intrarea \u00een ora\u0219ul Cadiz.<\/p>\n\n\n\n<p>Niciun pasager din autocar nu a fost r\u0103nit. Vehiculul cobora de pe un pasaj c\u00e2nd \u0219oferul a pierdut controlul. \u0218oferul nu consumase alcool sau alte substan\u021be interzise, transmite\u00a0<a rel=\"noreferrer noopener\" href=\"https:\/\/euroweeklynews.com\/2023\/10\/09\/out-of-control-bus-kills-three-in-cadiz\/\" target=\"_blank\">Euroweeklynews.com<\/a>. Potrivit EPA, care citeaz\u0103 un oficial al ora\u0219ului, autocarul a r\u0103mas f\u0103r\u0103 fr\u00e2ne.<\/p>\n\n\n\n<figure class=\"wp-block-image size-full\"><img loading=\"lazy\" decoding=\"async\" width=\"680\" height=\"382\" data-attachment-id=\"103547\" data-permalink=\"https:\/\/realitatearutiera.ro\/?attachment_id=103547\" data-orig-file=\"https:\/\/i2.wp.com\/realitatearutiera.ro\/wp-content\/uploads\/2023\/10\/image-4.png?fit=680%2C382&amp;ssl=1\" data-orig-size=\"680,382\" data-comments-opened=\"1\" data-image-meta=\"{&quot;aperture&quot;:&quot;0&quot;,&quot;credit&quot;:&quot;&quot;,&quot;camera&quot;:&quot;&quot;,&quot;caption&quot;:&quot;&quot;,&quot;created_timestamp&quot;:&quot;0&quot;,&quot;copyright&quot;:&quot;&quot;,&quot;focal_length&quot;:&quot;0&quot;,&quot;iso&quot;:&quot;0&quot;,&quot;shutter_speed&quot;:&quot;0&quot;,&quot;title&quot;:&quot;&quot;,&quot;orientation&quot;:&quot;0&quot;}\" data-image-title=\"image-4\" data-image-description=\"\" data-medium-file=\"https:\/\/i2.wp.com\/realitatearutiera.ro\/wp-content\/uploads\/2023\/10\/image-4.png?fit=300%2C169&amp;ssl=1\" data-large-file=\"https:\/\/i2.wp.com\/realitatearutiera.ro\/wp-content\/uploads\/2023\/10\/image-4.png?fit=680%2C382&amp;ssl=1\" src=\"https:\/\/i2.wp.com\/realitatearutiera.ro\/wp-content\/uploads\/2023\/10\/image-4.png?resize=680%2C382&#038;ssl=1\" alt=\"\" class=\"wp-image-103547\" srcset=\"https:\/\/i2.wp.com\/realitatearutiera.ro\/wp-content\/uploads\/2023\/10\/image-4.png?w=680&amp;ssl=1 680w, https:\/\/i2.wp.com\/realitatearutiera.ro\/wp-content\/uploads\/2023\/10\/image-4.png?resize=300%2C169&amp;ssl=1 300w\" sizes=\"auto, (max-width: 680px) 100vw, 680px\" data-recalc-dims=\"1\" \/><\/figure>\n\n\n\n<p>Sursa:g\u00e2ndul<\/p>\n","protected":false},"excerpt":{"rendered":"<p>Un autocar a sc\u0103pat de sub control \u00een Spania \u0219i a lovit pietonii de pe trotuar, transmite AFP. Trei persoane,<\/p>\n","protected":false},"author":1,"featured_media":103548,"comment_status":"open","ping_status":"closed","sticky":false,"template":"","format":"standard","meta":{"spay_email":"","footnotes":"","jetpack_publicize_message":""},"categories":[12],"tags":[],"class_list":["post-103546","post","type-post","status-publish","format-standard","has-post-thumbnail","hentry","category-stiri-internationale"],"jetpack_featured_media_url":"https:\/\/i0.wp.com\/realitatearutiera.ro\/wp-content\/uploads\/2023\/10\/descarcare-1.jpeg?fit=300%2C168&ssl=1","jetpack_publicize_connections":[],"jetpack_sharing_enabled":true,"jetpack_shortlink":"https:\/\/wp.me\/p61naM-qW6","jetpack-related-posts":[],"_links":{"self":[{"href":"https:\/\/realitatearutiera.ro\/index.php?rest_route=\/wp\/v2\/posts\/103546","targetHints":{"allow":["GET"]}}],"collection":[{"href":"https:\/\/realitatearutiera.ro\/index.php?rest_route=\/wp\/v2\/posts"}],"about":[{"href":"https:\/\/realitatearutiera.ro\/index.php?rest_route=\/wp\/v2\/types\/post"}],"author":[{"embeddable":true,"href":"https:\/\/realitatearutiera.ro\/index.php?rest_route=\/wp\/v2\/users\/1"}],"replies":[{"embeddable":true,"href":"https:\/\/realitatearutiera.ro\/index.php?rest_route=%2Fwp%2Fv2%2Fcomments&post=103546"}],"version-history":[{"count":1,"href":"https:\/\/realitatearutiera.ro\/index.php?rest_route=\/wp\/v2\/posts\/103546\/revisions"}],"predecessor-version":[{"id":103549,"href":"https:\/\/realitatearutiera.ro\/index.php?rest_route=\/wp\/v2\/posts\/103546\/revisions\/103549"}],"wp:featuredmedia":[{"embeddable":true,"href":"https:\/\/realitatearutiera.ro\/index.php?rest_route=\/wp\/v2\/media\/103548"}],"wp:attachment":[{"href":"https:\/\/realitatearutiera.ro\/index.php?rest_route=%2Fwp%2Fv2%2Fmedia&parent=103546"}],"wp:term":[{"taxonomy":"category","embeddable":true,"href":"https:\/\/realitatearutiera.ro\/index.php?rest_route=%2Fwp%2Fv2%2Fcategories&post=103546"},{"taxonomy":"post_tag","embeddable":true,"href":"https:\/\/realitatearutiera.ro\/index.php?rest_route=%2Fwp%2Fv2%2Ftags&post=103546"}],"curies":[{"name":"wp","href":"https:\/\/api.w.org\/{rel}","templated":true}]}}