{"id":103627,"date":"2023-10-11T11:18:41","date_gmt":"2023-10-11T08:18:41","guid":{"rendered":"https:\/\/realitatearutiera.ro\/?p=103627"},"modified":"2023-10-11T11:18:44","modified_gmt":"2023-10-11T08:18:44","slug":"starea-traficului-rutier-in-bucuresti","status":"publish","type":"post","link":"https:\/\/realitatearutiera.ro\/?p=103627","title":{"rendered":"Starea traficului rutier \u00een Bucure\u0219ti"},"content":{"rendered":"\n<p>La data de 11 Octombrie 2023, municipiul Bucure\u0219ti se confrunt\u0103 cu restric\u021bii \u0219i devieri de trafic \u00een mai multe zone, din cauza lucr\u0103rilor desf\u0103\u0219urate la infrastructura rutier\u0103. Conduc\u0103torii auto sunt sf\u0103tui\u021bi s\u0103 fie vigilen\u021bi \u0219i s\u0103 respecte semnifica\u021bia indicatoarelor temporare \u00een aceste zone. Iat\u0103 principalele restric\u021bii \u0219i lucr\u0103ri \u00een desf\u0103\u0219urare:<\/p>\n\n\n\n<ul class=\"wp-block-list\">\n<li><strong>Prelungirea Ghencea<\/strong>: Lucr\u0103ri de supral\u0103rgire a arterei de la Str. G\u00e2rleni p\u00e2n\u0103 la Str. Bra\u0219ov, ceea ce a dus la devieri \u0219i restric\u021bii par\u021biale de trafic.<\/li>\n\n\n\n<li><strong>Str. Turnu M\u0103gurele \u2013 Bd. Alexandru Obregia \u2013 Bd. Metalurgiei<\/strong>: Se lucreaz\u0103 la realizarea unui pasaj rutier suprateran, afect\u00e2nd circula\u021bia \u00een aceast\u0103 zon\u0103.<\/li>\n\n\n\n<li><strong>Pia\u021ba Eroii Revolu\u021biei<\/strong>: Modernizarea zonei implic\u0103 restric\u021bionarea benzilor din apropierea scuarului central, pe ambele sensuri.<\/li>\n\n\n\n<li><strong>\u0218os. Olteni\u021bei \u0219i Bd. Constantin Br\u00e2ncoveanu<\/strong>: Lucr\u0103ri de modernizare a re\u021belei de termoficare necesit\u0103 restric\u021bionarea benzilor \u0219i modific\u0103ri temporare ale sensurilor de circula\u021bie.<\/li>\n\n\n\n<li><strong>Bd. Chi\u0219in\u0103u \u0219i Str. C\u00e2mpia Libert\u0103\u021bii<\/strong>: Alte zone afectate de lucr\u0103ri la re\u021beaua de termoficare, cu impact asupra traficului rutier.<\/li>\n\n\n\n<li><strong>Podul Grant c\u0103tre Calea Grivi\u021bei \u0219i Splaiul Unirii \u00eentre Pod Timpuri Noi \u0219i Pod Mihai Bravu<\/strong>: Lucr\u0103ri de reabilitare a infrastructurii rutiere \u0219i a re\u021belei de ap\u0103, care necesit\u0103 aten\u021bie din partea \u0219oferilor.<\/li>\n\n\n\n<li><strong>\u0218os. Pantelimon \u00eentre \u0218os. Morarilor \u0219i \u0218os. Vergului<\/strong>: Lucr\u0103ri la re\u021beaua de termoficare, cu posibile restric\u021bii de trafic.<\/li>\n<\/ul>\n\n\n\n<p>Accidente rutiere:<\/p>\n\n\n\n<ul class=\"wp-block-list\">\n<li>\u00cen ultimele 24 de ore, au avut loc 11 accidente rutiere \u00een Bucure\u0219ti, soldate cu 11 persoane r\u0103nite u\u0219or.<\/li>\n<\/ul>\n\n\n\n<p>Semaforizare defect\u0103: Intersec\u021bie Calea Vitan cu Splaiul Independen\u021bei (Autovit).<br><br>Conduc\u0103torii auto sunt \u00eendemna\u021bi s\u0103 fie precau\u021bi, s\u0103 respecte semnalele rutiere \u0219i s\u0103 manifeste r\u0103bdare \u00een trafic, av\u00e2nd \u00een vedere condi\u021biile temporare create de lucr\u0103rile desf\u0103\u0219urate \u00een diverse zone ale ora\u0219ului. Toate aceste m\u0103suri sunt luate \u00een vederea \u00eembun\u0103t\u0103\u021birii infrastructurii \u0219i a siguran\u021bei rutiere \u00een Bucure\u0219ti.<\/p>\n\n\n\n<p>Sursa:infotraficromania<\/p>\n","protected":false},"excerpt":{"rendered":"<p>La data de 11 Octombrie 2023, municipiul Bucure\u0219ti se confrunt\u0103 cu restric\u021bii \u0219i devieri de trafic \u00een mai multe zone,<\/p>\n","protected":false},"author":1,"featured_media":101639,"comment_status":"open","ping_status":"closed","sticky":false,"template":"","format":"standard","meta":{"spay_email":"","footnotes":"","jetpack_publicize_message":""},"categories":[54],"tags":[],"class_list":["post-103627","post","type-post","status-publish","format-standard","has-post-thumbnail","hentry","category-informatii-rutiere"],"jetpack_featured_media_url":"https:\/\/i0.wp.com\/realitatearutiera.ro\/wp-content\/uploads\/2023\/08\/infotrafic-e1535778443522.jpg?fit=332%2C231&ssl=1","jetpack_publicize_connections":[],"jetpack_sharing_enabled":true,"jetpack_shortlink":"https:\/\/wp.me\/p61naM-qXp","jetpack-related-posts":[],"_links":{"self":[{"href":"https:\/\/realitatearutiera.ro\/index.php?rest_route=\/wp\/v2\/posts\/103627","targetHints":{"allow":["GET"]}}],"collection":[{"href":"https:\/\/realitatearutiera.ro\/index.php?rest_route=\/wp\/v2\/posts"}],"about":[{"href":"https:\/\/realitatearutiera.ro\/index.php?rest_route=\/wp\/v2\/types\/post"}],"author":[{"embeddable":true,"href":"https:\/\/realitatearutiera.ro\/index.php?rest_route=\/wp\/v2\/users\/1"}],"replies":[{"embeddable":true,"href":"https:\/\/realitatearutiera.ro\/index.php?rest_route=%2Fwp%2Fv2%2Fcomments&post=103627"}],"version-history":[{"count":1,"href":"https:\/\/realitatearutiera.ro\/index.php?rest_route=\/wp\/v2\/posts\/103627\/revisions"}],"predecessor-version":[{"id":103628,"href":"https:\/\/realitatearutiera.ro\/index.php?rest_route=\/wp\/v2\/posts\/103627\/revisions\/103628"}],"wp:featuredmedia":[{"embeddable":true,"href":"https:\/\/realitatearutiera.ro\/index.php?rest_route=\/wp\/v2\/media\/101639"}],"wp:attachment":[{"href":"https:\/\/realitatearutiera.ro\/index.php?rest_route=%2Fwp%2Fv2%2Fmedia&parent=103627"}],"wp:term":[{"taxonomy":"category","embeddable":true,"href":"https:\/\/realitatearutiera.ro\/index.php?rest_route=%2Fwp%2Fv2%2Fcategories&post=103627"},{"taxonomy":"post_tag","embeddable":true,"href":"https:\/\/realitatearutiera.ro\/index.php?rest_route=%2Fwp%2Fv2%2Ftags&post=103627"}],"curies":[{"name":"wp","href":"https:\/\/api.w.org\/{rel}","templated":true}]}}