{"id":104044,"date":"2023-10-23T09:36:05","date_gmt":"2023-10-23T06:36:05","guid":{"rendered":"https:\/\/realitatearutiera.ro\/?p=104044"},"modified":"2023-10-23T09:36:53","modified_gmt":"2023-10-23T06:36:53","slug":"vremea-30","status":"publish","type":"post","link":"https:\/\/realitatearutiera.ro\/?p=104044","title":{"rendered":"Vremea"},"content":{"rendered":"\n<p>Temperaturile care sfideaz\u0103 toamna nu vor mai dura foarte mult, avertizeaz\u0103 ANM. Ne preg\u0103tim de ploi puternice \u015fi chiar fulgi de nea consisten\u0163i.<\/p>\n\n\n\n<figure class=\"wp-block-image is-resized\"><img decoding=\"async\" src=\"https:\/\/www.antena3.ro\/thumbs\/big4\/2023\/10\/23\/vremea-prognoza-meteo-anm-23-octombrie-865150.webp\" alt=\"Vremea se schimb\u0103 radical. Anun\u021bul ANM despre unde lovesc ploile puternice, dar \u015fi primele ninsori\" style=\"aspect-ratio:1.7798165137614679;width:475px;height:auto\"\/><\/figure>\n\n\n\n<p>Sursa foto: Profimedia de\u00a0<a href=\"https:\/\/www.antena3.ro\/autor\/alexandra-dima.html\">Alexandra Dima<\/a>\u00a0\u00a0\u00a0 | \u00a0\u00a0\u00a023 Oct 2023 \u00a0\u00a0\u2022\u00a0\u00a0 07:56<\/p>\n\n\n\n<p>Azi ne bucur\u0103m de vremea deosebit de cald\u0103 pentru data din calendar, mai ales \u00een sud \u0219i \u00een est. Maximele vor atinge pragul unei zile de var\u0103, \u00een timp ce \u00een nordul \u021b\u0103rii temperaturile vor \u00eencepe s\u0103 scad\u0103. Meteorologii au anun\u021bat c\u00e2t mai \u021bine vremea bun\u0103.<\/p>\n\n\n\n<p>Luni, 23 octombrie, conform Administra\u021biei Na\u021bionale de Meteorologie (ANM), vremea va fi cald\u0103 pentru aceast\u0103 dat\u0103, chiar deosebit de cald\u0103 \u00een sud \u015fi sud-est.<\/p>\n\n\n\n<p>Cerul va fi variabil, cu unele \u00eennor\u0103ri \u00een zona de munte \u015fi \u00een sud-estul teritoriului unde doar izolat va ploua slab. Valorile termice vor fi mai sc\u0103zute fa\u0163\u0103 de zilele precedente, astfel temperaturile maxime se vor situa \u00eentre 17 \u015fi 29 grade Celsius, iar cele minime, \u00een general, \u00eentre 2 \u015fi 14 grade. Diminea\u0163a \u015fi noaptea, izolat va fi cea\u0163\u0103.<\/p>\n\n\n\n<p>\u00cen Bucure\u015fti, vremea va fi mai cald\u0103 dec\u00e2t \u00een mod normal pentru aceast\u0103 dat\u0103. Cerul va fi variabil \u00een timpul zilei \u0219i mai mult senin noaptea, iar v\u00e2ntul va sufla cel mult moderat. Temperatura maxim\u0103 se va situa \u00een jurul valorii de 27 de grade, iar cea minim\u0103 va fi de 8\u202611 grade.<\/p>\n\n\n\n<h2 class=\"wp-block-heading\">&#8220;Probabilitate foarte mare pentru ninsori&#8221;<\/h2>\n\n\n\n<p>Speciali\u0219tii ANM au anun\u021bat c\u00e2t ne mai bucur\u0103m de vremea frumoas\u0103.&nbsp; Oana P\u0103duraru,&nbsp;<a href=\"https:\/\/www.antena3.ro\/tag\/meteo-27682.html\">meteo<\/a>rolog ANM, a spus la DC News, unde a spus c\u00e2nd vor c\u0103dea primele z\u0103pezi \u00een Rom\u00e2nia din sezonul de iarn\u0103 2023-2024.<\/p>\n\n\n\n<p>\u201eNu este exclus s\u0103 avem precipita\u021bii sub form\u0103 de ninsoare la \u00eenceputul lunii noiembrie \u0219i chiar la sf\u00e2r\u0219itul lunii octombrie, pentru c\u0103 a\u0219a cum aminteam mai devreme vor mai fi p\u0103trunderi succesive de mase de aer rece, dinspre latitudini nordice, iar masa de aer cald care se afl\u0103 acum \u00een sud, treptat, se va retrage \u0219i desigur c\u0103 sunt favorizate p\u0103trunderile reci.<\/p>\n\n\n\n<p>Estimativ, se pare, totu\u0219i, c\u0103 la finalul lunii octombrie \u2013 chiar dac\u0103 temperaturile r\u0103m\u00e2n la modul general peste cele normale \u2013 exist\u0103 probabilitate foarte mare pentru ninsori&#8221;,&nbsp;a spus meteorologul.&nbsp;<\/p>\n\n\n\n<h2 class=\"wp-block-heading\">Va ploua \u00een vest \u0219i nord<\/h2>\n\n\n\n<p>Mar\u021bi, 24 octombrie, vremea va fi \u00een continuare mai cald\u0103 dec\u00e2t normalul perioadei \u00een toat\u0103 \u021bara. Cerul va avea \u00eennor\u0103ri temporare \u0219i, mai ales \u00een a doua parte a intervalului, va ploua \u00een vestul \u0219i nordul \u021b\u0103rii \u0219i pe arii restr\u00e2nse \u00een rest. V\u00e2ntul va sufla slab \u0219i moderat, cu u\u0219oare intensific\u0103ri \u00een zona montan\u0103 \u00eenalt\u0103 \u0219i pe litoral.<\/p>\n\n\n\n<p>Sursa:antena3<\/p>\n","protected":false},"excerpt":{"rendered":"<p>Temperaturile care sfideaz\u0103 toamna nu vor mai dura foarte mult, avertizeaz\u0103 ANM. Ne preg\u0103tim de ploi puternice \u015fi chiar fulgi<\/p>\n","protected":false},"author":1,"featured_media":102554,"comment_status":"open","ping_status":"closed","sticky":false,"template":"","format":"standard","meta":{"spay_email":"","footnotes":"","jetpack_publicize_message":""},"categories":[6],"tags":[],"class_list":["post-104044","post","type-post","status-publish","format-standard","has-post-thumbnail","hentry","category-social"],"jetpack_featured_media_url":"https:\/\/i1.wp.com\/realitatearutiera.ro\/wp-content\/uploads\/2023\/09\/prognoza-meteo-vremea-e1692194502171.jpg?fit=2121%2C1194&ssl=1","jetpack_publicize_connections":[],"jetpack_sharing_enabled":true,"jetpack_shortlink":"https:\/\/wp.me\/p61naM-r48","jetpack-related-posts":[],"_links":{"self":[{"href":"https:\/\/realitatearutiera.ro\/index.php?rest_route=\/wp\/v2\/posts\/104044","targetHints":{"allow":["GET"]}}],"collection":[{"href":"https:\/\/realitatearutiera.ro\/index.php?rest_route=\/wp\/v2\/posts"}],"about":[{"href":"https:\/\/realitatearutiera.ro\/index.php?rest_route=\/wp\/v2\/types\/post"}],"author":[{"embeddable":true,"href":"https:\/\/realitatearutiera.ro\/index.php?rest_route=\/wp\/v2\/users\/1"}],"replies":[{"embeddable":true,"href":"https:\/\/realitatearutiera.ro\/index.php?rest_route=%2Fwp%2Fv2%2Fcomments&post=104044"}],"version-history":[{"count":2,"href":"https:\/\/realitatearutiera.ro\/index.php?rest_route=\/wp\/v2\/posts\/104044\/revisions"}],"predecessor-version":[{"id":104047,"href":"https:\/\/realitatearutiera.ro\/index.php?rest_route=\/wp\/v2\/posts\/104044\/revisions\/104047"}],"wp:featuredmedia":[{"embeddable":true,"href":"https:\/\/realitatearutiera.ro\/index.php?rest_route=\/wp\/v2\/media\/102554"}],"wp:attachment":[{"href":"https:\/\/realitatearutiera.ro\/index.php?rest_route=%2Fwp%2Fv2%2Fmedia&parent=104044"}],"wp:term":[{"taxonomy":"category","embeddable":true,"href":"https:\/\/realitatearutiera.ro\/index.php?rest_route=%2Fwp%2Fv2%2Fcategories&post=104044"},{"taxonomy":"post_tag","embeddable":true,"href":"https:\/\/realitatearutiera.ro\/index.php?rest_route=%2Fwp%2Fv2%2Ftags&post=104044"}],"curies":[{"name":"wp","href":"https:\/\/api.w.org\/{rel}","templated":true}]}}