{"id":104289,"date":"2023-10-27T09:02:02","date_gmt":"2023-10-27T06:02:02","guid":{"rendered":"https:\/\/realitatearutiera.ro\/?p=104289"},"modified":"2023-10-27T09:02:46","modified_gmt":"2023-10-27T06:02:46","slug":"vremea-31","status":"publish","type":"post","link":"https:\/\/realitatearutiera.ro\/?p=104289","title":{"rendered":"Vremea"},"content":{"rendered":"\n<p>Vineri o s\u0103 fie foarte cald, mai ales \u00een \u021binuturile sudice, iar \u00een sudul Munteniei se pot atinge chiar \u0219i 30 de grade.<\/p>\n\n\n\n<p>Ploile continu\u0103 \u00een vest, \u00een nord \u0219i \u00een centru, iar v\u00e2ntul se intensific\u0103 aproape peste tot.<\/p>\n\n\n\n<h2 class=\"wp-block-heading\">Vremea \u00een \u021bar\u0103<\/h2>\n\n\n\n<p>\u00cen&nbsp;<strong>Dobrogea \u0219i B\u0103r\u0103gan<\/strong>&nbsp;g\u0103sim vreme bun\u0103, soare, \u00eennor\u0103ri trec\u0103toare \u0219i un v\u00e2nt mai insistent \u00een a doua parte a zilei. Temperaturile, mult mai ridicate dec\u00e2t ar fi normal, se apropie de 30 de grade.<\/p>\n\n\n\n<p>Mai sus, \u00een&nbsp;<strong>Moldova sudic\u0103 \u0219i \u00een nordul Munteniei<\/strong>, o s\u0103 fie nefiresc de cald pentru aceast\u0103 perioad\u0103. Se vor atinge 26-27 grade. Se \u00eennoreaz\u0103 din c\u00e2nd \u00een c\u00e2nd, dar e pu\u021bin probabil s\u0103 plou\u0103. Mai pe sear\u0103, v\u00e2ntul prinde putere \u0219i aici.<\/p>\n\n\n\n<p>\u00cen&nbsp;<strong>jum\u0103tatea nordic\u0103 a Moldovei \u0219i \u00een Bucovina<\/strong>, nu prea vedem soarele. Avem o zi cam mohor\u00e2t\u0103 \u0219i o s\u0103 plou\u0103, mai ales \u00een zonele de deal \u0219i de munte. Temperaturile dep\u0103\u0219esc din nou valorile normale \u0219i ajung pe la 23-24 de grade.<\/p>\n\n\n\n<p>\u00cen&nbsp;<strong>nordul Transilvaniei \u0219i \u00een Maramure\u0219<\/strong>&nbsp;g\u0103sim atmosfera \u00eenchis\u0103, ploi frecvente \u0219i cantit\u0103\u021bi mai \u00eensemnate de ap\u0103, \u00een special pe la munte. \u00cen aceast\u0103 zon\u0103 o s\u0103 fie mai r\u0103coare. V\u00e2ntul o s\u0103 bat\u0103 din ce \u00een ce mai tare \u0219i se vor \u00eenregistra cel mult 20 de grade.<\/p>\n\n\n\n<p>\u0218i \u00een&nbsp;<strong>\u021binuturile vestice<\/strong>&nbsp;o s\u0103 plou\u0103 destul de mult. Vor fi averse, pot s\u0103 apar\u0103 desc\u0103rc\u0103ri electrice \u0219i se pot acumula 40 de litri de ap\u0103 pe metru p\u0103trat. Dup\u0103-amiaz\u0103 se intensific\u0103 \u0219i v\u00e2ntul, dar temperaturile r\u0103m\u00e2n ridicate pentru data din calendar.<\/p>\n\n\n\n<p>\u00cen&nbsp;<strong>Transilvania<\/strong>&nbsp;g\u0103sim vreme cald\u0103, \u00eennor\u0103ri persistente \u0219i ploi. Diminea\u021ba sunt condi\u021bii de cea\u021b\u0103 \u00een depresiuni. V\u00e2ntul devine tot mai puternic pe timpul zilei \u0219i temperaturile urc\u0103 p\u00e2n\u0103 la 23 de grade.<\/p>\n\n\n\n<p>Ploile ajung \u0219i \u00een zona&nbsp;<strong>Olteniei<\/strong>. Pot fi \u00eenso\u021bite de fenomene electrice. Apare trec\u0103tor \u0219i soarele, iar maximele, la fel ca joi, ajung pe la 26 de grade.<\/p>\n\n\n\n<p>\u00cen&nbsp;<strong>sudul \u021b\u0103rii<\/strong>&nbsp;domin\u0103 atmosfera \u00eensorit\u0103 \u0219i se mai \u00eenc\u0103lze\u0219te pu\u021bin. Se pot atinge chiar \u0219i 30 de grade \u00een Lunca Dun\u0103rii, iar dup\u0103 l\u0103sarea nop\u021bii s-ar putea s\u0103 apar\u0103 c\u00e2\u021biva stropi de ploaie.<\/p>\n\n\n\n<h2 class=\"wp-block-heading\">Vremea \u00een Bucure\u0219ti<\/h2>\n\n\n\n<p>\u00cen&nbsp;<strong>Bucure\u0219ti<\/strong>&nbsp;se face din nou foarte cald. Amiaza ne-aduce atmosfer\u0103 de var\u0103 \u0219i 27-28 de grade. V\u00e2ntul devine mai insistent, iar la noapte va atinge viteze de 40 Km\/h. \u0218i tot dup\u0103 l\u0103sarea nop\u021bii e posibil s\u0103 picure trec\u0103tor.<\/p>\n\n\n\n<h2 class=\"wp-block-heading\">Vremea la munte<\/h2>\n\n\n\n<p>Vremea r\u0103m\u00e2ne cald\u0103 \u0219i \u00een zonele de&nbsp;<strong>munte<\/strong>, dar apar averse destul de abundente, care pot aduce 40 de litri de ap\u0103 pe metru p\u0103trat. Se porne\u0219te \u0219i v\u00e2ntul, iar pe crestele montane va dep\u0103\u0219i viteze de 90 Kmh.<\/p>\n\n\n\n<p>Sursa:stirileprotv<\/p>\n","protected":false},"excerpt":{"rendered":"<p>Vineri o s\u0103 fie foarte cald, mai ales \u00een \u021binuturile sudice, iar \u00een sudul Munteniei se pot atinge chiar \u0219i<\/p>\n","protected":false},"author":1,"featured_media":90497,"comment_status":"open","ping_status":"closed","sticky":false,"template":"","format":"standard","meta":{"spay_email":"","footnotes":"","jetpack_publicize_message":""},"categories":[6],"tags":[],"class_list":["post-104289","post","type-post","status-publish","format-standard","has-post-thumbnail","hentry","category-social"],"jetpack_featured_media_url":"https:\/\/i1.wp.com\/realitatearutiera.ro\/wp-content\/uploads\/2022\/10\/prognoza-meteo-anm-sambata-1-octombrie-2022-crop-1664976083.jpg?fit=1200%2C630&ssl=1","jetpack_publicize_connections":[],"jetpack_sharing_enabled":true,"jetpack_shortlink":"https:\/\/wp.me\/p61naM-r85","jetpack-related-posts":[],"_links":{"self":[{"href":"https:\/\/realitatearutiera.ro\/index.php?rest_route=\/wp\/v2\/posts\/104289","targetHints":{"allow":["GET"]}}],"collection":[{"href":"https:\/\/realitatearutiera.ro\/index.php?rest_route=\/wp\/v2\/posts"}],"about":[{"href":"https:\/\/realitatearutiera.ro\/index.php?rest_route=\/wp\/v2\/types\/post"}],"author":[{"embeddable":true,"href":"https:\/\/realitatearutiera.ro\/index.php?rest_route=\/wp\/v2\/users\/1"}],"replies":[{"embeddable":true,"href":"https:\/\/realitatearutiera.ro\/index.php?rest_route=%2Fwp%2Fv2%2Fcomments&post=104289"}],"version-history":[{"count":2,"href":"https:\/\/realitatearutiera.ro\/index.php?rest_route=\/wp\/v2\/posts\/104289\/revisions"}],"predecessor-version":[{"id":104292,"href":"https:\/\/realitatearutiera.ro\/index.php?rest_route=\/wp\/v2\/posts\/104289\/revisions\/104292"}],"wp:featuredmedia":[{"embeddable":true,"href":"https:\/\/realitatearutiera.ro\/index.php?rest_route=\/wp\/v2\/media\/90497"}],"wp:attachment":[{"href":"https:\/\/realitatearutiera.ro\/index.php?rest_route=%2Fwp%2Fv2%2Fmedia&parent=104289"}],"wp:term":[{"taxonomy":"category","embeddable":true,"href":"https:\/\/realitatearutiera.ro\/index.php?rest_route=%2Fwp%2Fv2%2Fcategories&post=104289"},{"taxonomy":"post_tag","embeddable":true,"href":"https:\/\/realitatearutiera.ro\/index.php?rest_route=%2Fwp%2Fv2%2Ftags&post=104289"}],"curies":[{"name":"wp","href":"https:\/\/api.w.org\/{rel}","templated":true}]}}