{"id":104295,"date":"2023-10-27T09:16:06","date_gmt":"2023-10-27T06:16:06","guid":{"rendered":"https:\/\/realitatearutiera.ro\/?p=104295"},"modified":"2023-10-27T09:16:09","modified_gmt":"2023-10-27T06:16:09","slug":"soferii-vor-fi-sanctionati-daca-parcheaza-pe-locurile-rezervate-pentru-gravide-si-persoanelor-insotite-de-copii-pana-in-5-ani","status":"publish","type":"post","link":"https:\/\/realitatearutiera.ro\/?p=104295","title":{"rendered":"\u0218oferii vor fi sanc\u021biona\u021bi dac\u0103 parcheaz\u0103 pe locurile rezervate pentru gravide \u0219i persoanelor \u00eenso\u021bite de copii p\u00e2n\u0103 \u00een 5 ani"},"content":{"rendered":"\n<p>O nou\u0103 lege a intrat \u00een vigoare, \u00een Rom\u00e2nia, \u0219i \u00eei sanc\u021bioneaz\u0103 drastic pe \u0219oferi. Cei care parcheaz\u0103 neregulamentar risc\u0103 s\u0103 primeasc\u0103 o amend\u0103 uria\u0219\u0103.<\/p>\n\n\n\n<p><a href=\"https:\/\/legislatie.just.ro\/Public\/DetaliiDocument\/275466\" target=\"_blank\" rel=\"noreferrer noopener\">Legea<\/a>&nbsp;280\/2023 a fost publicat\u0103 \u00een Monitorul Oficial, la jum\u0103tatea lunii octombrie. Aceasta introduce, printre altele, o serie de obliga\u021bii pentru administratorii de parc\u0103ri.<\/p>\n\n\n\n<p>Mai exact, toate centrele comerciale \u0219i institu\u021biile publice sau private au obliga\u021bia s\u0103 asigure locuri de parcare pentru gravide \u0219i persoane \u00eenso\u021bite de copii p\u00e2n\u0103 \u00een 5 ani. Aceast\u0103 obliga\u021bie se aplic\u0103 doar dac\u0103 exist\u0103 cel pu\u021bin 10 locuri de parcare disponibile.<\/p>\n\n\n\n<p>Iar cei care vor parca pe aceste locuri, neregulamentar, vor primi o&nbsp;<a href=\"https:\/\/www.promotor.ro\/stiri-auto\/2023-ce-sanctiuni-poate-da-politia-locala-soferilor-indisciplinati-situatiile-in-care-agentii-nu-i-pot-amenda-19223529\">amend\u0103<\/a>&nbsp;uria\u0219\u0103.<\/p>\n\n\n\n<h2 class=\"wp-block-heading\">Amend\u0103 de 10.000 lei dac\u0103 parchezi neregulamentar<\/h2>\n\n\n\n<p>\u201e<em><strong>Constituie contraven\u021bie \u0219i se sanc\u021bioneaz\u0103 [\u2026] fapta persoanei care folose\u0219te, f\u0103r\u0103 drept, locurile de parcare destinate a fi folosite de femeile gravide \u0219i\/sau persoanele \u00eenso\u021bite de copii cu v\u00e2rsta de p\u00e2n\u0103 la 5 ani, cu amend\u0103 de la 2.000 de lei la 10.000 de lei<\/strong><\/em>\u201d, stabile\u0219te prin Art. 6, lit. C, din legea 280\/2023.<\/p>\n\n\n\n<p>Aceea\u0219i sanc\u021biune o risc\u0103 \u0219i institu\u021biile care de\u021bin cel pu\u021bin 10 locuri de parcare \u0219i nu amenajeaz\u0103 minimum 2 locuri pentru femeile gravide sau pentru persoane \u00eenso\u021bite de copii mici.<\/p>\n\n\n\n<p>Doar poli\u021bi\u0219tii, pompierii sau salvatorii afla\u021bi \u00een exercitarea atribu\u021biilor au dreptul s\u0103 parcheze pe aceste locuri.<\/p>\n\n\n\n<h2 class=\"wp-block-heading\">Locuri de parcare pentru persoane cu handicap<\/h2>\n\n\n\n<p>\u00cen prezent, majoritatea institu\u021biile publice, private \u0219i administratorii de parc\u0103ri publice asigur\u0103 locuri de parcare pentru&nbsp;<a href=\"https:\/\/www.promotor.ro\/stiri-auto\/cine-poate-parca-pe-locurile-pentru-persoane-cu-handicap-cum-arata-noile-carduri-de-parcare-19223470\">persoane<\/a>&nbsp;cu handicap.<\/p>\n\n\n\n<p>\u00cen aceste spa\u021bii au dreptul s\u0103 lase ma\u0219ina to\u021bi cei care de\u021bin un card-legitima\u021bie de parcare.<\/p>\n\n\n\n<p>Conform legii, cardul d\u0103 dreptul at\u00e2t persoanei cu&nbsp;<a href=\"https:\/\/www.promotor.ro\/stiri-auto\/bmw-x6-parcat-persoane-handicap-2021-18825167\">handicap<\/a>, c\u00e2t \u0219i \u00eenso\u021bitorilor sau familiei acesteia s\u0103 parcheze pe locurile special amenajate.<\/p>\n\n\n\n<p>\u201e<em><strong>Persoanele cu handicap sau reprezentan\u021bii legali ai acestora, la cerere, pot beneficia de un card-legitima\u021bie pentru locurile gratuite de parcare. Autovehiculul care transport\u0103 o persoan\u0103 cu handicap posesoare de card-legitima\u021bie beneficiaz\u0103 de parcare gratuit\u0103<\/strong><\/em>\u201d, se precizeaz\u0103 \u00een Art. 65 (2), din&nbsp;Legea&nbsp;448\/2006.<\/p>\n\n\n\n<p>Condi\u021bia este ca legitima\u021bia s\u0103 fie afi\u0219at\u0103 \u00eentr-un loc vizibil, s\u0103 fie valabil\u0103 \u0219i s\u0103 con\u021bin\u0103 toate informa\u021biile.<\/p>\n\n\n\n<p>Sursa:promotor<\/p>\n","protected":false},"excerpt":{"rendered":"<p>O nou\u0103 lege a intrat \u00een vigoare, \u00een Rom\u00e2nia, \u0219i \u00eei sanc\u021bioneaz\u0103 drastic pe \u0219oferi. Cei care parcheaz\u0103 neregulamentar risc\u0103<\/p>\n","protected":false},"author":1,"featured_media":104296,"comment_status":"open","ping_status":"closed","sticky":false,"template":"","format":"standard","meta":{"spay_email":"","footnotes":"","jetpack_publicize_message":""},"categories":[82],"tags":[],"class_list":["post-104295","post","type-post","status-publish","format-standard","has-post-thumbnail","hentry","category-auto"],"jetpack_featured_media_url":"https:\/\/realitatearutiera.ro\/wp-content\/uploads\/2023\/10\/https___www.promotor.ro_wp-content_uploads_2023_10_amenda-usturatoare-daca-parchezi-fara-drept-pe-aceste-locuri-de-rezervate-1-1024x550-1.webp","jetpack_publicize_connections":[],"jetpack_sharing_enabled":true,"jetpack_shortlink":"https:\/\/wp.me\/p61naM-r8b","jetpack-related-posts":[],"_links":{"self":[{"href":"https:\/\/realitatearutiera.ro\/index.php?rest_route=\/wp\/v2\/posts\/104295","targetHints":{"allow":["GET"]}}],"collection":[{"href":"https:\/\/realitatearutiera.ro\/index.php?rest_route=\/wp\/v2\/posts"}],"about":[{"href":"https:\/\/realitatearutiera.ro\/index.php?rest_route=\/wp\/v2\/types\/post"}],"author":[{"embeddable":true,"href":"https:\/\/realitatearutiera.ro\/index.php?rest_route=\/wp\/v2\/users\/1"}],"replies":[{"embeddable":true,"href":"https:\/\/realitatearutiera.ro\/index.php?rest_route=%2Fwp%2Fv2%2Fcomments&post=104295"}],"version-history":[{"count":1,"href":"https:\/\/realitatearutiera.ro\/index.php?rest_route=\/wp\/v2\/posts\/104295\/revisions"}],"predecessor-version":[{"id":104297,"href":"https:\/\/realitatearutiera.ro\/index.php?rest_route=\/wp\/v2\/posts\/104295\/revisions\/104297"}],"wp:featuredmedia":[{"embeddable":true,"href":"https:\/\/realitatearutiera.ro\/index.php?rest_route=\/wp\/v2\/media\/104296"}],"wp:attachment":[{"href":"https:\/\/realitatearutiera.ro\/index.php?rest_route=%2Fwp%2Fv2%2Fmedia&parent=104295"}],"wp:term":[{"taxonomy":"category","embeddable":true,"href":"https:\/\/realitatearutiera.ro\/index.php?rest_route=%2Fwp%2Fv2%2Fcategories&post=104295"},{"taxonomy":"post_tag","embeddable":true,"href":"https:\/\/realitatearutiera.ro\/index.php?rest_route=%2Fwp%2Fv2%2Ftags&post=104295"}],"curies":[{"name":"wp","href":"https:\/\/api.w.org\/{rel}","templated":true}]}}