{"id":104356,"date":"2023-10-30T09:00:43","date_gmt":"2023-10-30T07:00:43","guid":{"rendered":"https:\/\/realitatearutiera.ro\/?p=104356"},"modified":"2023-10-30T09:00:46","modified_gmt":"2023-10-30T07:00:46","slug":"restrictii-de-circulatie-in-judetul-valcea-5","status":"publish","type":"post","link":"https:\/\/realitatearutiera.ro\/?p=104356","title":{"rendered":"Restric\u021bii de circula\u021bie \u00een jude\u021bul V\u00e2lcea"},"content":{"rendered":"\n<h2 class=\"wp-block-heading\">\u00cen cursul zilei de luni, 30 Octombrie 2023, \u00eencep\u00e2nd cu ora 08:00, au loc restric\u021bii de circula\u021bie \u00een jude\u021bul V\u00e2lcea.<\/h2>\n\n\n\n<p>Inspectoratul de Poli\u021bie Jude\u021bean (IPJ) V\u00e2lcea informeaz\u0103 cu privire la restric\u021biile de circula\u021bie programate pentru data de 30 octombrie 2023, av\u00e2nd \u00een vedere lucr\u0103rile de \u00eentre\u021binere \u0219i repara\u021bii care vor fi efectuate pe anumite sectoare de drum din jude\u021bul V\u00e2lcea. Aceste restric\u021bii sunt necesare pentru a asigura siguran\u021ba participan\u021bilor la trafic \u0219i pentru a facilita desf\u0103\u0219urarea \u00een siguran\u021b\u0103 a lucr\u0103rilor.<\/p>\n\n\n\n<ol class=\"wp-block-list\">\n<li><strong>DN 7, km 236+000 \u2013 km 238+000, Robe\u0219ti-C\u00e2ineni:<\/strong><br>Pe acest sector de drum, lucr\u0103rile de repara\u021bii asfaltice vor avea loc \u00eentre orele 8:00 \u0219i 18:00. Circula\u021bia rutier\u0103 va fi dirijat\u0103 pe jum\u0103tate din cale de c\u0103tre pilo\u021bii de circula\u021bie. Este important ca \u0219oferii s\u0103 respecte semnalele \u0219i indica\u021biile acestora pentru a evita orice situa\u021bii nedorite \u0219i pentru a permite desf\u0103\u0219urarea f\u0103r\u0103 probleme a lucr\u0103rilor.<\/li>\n\n\n\n<li><strong>DN 64, km 132+600 \u2013 km 132+800, B\u0103ile Ol\u0103ne\u0219ti:<\/strong><br>\u00cen aceast\u0103 zon\u0103, lucr\u0103rile de \u00eentre\u021binere periodic\u0103 a podului vor fi efectuate, iar circula\u021bia rutier\u0103 va fi restric\u021bionat\u0103 pe jum\u0103tate din cale. Pentru a asigura fluxul adecvat al traficului, semafoare vor fi instalate pentru a dirija vehiculele. \u0218oferii sunt sf\u0103tui\u021bi s\u0103 reduc\u0103 viteza \u0219i s\u0103 respecte semnalele semafoarelor pentru a evita orice incidente.<\/li>\n\n\n\n<li><strong>DN 65C, km 62+000 \u2013 km 65+000, F\u00e2rt\u0103\u021be\u0219ti:<\/strong><br>Pe acest tronson de drum, se vor efectua lucr\u0103ri de colmatare a fisurilor \u00een intervalul orar 08:00 \u2013 16:00. Circula\u021bia rutier\u0103 se va desf\u0103\u0219ura pe jum\u0103tate din cale \u0219i va fi dirijat\u0103 de pilo\u021bii de circula\u021bie. \u0218oferii sunt ruga\u021bi s\u0103 fie aten\u021bi la semnalele acestora \u0219i s\u0103 reduc\u0103 viteza pentru a asigura siguran\u021ba \u00een zon\u0103.<\/li>\n<\/ol>\n\n\n\n<p>Solicit\u0103m tuturor participan\u021bilor la trafic s\u0103 fie aten\u021bi la semnaliz\u0103rile \u0219i indica\u021biile autorit\u0103\u021bilor rutiere \u0219i s\u0103 respecte cu stricte\u021be restric\u021biile de circula\u021bie impuse. Aceste m\u0103suri sunt esen\u021biale pentru siguran\u021ba tuturor celor implica\u021bi \u00een trafic \u0219i pentru buna desf\u0103\u0219urare a lucr\u0103rilor planificate. Vom continua s\u0103 monitoriz\u0103m situa\u021bia traficului \u0219i s\u0103 furniz\u0103m informa\u021bii actualizate pentru a ajuta conduc\u0103torii auto s\u0103 \u00ee\u0219i planifice c\u0103l\u0103toriile \u00een condi\u021bii de siguran\u021b\u0103.<\/p>\n\n\n\n<p>Sursa:infotraficromania<\/p>\n","protected":false},"excerpt":{"rendered":"<p>\u00cen cursul zilei de luni, 30 Octombrie 2023, \u00eencep\u00e2nd cu ora 08:00, au loc restric\u021bii de circula\u021bie \u00een jude\u021bul V\u00e2lcea.<\/p>\n","protected":false},"author":1,"featured_media":92211,"comment_status":"open","ping_status":"closed","sticky":false,"template":"","format":"standard","meta":{"spay_email":"","footnotes":"","jetpack_publicize_message":""},"categories":[54],"tags":[],"class_list":["post-104356","post","type-post","status-publish","format-standard","has-post-thumbnail","hentry","category-informatii-rutiere"],"jetpack_featured_media_url":"https:\/\/realitatearutiera.ro\/wp-content\/uploads\/2022\/11\/info-trafic-observatorulnational-1.webp","jetpack_publicize_connections":[],"jetpack_sharing_enabled":true,"jetpack_shortlink":"https:\/\/wp.me\/p61naM-r9a","jetpack-related-posts":[],"_links":{"self":[{"href":"https:\/\/realitatearutiera.ro\/index.php?rest_route=\/wp\/v2\/posts\/104356","targetHints":{"allow":["GET"]}}],"collection":[{"href":"https:\/\/realitatearutiera.ro\/index.php?rest_route=\/wp\/v2\/posts"}],"about":[{"href":"https:\/\/realitatearutiera.ro\/index.php?rest_route=\/wp\/v2\/types\/post"}],"author":[{"embeddable":true,"href":"https:\/\/realitatearutiera.ro\/index.php?rest_route=\/wp\/v2\/users\/1"}],"replies":[{"embeddable":true,"href":"https:\/\/realitatearutiera.ro\/index.php?rest_route=%2Fwp%2Fv2%2Fcomments&post=104356"}],"version-history":[{"count":1,"href":"https:\/\/realitatearutiera.ro\/index.php?rest_route=\/wp\/v2\/posts\/104356\/revisions"}],"predecessor-version":[{"id":104357,"href":"https:\/\/realitatearutiera.ro\/index.php?rest_route=\/wp\/v2\/posts\/104356\/revisions\/104357"}],"wp:featuredmedia":[{"embeddable":true,"href":"https:\/\/realitatearutiera.ro\/index.php?rest_route=\/wp\/v2\/media\/92211"}],"wp:attachment":[{"href":"https:\/\/realitatearutiera.ro\/index.php?rest_route=%2Fwp%2Fv2%2Fmedia&parent=104356"}],"wp:term":[{"taxonomy":"category","embeddable":true,"href":"https:\/\/realitatearutiera.ro\/index.php?rest_route=%2Fwp%2Fv2%2Fcategories&post=104356"},{"taxonomy":"post_tag","embeddable":true,"href":"https:\/\/realitatearutiera.ro\/index.php?rest_route=%2Fwp%2Fv2%2Ftags&post=104356"}],"curies":[{"name":"wp","href":"https:\/\/api.w.org\/{rel}","templated":true}]}}