{"id":104615,"date":"2023-11-03T11:10:22","date_gmt":"2023-11-03T09:10:22","guid":{"rendered":"https:\/\/realitatearutiera.ro\/?p=104615"},"modified":"2023-11-03T11:10:42","modified_gmt":"2023-11-03T09:10:42","slug":"si-a-distrus-masina-pentru-a-eivita-o-tragedie","status":"publish","type":"post","link":"https:\/\/realitatearutiera.ro\/?p=104615","title":{"rendered":"\u0218i-a distrus ma\u0219ina pentru a evita o tragedie"},"content":{"rendered":"\n<p>Un \u0219ofer de 72 de ani, cadru militar \u00een rezerv\u0103, a fost c\u00e2t pe ce s\u0103 provoace o tragedie, dup\u0103 ce a intrat cu ma\u0219ina pe contrasens.<\/p>\n\n\n\n<p>T\u00e2n\u0103rul cu care era s\u0103 se ciocneasc\u0103 frontal se afla \u00een ma\u0219in\u0103 cu so\u021bia \u0219i doi copii mici. El a evitat la limit\u0103 impactul, \u00eens\u0103 \u0219i-a distrus autoturismul c\u00e2nd a intrat \u00een indicatoarele de pe marginea drumului. Poli\u021bi\u0219tii l-au felicitat pentru prezen\u021ba de spirit, dar \u0219i pentru c\u0103 \u0219i-a protejat copiii \u00een scaune speciale pozi\u021bionate corect.<\/p>\n\n\n\n<h2 class=\"wp-block-heading\">Accidentul, filmat de camera de bord<\/h2>\n\n\n\n<p>Accidentul a fost filmat de camera de bord a ma\u0219inii \u00een care se aflau Alexandru \u0219i familia lui. Mergeau la bunici pe DN 1 c\u00e2nd, \u00een apropierea localita\u021bii B\u0103icoi din Prahova, au fost la un pas s\u0103 fie izbi\u021bi frontal de un \u0219ofer intrat pe sensul lor de mers.<\/p>\n\n\n\n<p><strong>Alexandru Vintil\u0103, \u0219oferul care circula regulamentar:<\/strong>&nbsp;\u201e<em>Instinctul meu a fost s\u0103 trag dreapta de volan, s\u0103-l evit, moment \u00een care am p\u0103truns pu\u021bin pe c\u00e2mp \u0219i am lovit un indicator de drum. S-a spart parbrizul \u0219i au s\u0103rit cioburi. Mi-au intrat cioburi \u00een ochi, dar sunt OK<\/em>\u201d.<\/p>\n\n\n\n<p>R\u0103nit\u0103 u\u0219or de cioburi a fost \u0219i so\u021bia t\u00e2n\u0103rului, care era \u00een spate \u00eempreun\u0103 cu feti\u021bele lor: una de 11 luni, cealalt\u0103 de doi ani \u0219i opt luni. Am\u00e2ndou\u0103 erau asigurate \u00een scaune speciale \u0219i au scap\u0103t doar cu o sperietur\u0103 zdrav\u0103n\u0103.<\/p>\n\n\n\n<p><strong>Alexandru Ni\u021b\u0103, Serviciul Rutier Prahova:&nbsp;<\/strong>\u201e<em>Din punctul nostru de vedere, reac\u021bia \u0219oferului a fost foarte bun\u0103 pe care o recomand\u0103m tuturor \u0219oferilor. Din imaginile surprinse de camera de bord reiese c\u0103 acesta era atent la traficul rutier \u0219i nu desf\u0103\u0219ura alte activit\u0103\u021bi de natur\u0103 de a-i distrage aten\u021bia<\/em>\u201d.<\/p>\n\n\n\n<h2 class=\"wp-block-heading\">\u0218oferul vinovat ar fi \u00eencercat s\u0103 plece de la locul accidentului<\/h2>\n\n\n\n<p>Dup\u0103 ce a provocat accidentul, \u0219oferul vinovat ar fi \u00eencercat s\u0103 plece de la locul accidentului. Pentru c\u0103 Alexandru a cerut ajutor la 112, acesta s-a \u00eentors. Poli\u021bi\u0219tii l-au amendat cu 870 de lei \u0219i i-au luat carnetul pentru trei luni.<\/p>\n\n\n\n<p><strong>Alexandru Ni\u021b\u0103, Serviciul Rutier Prahova:&nbsp;<\/strong>\u201e<em>Motiv\u00e2nd neaten\u021bia \u0219i faptul c\u0103 s-a gr\u0103bit. Vreau s\u0103 \u00een\u021beleag\u0103 to\u021bi participan\u021bii la trafic c\u0103 &#8216;m-am gr\u0103bit&#8217; e doar o formul\u0103 de a c\u0103uta o scuz\u0103<\/em>\u201d.<\/p>\n\n\n\n<p>Poli\u021bi\u0219tii le atrag aten\u021bia \u0219i pasagerilor care stau pe locurile din spate c\u0103 centurile de siguran\u021b\u0103 sunt obligatorii. \u00cen cazul copiilor sub trei ani, este de asemenea obligatoriu ca scaunul lor s\u0103 fie orientat cu fa\u021ba \u00een direc\u021bia opus\u0103 de mers.<\/p>\n\n\n\n<p>Sursa:stirileprotv<\/p>\n","protected":false},"excerpt":{"rendered":"<p>Un \u0219ofer de 72 de ani, cadru militar \u00een rezerv\u0103, a fost c\u00e2t pe ce s\u0103 provoace o tragedie, dup\u0103<\/p>\n","protected":false},"author":1,"featured_media":104616,"comment_status":"open","ping_status":"closed","sticky":false,"template":"","format":"standard","meta":{"spay_email":"","footnotes":"","jetpack_publicize_message":""},"categories":[6],"tags":[],"class_list":["post-104615","post","type-post","status-publish","format-standard","has-post-thumbnail","hentry","category-social"],"jetpack_featured_media_url":"https:\/\/i0.wp.com\/realitatearutiera.ro\/wp-content\/uploads\/2023\/11\/62399145-1.jpg?fit=900%2C600&ssl=1","jetpack_publicize_connections":[],"jetpack_sharing_enabled":true,"jetpack_shortlink":"https:\/\/wp.me\/p61naM-rdl","jetpack-related-posts":[],"_links":{"self":[{"href":"https:\/\/realitatearutiera.ro\/index.php?rest_route=\/wp\/v2\/posts\/104615","targetHints":{"allow":["GET"]}}],"collection":[{"href":"https:\/\/realitatearutiera.ro\/index.php?rest_route=\/wp\/v2\/posts"}],"about":[{"href":"https:\/\/realitatearutiera.ro\/index.php?rest_route=\/wp\/v2\/types\/post"}],"author":[{"embeddable":true,"href":"https:\/\/realitatearutiera.ro\/index.php?rest_route=\/wp\/v2\/users\/1"}],"replies":[{"embeddable":true,"href":"https:\/\/realitatearutiera.ro\/index.php?rest_route=%2Fwp%2Fv2%2Fcomments&post=104615"}],"version-history":[{"count":2,"href":"https:\/\/realitatearutiera.ro\/index.php?rest_route=\/wp\/v2\/posts\/104615\/revisions"}],"predecessor-version":[{"id":104618,"href":"https:\/\/realitatearutiera.ro\/index.php?rest_route=\/wp\/v2\/posts\/104615\/revisions\/104618"}],"wp:featuredmedia":[{"embeddable":true,"href":"https:\/\/realitatearutiera.ro\/index.php?rest_route=\/wp\/v2\/media\/104616"}],"wp:attachment":[{"href":"https:\/\/realitatearutiera.ro\/index.php?rest_route=%2Fwp%2Fv2%2Fmedia&parent=104615"}],"wp:term":[{"taxonomy":"category","embeddable":true,"href":"https:\/\/realitatearutiera.ro\/index.php?rest_route=%2Fwp%2Fv2%2Fcategories&post=104615"},{"taxonomy":"post_tag","embeddable":true,"href":"https:\/\/realitatearutiera.ro\/index.php?rest_route=%2Fwp%2Fv2%2Ftags&post=104615"}],"curies":[{"name":"wp","href":"https:\/\/api.w.org\/{rel}","templated":true}]}}