{"id":104939,"date":"2023-11-13T09:08:36","date_gmt":"2023-11-13T07:08:36","guid":{"rendered":"https:\/\/realitatearutiera.ro\/?p=104939"},"modified":"2023-11-13T09:08:38","modified_gmt":"2023-11-13T07:08:38","slug":"gravida-readusa-la-viata-de-medici-pe-marginea-drumului-dupa-un-accident-infiorator","status":"publish","type":"post","link":"https:\/\/realitatearutiera.ro\/?p=104939","title":{"rendered":"Gravid\u0103 readus\u0103 la via\u021b\u0103 de medici pe marginea drumului, dup\u0103 un accident \u00eenfior\u0103tor"},"content":{"rendered":"\n<p>Trei persoane au fost r\u0103nite, seara trecut\u0103, \u00eentr-un accident grav care a avut loc in jude\u0163ul Bra\u015fov. Dou\u0103 ma\u015fini s-au ciocnit frontal, \u00een apropierea sta\u0163iunii R\u00e2\u015fnov. Printre victimele aflate \u00een stare grav\u0103 se num\u0103r\u0103 \u015fi o femeie \u00eens\u0103rcinat\u0103.\u00a0<\/p>\n\n\n\n<figure class=\"wp-block-image size-large\"><img loading=\"lazy\" decoding=\"async\" width=\"800\" height=\"494\" data-attachment-id=\"104940\" data-permalink=\"https:\/\/realitatearutiera.ro\/?attachment_id=104940\" data-orig-file=\"https:\/\/i2.wp.com\/realitatearutiera.ro\/wp-content\/uploads\/2023\/11\/image-15.png?fit=1250%2C771&amp;ssl=1\" data-orig-size=\"1250,771\" data-comments-opened=\"1\" data-image-meta=\"{&quot;aperture&quot;:&quot;0&quot;,&quot;credit&quot;:&quot;&quot;,&quot;camera&quot;:&quot;&quot;,&quot;caption&quot;:&quot;&quot;,&quot;created_timestamp&quot;:&quot;0&quot;,&quot;copyright&quot;:&quot;&quot;,&quot;focal_length&quot;:&quot;0&quot;,&quot;iso&quot;:&quot;0&quot;,&quot;shutter_speed&quot;:&quot;0&quot;,&quot;title&quot;:&quot;&quot;,&quot;orientation&quot;:&quot;0&quot;}\" data-image-title=\"image-15\" data-image-description=\"\" data-medium-file=\"https:\/\/i2.wp.com\/realitatearutiera.ro\/wp-content\/uploads\/2023\/11\/image-15.png?fit=300%2C185&amp;ssl=1\" data-large-file=\"https:\/\/i2.wp.com\/realitatearutiera.ro\/wp-content\/uploads\/2023\/11\/image-15.png?fit=800%2C494&amp;ssl=1\" src=\"https:\/\/i2.wp.com\/realitatearutiera.ro\/wp-content\/uploads\/2023\/11\/image-15-1024x632.png?resize=800%2C494&#038;ssl=1\" alt=\"\" class=\"wp-image-104940\" srcset=\"https:\/\/i2.wp.com\/realitatearutiera.ro\/wp-content\/uploads\/2023\/11\/image-15.png?resize=1024%2C632&amp;ssl=1 1024w, https:\/\/i2.wp.com\/realitatearutiera.ro\/wp-content\/uploads\/2023\/11\/image-15.png?resize=300%2C185&amp;ssl=1 300w, https:\/\/i2.wp.com\/realitatearutiera.ro\/wp-content\/uploads\/2023\/11\/image-15.png?resize=768%2C474&amp;ssl=1 768w, https:\/\/i2.wp.com\/realitatearutiera.ro\/wp-content\/uploads\/2023\/11\/image-15.png?w=1250&amp;ssl=1 1250w\" sizes=\"auto, (max-width: 800px) 100vw, 800px\" data-recalc-dims=\"1\" \/><\/figure>\n\n\n\n<p>Sunt imaginile filmate la c\u00e2teva minute dup\u0103 nenorocire. Accidentul a avut loc pu\u0163in dup\u0103 ora 16, la ie\u015fire din R\u00e2\u015fnov. Din cauza asfaltului umed, unul dintre \u015foferi a pierdut controlul volanului \u015fi s-a izbit de un alt autoturism. Impactul a fost at\u00e2t de puternic, \u00eenc\u00e2t unul dintre vehicule a ajuns \u00een \u015fan\u0163 pe partea dreapt\u0103 a drumului na\u0163ional 73, \u00eentre Bran \u015fi R\u00e2\u015fnov, \u00een jude\u0163ul Bra\u015fov.&nbsp;<\/p>\n\n\n\n<h2 class=\"wp-block-heading\">T\u00e2n\u0103r\u0103 gravid\u0103, resuscitat\u0103 la locul accidentului<\/h2>\n\n\n\n<p>Trei oameni au fost r\u0103ni\u0163i \u00een accident. Printre ei o femeie gravid\u0103, pe care medicii au g\u0103sit-o \u00een stop cardio-respirator, dar \u015fi un adolescent de 13 ani.<\/p>\n\n\n\n<p>Dup\u0103 ce a fost resuscitat\u0103, femeia \u015fi b\u0103iatul au ajuns \u00een stare grav\u0103 la spital. &nbsp;<\/p>\n\n\n\n<p><strong>Daniel Zontea, pdc IPJ Bra\u0219ov:<\/strong><em>La fa\u0163a locului s-au deplasat echipajele poli\u0163iei rutiere \u015fi echipajele ale serviciului criminalistic, care au efectuat cercet\u0103ri, pentru a se l\u0103muri \u00eemprejur\u0103rile \u015fi condi\u0163iile \u00een care s-a produs accidentul rutier.&nbsp;<\/em><\/p>\n\n\n\n<p>P\u00e2n\u0103 c\u00e2nd cele dou\u0103 autoturisme au fost ridicate, traficul a fost complet blocat, mai bine de o or\u0103. Ca alternativ\u0103, \u015foferii au fost \u00eendruma\u0163i s\u0103 circule pe o rut\u0103 alternativ\u0103.<\/p>\n\n\n\n<p>Sursa:observatornews<\/p>\n","protected":false},"excerpt":{"rendered":"<p>Trei persoane au fost r\u0103nite, seara trecut\u0103, \u00eentr-un accident grav care a avut loc in jude\u0163ul Bra\u015fov. Dou\u0103 ma\u015fini s-au<\/p>\n","protected":false},"author":1,"featured_media":99387,"comment_status":"open","ping_status":"closed","sticky":false,"template":"","format":"standard","meta":{"spay_email":"","footnotes":"","jetpack_publicize_message":""},"categories":[1],"tags":[],"class_list":["post-104939","post","type-post","status-publish","format-standard","has-post-thumbnail","hentry","category-uncategorized"],"jetpack_featured_media_url":"https:\/\/i0.wp.com\/realitatearutiera.ro\/wp-content\/uploads\/2023\/05\/accident-ambulanta-poza-buna_b920cdfaf1.jpg?fit=1920%2C1080&ssl=1","jetpack_publicize_connections":[],"jetpack_sharing_enabled":true,"jetpack_shortlink":"https:\/\/wp.me\/p61naM-riz","jetpack-related-posts":[],"_links":{"self":[{"href":"https:\/\/realitatearutiera.ro\/index.php?rest_route=\/wp\/v2\/posts\/104939","targetHints":{"allow":["GET"]}}],"collection":[{"href":"https:\/\/realitatearutiera.ro\/index.php?rest_route=\/wp\/v2\/posts"}],"about":[{"href":"https:\/\/realitatearutiera.ro\/index.php?rest_route=\/wp\/v2\/types\/post"}],"author":[{"embeddable":true,"href":"https:\/\/realitatearutiera.ro\/index.php?rest_route=\/wp\/v2\/users\/1"}],"replies":[{"embeddable":true,"href":"https:\/\/realitatearutiera.ro\/index.php?rest_route=%2Fwp%2Fv2%2Fcomments&post=104939"}],"version-history":[{"count":1,"href":"https:\/\/realitatearutiera.ro\/index.php?rest_route=\/wp\/v2\/posts\/104939\/revisions"}],"predecessor-version":[{"id":104941,"href":"https:\/\/realitatearutiera.ro\/index.php?rest_route=\/wp\/v2\/posts\/104939\/revisions\/104941"}],"wp:featuredmedia":[{"embeddable":true,"href":"https:\/\/realitatearutiera.ro\/index.php?rest_route=\/wp\/v2\/media\/99387"}],"wp:attachment":[{"href":"https:\/\/realitatearutiera.ro\/index.php?rest_route=%2Fwp%2Fv2%2Fmedia&parent=104939"}],"wp:term":[{"taxonomy":"category","embeddable":true,"href":"https:\/\/realitatearutiera.ro\/index.php?rest_route=%2Fwp%2Fv2%2Fcategories&post=104939"},{"taxonomy":"post_tag","embeddable":true,"href":"https:\/\/realitatearutiera.ro\/index.php?rest_route=%2Fwp%2Fv2%2Ftags&post=104939"}],"curies":[{"name":"wp","href":"https:\/\/api.w.org\/{rel}","templated":true}]}}