{"id":105419,"date":"2023-12-07T08:43:02","date_gmt":"2023-12-07T06:43:02","guid":{"rendered":"https:\/\/realitatearutiera.ro\/?p=105419"},"modified":"2023-12-07T08:43:05","modified_gmt":"2023-12-07T06:43:05","slug":"microbuz-rasturnat-in-galati-un-mort-si-patru-raniti","status":"publish","type":"post","link":"https:\/\/realitatearutiera.ro\/?p=105419","title":{"rendered":"Microbuz\u00a0r\u0103sturnat \u00een Gala\u0163i: un mort \u015fi patru r\u0103ni\u0163i"},"content":{"rendered":"\n<p>Un accident grav s-a petrecut noaptea trecut\u0103 \u00een comuna Tudor Vladimirescu din jude\u0163ul Gala\u0163i.\u00a0O femeie \u015fi-a pierdut via\u0163a, iar alte patru au fost r\u0103nite dup\u0103 ce \u015foferul microbuzului \u00een care se aflau a vrut s\u0103 evite impactul cu o autoutilitar\u0103. Astfel, microbuzul care transporta pasageri\u00a0a p\u0103r\u0103sit partea carosabil\u0103 \u015fi s-a r\u0103sturnat.<\/p>\n\n\n\n<p>Microbuzul circula pe Drumul Na\u0163ional 25 cu destina\u0163ia Tecuci, iar \u00een\u0103untru se aflau 10 pasageri, to\u0163i fiind muncitori la &nbsp;\u015fantierul naval. La un moment dat, chiar la ie\u015firea din comuna Tudor Vladimirescu, \u015foferul vehicului, un b\u0103rbat de 54 de ani a \u00eencercat &nbsp;sa evite o autoutilitar\u0103&nbsp;care a patruns pe \u015fosea f\u0103r\u0103 se asigure. De\u015fi a \u00eencercat s\u0103 fr\u00e2neze,&nbsp;<a href=\"https:\/\/observatornews.ro\/eveniment\/accident-dezastruos-pe-o-sosea-din-galati-un-om-a-murit-si-cel-putin-alti-patru-au-fost-raniti-dupa-ce-microbuzul-in-care-se-aflau-sa-rasturnat-553034.html\">microbuzul s-a r\u0103sturnat \u00eentr-un \u015fan\u0163<\/a>.&nbsp;<\/p>\n\n\n\n<p><strong>Pasager microbuz:&nbsp;<\/strong><em>A t\u0103iat calea cineva din peco, de la alimentare, i-a taiat calea autobuzului. \u015eoferul a dat s\u0103 \u00eel evite&#8230;<\/em><\/p>\n\n\n\n<h2 class=\"wp-block-heading\">Microbuz&nbsp;r\u0103sturnat \u00een Gala\u0163i: un mort \u015fi patru r\u0103ni\u0163i<\/h2>\n\n\n\n<p>\u00cen urma accidentului, pasagerii au r\u0103mas incarcera\u0163i. Primii salvatori au venit de la Ive\u015fti, iar \u00een sprijinul lor au sosit mai multe echipaje de la Deta\u015famentele de Pompieri Gala\u0163i \u015fi Tecuci.&nbsp;<\/p>\n\n\n\n<p><strong>Dr. Mihai Polinschi, director medical SAJ Gala\u0163i:&nbsp;<\/strong><em>Cinci victime. Una dintre ele, o femeie de circa 45 de ani, era \u00eencarcerat\u0103&nbsp;\u015fi decedat\u0103. Urm\u0103toarele patru victime, b\u0103rba\u0163i cu v\u00e2rste cuprinse&nbsp;\u00eentre&nbsp;19 \u015fi 45 de ani, cu leziuni multiple.&nbsp;Diverse traumatisme craniene, faciale, toracice, care au fost prelua\u0163i de echipajele noastre \u015fi transporta\u0163i la Spitalul jude\u0163ean Sf\u00e2ntul Apostol Andrei.&nbsp;<\/em><\/p>\n\n\n\n<p><strong>Reporter &#8211; colegul femeii decedate:<\/strong><\/p>\n\n\n\n<p><em>O \u015ftia\u0163i&nbsp;pe doamna care a murit?&nbsp;Avea copii?<\/em><\/p>\n\n\n\n<p><em>Da, doi b\u0103ie\u0163i&#8230;<\/em><\/p>\n\n\n\n<h2 class=\"wp-block-heading\">\u015eoferul care nu ar fi acordat prioritate microbuzului a fugit de la locul accidentului<\/h2>\n\n\n\n<p>\u015eoferul autoutilitarei, care nu ar fi dat prioritate microbuzului a plecat de la locul accidentului, \u00eens\u0103 a fost g\u0103sit de poli\u0163i\u015fti chiar la domiciliul s\u0103u. L-au testat cu aparatul etilotest, care a indicat valoarea de 0,04 mg\/l alcool pur \u00een aerul expirat.&nbsp;<\/p>\n\n\n\n<p><strong>Agent \u015fef principal Ciprian Stoica, purt\u0103tor de cuv\u00e2nt IPJ Gala\u0163i:<\/strong>&nbsp;<em>Poli\u0163i\u015ftii au \u00eentocmit un dosar penal pentru ucidere din culp\u0103 \u015fi v\u0103t\u0103mare corporal\u0103 din culp\u0103.&nbsp;<\/em><\/p>\n\n\n\n<p>Pentru a stabili cine se face vinovat de producerea accidentului, poli\u0163i\u015ftii au ridicat mai multe imagini de pe camerele de supraveghere din zon\u0103.<\/p>\n\n\n\n<p>Sursa:observatornews<\/p>\n","protected":false},"excerpt":{"rendered":"<p>Un accident grav s-a petrecut noaptea trecut\u0103 \u00een comuna Tudor Vladimirescu din jude\u0163ul Gala\u0163i.\u00a0O femeie \u015fi-a pierdut via\u0163a, iar alte<\/p>\n","protected":false},"author":1,"featured_media":98109,"comment_status":"open","ping_status":"closed","sticky":false,"template":"","format":"standard","meta":{"spay_email":"","footnotes":"","jetpack_publicize_message":""},"categories":[1],"tags":[],"class_list":["post-105419","post","type-post","status-publish","format-standard","has-post-thumbnail","hentry","category-uncategorized"],"jetpack_featured_media_url":"https:\/\/realitatearutiera.ro\/wp-content\/uploads\/2023\/04\/accident.webp","jetpack_publicize_connections":[],"jetpack_sharing_enabled":true,"jetpack_shortlink":"https:\/\/wp.me\/p61naM-rqj","jetpack-related-posts":[],"_links":{"self":[{"href":"https:\/\/realitatearutiera.ro\/index.php?rest_route=\/wp\/v2\/posts\/105419","targetHints":{"allow":["GET"]}}],"collection":[{"href":"https:\/\/realitatearutiera.ro\/index.php?rest_route=\/wp\/v2\/posts"}],"about":[{"href":"https:\/\/realitatearutiera.ro\/index.php?rest_route=\/wp\/v2\/types\/post"}],"author":[{"embeddable":true,"href":"https:\/\/realitatearutiera.ro\/index.php?rest_route=\/wp\/v2\/users\/1"}],"replies":[{"embeddable":true,"href":"https:\/\/realitatearutiera.ro\/index.php?rest_route=%2Fwp%2Fv2%2Fcomments&post=105419"}],"version-history":[{"count":1,"href":"https:\/\/realitatearutiera.ro\/index.php?rest_route=\/wp\/v2\/posts\/105419\/revisions"}],"predecessor-version":[{"id":105420,"href":"https:\/\/realitatearutiera.ro\/index.php?rest_route=\/wp\/v2\/posts\/105419\/revisions\/105420"}],"wp:featuredmedia":[{"embeddable":true,"href":"https:\/\/realitatearutiera.ro\/index.php?rest_route=\/wp\/v2\/media\/98109"}],"wp:attachment":[{"href":"https:\/\/realitatearutiera.ro\/index.php?rest_route=%2Fwp%2Fv2%2Fmedia&parent=105419"}],"wp:term":[{"taxonomy":"category","embeddable":true,"href":"https:\/\/realitatearutiera.ro\/index.php?rest_route=%2Fwp%2Fv2%2Fcategories&post=105419"},{"taxonomy":"post_tag","embeddable":true,"href":"https:\/\/realitatearutiera.ro\/index.php?rest_route=%2Fwp%2Fv2%2Ftags&post=105419"}],"curies":[{"name":"wp","href":"https:\/\/api.w.org\/{rel}","templated":true}]}}