{"id":106119,"date":"2023-12-27T08:39:38","date_gmt":"2023-12-27T06:39:38","guid":{"rendered":"https:\/\/realitatearutiera.ro\/?p=106119"},"modified":"2023-12-27T08:39:41","modified_gmt":"2023-12-27T06:39:41","slug":"traditii-si-obiceiuri-pe-27-decembrie-sfantul-stefan","status":"publish","type":"post","link":"https:\/\/realitatearutiera.ro\/?p=106119","title":{"rendered":"Tradi\u021bii \u0219i obiceiuri pe 27 decembrie &#8211; Sf\u00e2ntul \u0218tefan"},"content":{"rendered":"\n<p>Aproximativ 515.000 de rom\u00e2ni \u00ee\u015fi s\u0103rb\u0103toresc onomastica de s\u0103rb\u0103toarea Sf\u00e2ntului Arhidiacon \u015etefan, pe 27 decembrie.<\/p>\n\n\n\n<p>Potrivit datelor furnizate de Direc\u0163ia pentru Eviden\u0163a Persoanelor, este vorba despre 362.037 b\u0103rba\u0163i \u015fi 152.558 femei.<\/p>\n\n\n\n<p>\u00centre prenumele masculine s\u0103rb\u0103torile se \u00eent\u00e2lnesc: Fane &#8211; 489 de persoane, Fanel\/F\u0103nel &#8211; 8.083, Fanica\/F\u0103nic\u0103 &#8211; 4.603, Istvan &#8211; 32.234, Stefan\/\u015etefan &#8211; 309.900, Stefanel\/\u015etef\u0103nel &#8211; 3.497, Stefanus\/\u015etef\u0103nu\u015f &#8211; 4, Stefanut\/\u015etef\u0103nu\u0163 &#8211; 3.227.<\/p>\n\n\n\n<p>La femei, cel mai \u00eent\u00e2lnit prenume este Stefania\/\u015etefania &#8211; 124.996, dar mai sunt \u00eent\u00e2lnite \u015fi Fana &#8211; 297 de persoane, Fanica\/F\u0103nica &#8211; 8.002, Fanuta\/F\u0103nu\u0163a &#8211; 996 \u015fi Stefana\/\u015etefana &#8211; 18.267.<\/p>\n\n\n\n<p><strong>Tradi\u021bii \u0219i obiceiuri pe 27 decembrie &#8211; Sf\u00e2ntul \u0218tefan<\/strong><\/p>\n\n\n\n<p>Sf\u00e2ntul \u0218tefan, cunoscut \u0219i ca Sf\u00e2ntul Arhidiacon \u0218tefan, este s\u0103rb\u0103torit pe 27 decembrie \u00een a treia zi de Cr\u0103ciun. Numele &#8220;\u0218tefan&#8221; provine din grecescul &#8220;Stephanos&#8221;, care \u00eenseamn\u0103 &#8220;coroana&#8221;, &#8220;ghirlanda&#8221; sau &#8220;cunun\u0103&#8221;.<\/p>\n\n\n\n<p>Sf\u00e2ntul \u0218tefan a fost un t\u00e2n\u0103r frumos, bun orator \u0219i un remarcabil psiholog. El a predicat \u00eenv\u0103\u021b\u0103turile lui Iisus \u0219i a atras aten\u021bia fariseilor, ceea ce a dus la condamnarea sa la moarte. Autorit\u0103\u021bile iudaice din Ierusalim l-au condamnat la uciderea cu pietre, devenind astfel primul martir cre\u0219tin. Osemintele sale au fost depuse \u00een cripta bisericii &#8220;San Lorenzo fuori le Mura&#8221; din Roma \u00eencep\u00e2nd cu anul 560.<\/p>\n\n\n\n<p><strong>Supersti\u021bii \u0219i tradi\u021bii de Sf\u00e2ntul \u0218tefan<\/strong><\/p>\n\n\n\n<p>Pe 27 decembrie exist\u0103 o serie de supersti\u021bii \u0219i tradi\u021bii pe care este bine s\u0103 le cunoa\u0219tem \u0219i s\u0103 le respect\u0103m. Tradi\u021bia afirm\u0103 c\u0103 nu ar fi recomandat s\u0103 facem drume\u021bii montane sau deplas\u0103ri \u00een zone izolate, deoarece acestea ar fi considerate o sfidare la adresa sf\u00e2ntului. De\u0219i se crede c\u0103 Sf\u00e2ntul \u0218tefan ne protejeaz\u0103, este mai bine s\u0103 evit\u0103m astfel de c\u0103l\u0103torii \u00een aceast\u0103 zi.<\/p>\n\n\n\n<p>De asemenea, \u00een aceast\u0103 zi, nu se recomand\u0103 cur\u0103\u021benia \u00een cas\u0103 sau sp\u0103larea hainelor. Aceasta se datoreaz\u0103 faptului c\u0103 este o zi de s\u0103rb\u0103toare \u0219i trebuie s\u0103 ne concentr\u0103m pe celebrarea Sf\u00e2ntului \u0218tefan.<\/p>\n\n\n\n<p>Un alt obicei tradi\u021bional de Sf\u00e2ntul \u0218tefan este evitarea certurilor sau scandalurilor. Chiar dac\u0103 avem dreptate \u00eentr-o disput\u0103, se spune c\u0103 este mai bine s\u0103 nu ne cert\u0103m cu nimeni \u00een aceast\u0103 zi. Dac\u0103 nu am reu\u0219it s\u0103 ne \u00eemp\u0103c\u0103m cu cei cu care am avut probleme \u00een Ajunul Cr\u0103ciunului, avem o nou\u0103 \u0219ans\u0103 de \u00eemp\u0103care \u00een ziua Sf\u00e2ntului \u0218tefan. Se crede c\u0103 \u00eemp\u0103carea \u00een aceast\u0103 zi este mai puternic\u0103 \u0219i mai durabil\u0103.<\/p>\n\n\n\n<p>Un obicei vechi asociat cu s\u0103rb\u0103toarea Sf\u00e2ntului \u0218tefan se refer\u0103 la icoana care-l \u00eenf\u0103\u021bi\u0219eaz\u0103 pe mucenicul martir. Se spune c\u0103 cei care se confrunt\u0103 cu probleme de s\u0103n\u0103tate sau au dispute \u00eendelungate cu persoane orgolioase ar trebui s\u0103 aduc\u0103 \u00een casa lor o icoan\u0103 cu Sf\u00e2ntul \u0218tefan. Aceast\u0103 icoan\u0103 este sfin\u021bit\u0103 \u00een aceast\u0103 zi \u0219i se crede c\u0103 aduce protec\u021bie \u0219i ajutor spiritual.<\/p>\n\n\n\n<p>\u00cen plus, \u00een ziua Sf\u00e2ntului \u0218tefan, se fac pomeniri pentru sufletele celor care au murit \u00een \u00eemprejur\u0103ri dramatice. De asemenea, pachetele cu m\u00e2ncare sunt \u00eemp\u0103r\u021bite persoanelor tinere care poart\u0103 numele Sf\u00e2ntului \u0218tefan, pentru a le aduce noroc \u0219i binecuv\u00e2ntare.<\/p>\n\n\n\n<p>\u00cen unele regiuni din Muntenia, se prepar\u0103 P\u00e2inicile lui \u0218tefan. Acestea sunt f\u0103cute dintr-un aluat asem\u0103n\u0103tor cu cel de cozonac, uns cu miere \u0219i modelat \u00een forme rotunde. Aceste p\u00e2inici, care amintesc de pietrele care l-au ucis pe Sf\u00e2ntul \u0218tefan, sunt sfin\u021bite la biseric\u0103 \u00een ziua s\u0103rb\u0103torii \u0219i sunt \u00eemp\u0103r\u021bite copiilor s\u0103raci, conform\u00a0<a href=\"https:\/\/www.crestinortodox.ro\/religie\/sfantul-stefan-primul-martir-bisericii-161379.html\" target=\"_blank\" rel=\"noreferrer noopener\">Crestinortodox.ro.<\/a><\/p>\n\n\n\n<p>Sursa:stirileprotv<\/p>\n","protected":false},"excerpt":{"rendered":"<p>Aproximativ 515.000 de rom\u00e2ni \u00ee\u015fi s\u0103rb\u0103toresc onomastica de s\u0103rb\u0103toarea Sf\u00e2ntului Arhidiacon \u015etefan, pe 27 decembrie. Potrivit datelor furnizate de Direc\u0163ia<\/p>\n","protected":false},"author":1,"featured_media":106120,"comment_status":"open","ping_status":"closed","sticky":false,"template":"","format":"standard","meta":{"spay_email":"","footnotes":"","jetpack_publicize_message":""},"categories":[6],"tags":[],"class_list":["post-106119","post","type-post","status-publish","format-standard","has-post-thumbnail","hentry","category-social"],"jetpack_featured_media_url":"https:\/\/i0.wp.com\/realitatearutiera.ro\/wp-content\/uploads\/2023\/12\/1_3_242010_1672081309_06943_fav.jpg?fit=800%2C497&ssl=1","jetpack_publicize_connections":[],"jetpack_sharing_enabled":true,"jetpack_shortlink":"https:\/\/wp.me\/p61naM-rBB","jetpack-related-posts":[],"_links":{"self":[{"href":"https:\/\/realitatearutiera.ro\/index.php?rest_route=\/wp\/v2\/posts\/106119","targetHints":{"allow":["GET"]}}],"collection":[{"href":"https:\/\/realitatearutiera.ro\/index.php?rest_route=\/wp\/v2\/posts"}],"about":[{"href":"https:\/\/realitatearutiera.ro\/index.php?rest_route=\/wp\/v2\/types\/post"}],"author":[{"embeddable":true,"href":"https:\/\/realitatearutiera.ro\/index.php?rest_route=\/wp\/v2\/users\/1"}],"replies":[{"embeddable":true,"href":"https:\/\/realitatearutiera.ro\/index.php?rest_route=%2Fwp%2Fv2%2Fcomments&post=106119"}],"version-history":[{"count":1,"href":"https:\/\/realitatearutiera.ro\/index.php?rest_route=\/wp\/v2\/posts\/106119\/revisions"}],"predecessor-version":[{"id":106121,"href":"https:\/\/realitatearutiera.ro\/index.php?rest_route=\/wp\/v2\/posts\/106119\/revisions\/106121"}],"wp:featuredmedia":[{"embeddable":true,"href":"https:\/\/realitatearutiera.ro\/index.php?rest_route=\/wp\/v2\/media\/106120"}],"wp:attachment":[{"href":"https:\/\/realitatearutiera.ro\/index.php?rest_route=%2Fwp%2Fv2%2Fmedia&parent=106119"}],"wp:term":[{"taxonomy":"category","embeddable":true,"href":"https:\/\/realitatearutiera.ro\/index.php?rest_route=%2Fwp%2Fv2%2Fcategories&post=106119"},{"taxonomy":"post_tag","embeddable":true,"href":"https:\/\/realitatearutiera.ro\/index.php?rest_route=%2Fwp%2Fv2%2Ftags&post=106119"}],"curies":[{"name":"wp","href":"https:\/\/api.w.org\/{rel}","templated":true}]}}