{"id":106186,"date":"2023-12-28T08:32:57","date_gmt":"2023-12-28T06:32:57","guid":{"rendered":"https:\/\/realitatearutiera.ro\/?p=106186"},"modified":"2023-12-28T08:32:59","modified_gmt":"2023-12-28T06:32:59","slug":"fostul-fotbalist-al-nationalei-cristi-tanase-s-a-ales-cu-dosar-penal-si-permisul-suspendat","status":"publish","type":"post","link":"https:\/\/realitatearutiera.ro\/?p=106186","title":{"rendered":"Fostul fotbalist al na\u0163ionalei, Cristi T\u0103nase s-a ales cu dosar penal \u015fi permisul suspendat"},"content":{"rendered":"\n<p>Fostul fotbalist al na\u0163ionalei, Cristi T\u0103nase, cunoscut ca \u015fi Dodel s-a ales cu dosar penal, dar \u015fi cu permisul suspendat, dup\u0103 ce a fost prins drogat la volan.\u00a0<\/p>\n\n\n\n<p>Fosta vedet\u0103 de la Steaua a fost oprit\u0103 de poli\u0163i\u015fti pe un drum din Pite\u015fti pentru un control de rutin\u0103.&nbsp;<\/p>\n\n\n\n<p>\u00cens\u0103, la testarea cu drug testul, acesta a ie\u015fit pozitiv la o substan\u0163\u0103 interzis\u0103, iar agen\u0163ii l-au condus la spital pentru recoltarea de probe de s\u00e2nge.<\/p>\n\n\n\n<h2 class=\"wp-block-heading\">\u00cen 2010, Cristi T\u0103nase a r\u0103mas f\u0103r\u0103 permis dup\u0103 ce a fost prins beat la volan<\/h2>\n\n\n\n<p>Nu este prima dat\u0103 c\u00e2nd fotbalistul are probleme cu legea. \u00cen 2010, acesta a fost prins de poli\u0163i\u015fti \u00een timp ce conducea beat \u015fi cu permisul suspendat.&nbsp;<\/p>\n\n\n\n<p>\u00cen v\u00e2rst\u0103 de 36 de ani, Cristi T\u0103nase a jucat \u00een Rom\u00e2nia la FC Arge\u0219, FCSB \u0219i Academica Clinceni. Acesta a evoluat \u0219i peste hotare la Tianjin Teda, Sivasspor, Karab\u00fckspor \u0219i Giresunspor.\u00a0Pite\u0219teanul a jucat \u0219i \u00een 41 de meciuri pentru echipa na\u021bional\u0103 a Rom\u00e2niei, pentru care a marcat de \u0219ase ori.<\/p>\n\n\n\n<p>Sursa:observatornews<\/p>\n","protected":false},"excerpt":{"rendered":"<p>Fostul fotbalist al na\u0163ionalei, Cristi T\u0103nase, cunoscut ca \u015fi Dodel s-a ales cu dosar penal, dar \u015fi cu permisul suspendat,<\/p>\n","protected":false},"author":1,"featured_media":106187,"comment_status":"open","ping_status":"closed","sticky":false,"template":"","format":"standard","meta":{"spay_email":"","footnotes":"","jetpack_publicize_message":""},"categories":[6],"tags":[],"class_list":["post-106186","post","type-post","status-publish","format-standard","has-post-thumbnail","hentry","category-social"],"jetpack_featured_media_url":"https:\/\/i2.wp.com\/realitatearutiera.ro\/wp-content\/uploads\/2023\/12\/nRc1UE0LAen_3O.jpg?fit=1200%2C675&ssl=1","jetpack_publicize_connections":[],"jetpack_sharing_enabled":true,"jetpack_shortlink":"https:\/\/wp.me\/p61naM-rCG","jetpack-related-posts":[],"_links":{"self":[{"href":"https:\/\/realitatearutiera.ro\/index.php?rest_route=\/wp\/v2\/posts\/106186","targetHints":{"allow":["GET"]}}],"collection":[{"href":"https:\/\/realitatearutiera.ro\/index.php?rest_route=\/wp\/v2\/posts"}],"about":[{"href":"https:\/\/realitatearutiera.ro\/index.php?rest_route=\/wp\/v2\/types\/post"}],"author":[{"embeddable":true,"href":"https:\/\/realitatearutiera.ro\/index.php?rest_route=\/wp\/v2\/users\/1"}],"replies":[{"embeddable":true,"href":"https:\/\/realitatearutiera.ro\/index.php?rest_route=%2Fwp%2Fv2%2Fcomments&post=106186"}],"version-history":[{"count":1,"href":"https:\/\/realitatearutiera.ro\/index.php?rest_route=\/wp\/v2\/posts\/106186\/revisions"}],"predecessor-version":[{"id":106188,"href":"https:\/\/realitatearutiera.ro\/index.php?rest_route=\/wp\/v2\/posts\/106186\/revisions\/106188"}],"wp:featuredmedia":[{"embeddable":true,"href":"https:\/\/realitatearutiera.ro\/index.php?rest_route=\/wp\/v2\/media\/106187"}],"wp:attachment":[{"href":"https:\/\/realitatearutiera.ro\/index.php?rest_route=%2Fwp%2Fv2%2Fmedia&parent=106186"}],"wp:term":[{"taxonomy":"category","embeddable":true,"href":"https:\/\/realitatearutiera.ro\/index.php?rest_route=%2Fwp%2Fv2%2Fcategories&post=106186"},{"taxonomy":"post_tag","embeddable":true,"href":"https:\/\/realitatearutiera.ro\/index.php?rest_route=%2Fwp%2Fv2%2Ftags&post=106186"}],"curies":[{"name":"wp","href":"https:\/\/api.w.org\/{rel}","templated":true}]}}