{"id":106312,"date":"2024-01-04T09:06:46","date_gmt":"2024-01-04T07:06:46","guid":{"rendered":"https:\/\/realitatearutiera.ro\/?p=106312"},"modified":"2024-01-04T09:06:49","modified_gmt":"2024-01-04T07:06:49","slug":"cluj-a-inceput-batalia-pentru-un-loc-de-parcare","status":"publish","type":"post","link":"https:\/\/realitatearutiera.ro\/?p=106312","title":{"rendered":"Cluj: A \u00eenceput b\u0103t\u0103lia pentru un loc de parcare!"},"content":{"rendered":"\n<p>Problema locurilor de parcare afecteaz\u0103 tot mai multe ora\u0219e din Rom\u00e2nia. La Cluj, a \u00eenceput b\u0103t\u0103lia pentru a prinde un loc de parcare, \u00eenc\u0103 din prima zi lucr\u0103toare a anului, iar unii \u0219oferi s-au a\u0219ezat la coad\u0103 cu 12 ore \u00eenainte de deschiderea institu\u021biei.<\/p>\n\n\n\n<p>Prima zi lucr\u0103toare din noul an a \u00eenceput la Cluj-Napoca cu celebrele cozi pentru un loc de&nbsp;<a href=\"https:\/\/www.promotor.ro\/stiri-auto\/se-scumpesc-tarifele-pentru-parcarea-de-resedinta-in-2024-cat-va-costa-un-loc-de-parcare-anul-viitor-19240123\">parcare<\/a>.<\/p>\n\n\n\n<p>Oamenii s-au a\u0219ezat la r\u00e2nd de cu sear\u0103 pentru a depune, miercuri diminea\u021b\u0103, cererile la ghi\u0219eu. De\u0219i opera\u021biunea putea fi f\u0103cut\u0103 \u0219i online, \u0219oferii au vrut s\u0103 fie siguri c\u0103 cererea lor e \u00eenregistrat\u0103.<\/p>\n\n\n\n<h2 class=\"wp-block-heading\">La coad\u0103, cu 12 ore \u00eenainte de deschiderea institu\u021biei<\/h2>\n\n\n\n<p>Unii au \u00eencercat chiar s\u0103 mearg\u0103 pe dou\u0103 \u201efronturi\u201d \u0219i au depus actele&nbsp;<a href=\"https:\/\/www.promotor.ro\/stiri-auto\/cum-sunt-inselati-soferii-cu-rovinieta-online-doua-moduri-prin-care-te-poti-feri-de-aceasta-pacaleala-19230129\">online<\/a>&nbsp;chiar \u00een timp ce st\u0103teau la r\u00e2nd.<\/p>\n\n\n\n<p>Prima persoan\u0103 care s-a a\u0219ezat la coad\u0103, \u00een fa\u021b\u0103 Prim\u0103riei Cluj-Napoca, a venit \u00eenc\u0103 de mar\u021bi, de la ora 20:00. \u00cen condi\u021biile \u00een care ghi\u0219eele s-au deschis abia miercuri, la ora 08:00, scrie&nbsp;<a href=\"https:\/\/www.dejeanul.ro\/content\/cluj-o-noapte-intreaga-la-rand-pentru-un-loc-de-parcare-gestul-care-a-incins-spiritele-video\/\" target=\"_blank\" rel=\"noreferrer noopener\">dejeanul.ro<\/a>.<\/p>\n\n\n\n<p>Num\u0103rul locurilor de parcare este mult mai mic fa\u021b\u0103 de cel al ma\u0219inilor, a\u0219a c\u0103 \u201eb\u0103t\u0103lia\u201d a fost mare. Cererile pot fi depuse \u0219i online, dar principiul prin care se redistribuie locurile de parcare este primul venit \u2013 primul servit.<\/p>\n\n\n\n<p>De aceea, oamenii nu au vrut s\u0103 ri\u0219te ca&nbsp;<a href=\"https:\/\/www.promotor.ro\/stiri-auto\/audi-ar-putea-cumpara-o-platforma-pentru-vehicule-electrice-de-la-un-producator-chinez-19193769\">platforma<\/a>&nbsp;s\u0103 se blocheze, a\u0219a cum s-a \u00eent\u00e2mplat \u00een al\u021bi ani. Iar unii dintre ei au a\u0219teptat chiar \u0219i 12 ore la coad\u0103, \u00een frig, pentru a depune cererea.<\/p>\n\n\n\n<p>Al\u021bii, \u00een schimb, au profitat de o porti\u021b\u0103 legislativ\u0103 pentru a intra \u00een fa\u021ba celorlal\u021bi.<\/p>\n\n\n\n<h2 class=\"wp-block-heading\">B\u0103t\u0103lia pentru un loc de parcare<\/h2>\n\n\n\n<p>Spiritele s-au \u00eencins \u00een momentul \u00een care un b\u0103rbat a ap\u0103rut \u00een fa\u021b\u0103 prim\u0103riei cu doar c\u00e2teva minute \u00eenainte de ora deschiderii.<\/p>\n\n\n\n<p>Avea un copil \u00een bra\u021be \u0219i a vrut s\u0103 intre \u00een fa\u021b\u0103, \u0219tiind c\u0103 legea \u00eei ofer\u0103 prioritate \u00eentr-un astfel de caz.<\/p>\n\n\n\n<p>Oamenii s-au revoltat, dar agentul de la intrare a fost obligat s\u0103 \u00eei permit\u0103 accesul. Conform legii, persoanele \u00eenso\u021bite de un minor cu v\u00e2rst\u0103 de p\u00e2n\u0103 la 5 ani au prioritate at\u00e2t la ghi\u0219eele institu\u021biilor publice c\u00e2t \u0219i la casele de marcat din magazine.<\/p>\n\n\n\n<p>Astfel de cozi se formeaz\u0103 \u00een fiecare an, dar autorit\u0103\u021bile locale spun c\u0103 nu au cum s\u0103 le previn\u0103. Cei care au depus \u00een aceast\u0103 perioad\u0103&nbsp;<a href=\"https:\/\/www.promotor.ro\/stiri-auto\/documente-lipite-pe-geam-18666332\">documentele<\/a>, vor afla abia \u00een martie dac\u0103 au primit loc de parcare.<\/p>\n\n\n\n<p>Sursa\/foto:promotor<\/p>\n","protected":false},"excerpt":{"rendered":"<p>Problema locurilor de parcare afecteaz\u0103 tot mai multe ora\u0219e din Rom\u00e2nia. La Cluj, a \u00eenceput b\u0103t\u0103lia pentru a prinde un<\/p>\n","protected":false},"author":1,"featured_media":106313,"comment_status":"open","ping_status":"closed","sticky":false,"template":"","format":"standard","meta":{"spay_email":"","footnotes":"","jetpack_publicize_message":""},"categories":[6],"tags":[],"class_list":["post-106312","post","type-post","status-publish","format-standard","has-post-thumbnail","hentry","category-social"],"jetpack_featured_media_url":"https:\/\/realitatearutiera.ro\/wp-content\/uploads\/2024\/01\/https___www.promotor.ro_wp-content_uploads_2023_12_parlamentarii-se-plang-ca-nu-au-unde-sasi-parcheze-masinile-cand-vin-la-munca-ce-propun-alesii-1024x797-1.webp","jetpack_publicize_connections":[],"jetpack_sharing_enabled":true,"jetpack_shortlink":"https:\/\/wp.me\/p61naM-rEI","jetpack-related-posts":[],"_links":{"self":[{"href":"https:\/\/realitatearutiera.ro\/index.php?rest_route=\/wp\/v2\/posts\/106312","targetHints":{"allow":["GET"]}}],"collection":[{"href":"https:\/\/realitatearutiera.ro\/index.php?rest_route=\/wp\/v2\/posts"}],"about":[{"href":"https:\/\/realitatearutiera.ro\/index.php?rest_route=\/wp\/v2\/types\/post"}],"author":[{"embeddable":true,"href":"https:\/\/realitatearutiera.ro\/index.php?rest_route=\/wp\/v2\/users\/1"}],"replies":[{"embeddable":true,"href":"https:\/\/realitatearutiera.ro\/index.php?rest_route=%2Fwp%2Fv2%2Fcomments&post=106312"}],"version-history":[{"count":1,"href":"https:\/\/realitatearutiera.ro\/index.php?rest_route=\/wp\/v2\/posts\/106312\/revisions"}],"predecessor-version":[{"id":106314,"href":"https:\/\/realitatearutiera.ro\/index.php?rest_route=\/wp\/v2\/posts\/106312\/revisions\/106314"}],"wp:featuredmedia":[{"embeddable":true,"href":"https:\/\/realitatearutiera.ro\/index.php?rest_route=\/wp\/v2\/media\/106313"}],"wp:attachment":[{"href":"https:\/\/realitatearutiera.ro\/index.php?rest_route=%2Fwp%2Fv2%2Fmedia&parent=106312"}],"wp:term":[{"taxonomy":"category","embeddable":true,"href":"https:\/\/realitatearutiera.ro\/index.php?rest_route=%2Fwp%2Fv2%2Fcategories&post=106312"},{"taxonomy":"post_tag","embeddable":true,"href":"https:\/\/realitatearutiera.ro\/index.php?rest_route=%2Fwp%2Fv2%2Ftags&post=106312"}],"curies":[{"name":"wp","href":"https:\/\/api.w.org\/{rel}","templated":true}]}}