{"id":106500,"date":"2024-01-10T09:30:36","date_gmt":"2024-01-10T07:30:36","guid":{"rendered":"https:\/\/realitatearutiera.ro\/?p=106500"},"modified":"2024-01-10T09:30:40","modified_gmt":"2024-01-10T07:30:40","slug":"expertii-auto-spun-ca-exista-o-corelatie-intre-alegerea-culorii-masinii-si-obiceiul-de-condus","status":"publish","type":"post","link":"https:\/\/realitatearutiera.ro\/?p=106500","title":{"rendered":"Exper\u0163ii auto spun c\u0103 exist\u0103 o corela\u0163ie \u00eentre alegerea culorii ma\u015finii \u015fi obiceiul de condus"},"content":{"rendered":"\n<p>De\u0219i majoritatea oamenilor cred c\u0103 a fi implicat \u00eentr-un \u00eentr-un accident de ma\u0219in\u0103 se rezum\u0103 la ghinion, cea mai recent\u0103 cercetare demonstreaz\u0103 c\u0103 acest lucru nu este complet adev\u0103rat.<img loading=\"lazy\" decoding=\"async\" src=\"https:\/\/i2.wp.com\/cdn.adh.reperio.news\/image-d\/dc339ca9-e9f1-49d6-aee1-1a6a50e89526\/index.jpeg?resize=800%2C429&#038;ssl=1\" alt=\"Dou\u0103 ma\u015fini s-au tamponat bot \u00een bot\" width=\"800\" height=\"429\"  data-recalc-dims=\"1\"><\/p>\n\n\n\n<p>Exper\u0163ii auto spun c\u0103 exist\u0103 o corela\u0163ie \u00eentre alegerea culorii ma\u015finii \u015fi obiceiul de condus<\/p>\n\n\n\n<p>Aparent, vehiculele vopsite \u00een&nbsp;<a href=\"https:\/\/adevarul.ro\/economie\/cum-sa-te-aperi-de-fraude-cand-cumperi-o-masina-2328038.html\" target=\"_blank\" rel=\"noreferrer noopener\">anumite culori&nbsp;<\/a>au \u0219anse mai mari s\u0103 fie implicate \u00een incidente rutiere dec\u00e2t restul. Deoarece exist\u0103 o corela\u021bie \u00eentre alegerea culorii unei ma\u0219ini \u0219i obiceiurile de condus, potrivit unui studiul efectuat de carVertical, care dezv\u0103luie care culori ofer\u0103 cea mai mult\u0103 siguran\u021b\u0103.<\/p>\n\n\n\n<h2 class=\"wp-block-heading\">Ma\u0219inile maro \u0219i cele galbene au parte cel mai des de accidente<\/h2>\n\n\n\n<p>Alegerea culorii unei ma\u0219ini este influen\u021bat\u0103 de factori precum preferin\u021bele personale, disponibilitatea, pre\u021bul \u0219i tendin\u021bele pie\u021bei. Cu toate acestea, majoritatea \u0219oferilor prefer\u0103 culori neutre cum ar fi culoarea gri, pentru c\u0103 se depreciaz\u0103 mai pu\u021bin dec\u00e2t culorile luminoase.<\/p>\n\n\n\n<p>Dintre toate culorile vehiculelor \u00een circula\u021bie, ma\u0219inile care au caroseria maro sunt cele mai des avariate &#8211; \u00eentr-o propor\u021bie de 51%. \u00cen ciuda faptului c\u0103 \u0219oferii de ma\u0219ini maro prefer\u0103 fiabilitatea, luxul \u0219i confortul, acest set de preferin\u021be nu-i protejeaz\u0103 de accidente.<\/p>\n\n\n\n<p>\u0218oferii care aleg ma\u0219ini galbene vor s\u0103 fie \u00een centrul aten\u021biei. Firi pline de energie, ace\u0219tia s-ar putea s\u0103 calce prea tare pedala de accelera\u021bie &#8211; 50,6% din toate vehiculele galbene verificate pe carVertical au avut \u00eenregistr\u0103ri de daune. Ro\u0219u nu este foarte mult \u00een urm\u0103 cu un procent de 49,8%.<\/p>\n\n\n\n<p>Galbenul \u0219i ro\u0219ul sunt culori adesea folosite pentru caroseriile ma\u0219inilor sport, ceea ce sugereaz\u0103 c\u0103 proprietarii lor iubesc \u0219i viteza \u0219i riscul.<\/p>\n\n\n\n<p>\u201e<em>Nu exist\u0103 o corela\u021bie direct\u0103 \u00eentre culoarea unei ma\u0219ini \u0219i rata de deteriorare istoric\u0103 a acesteia sau puterea medie a motorului. Putem doar presupune c\u0103 toate aceste culori cu cele mai mari rate istorice de accidente sunt adesea alese de \u0219oferii care doresc s\u0103 ias\u0103 \u00een eviden\u021b\u0103. Poate c\u0103 ace\u0219ti \u0219oferi au un apetit mai ridicat pentru risc \u00een timpul deplas\u0103rilor zilnice<\/em>\u201d, explic\u0103 Matas Buzelis, expert auto al carVertical.<\/p>\n\n\n\n<h2 class=\"wp-block-heading\">Cum reu\u0219esc culorile aprinse s\u0103 sporeasc\u0103 siguran\u021ba<\/h2>\n\n\n\n<p>\u0218oferii care conduc ma\u0219ini viu colorate sunt adesea percepu\u021bi ca fiind mai extravagan\u021bi. Cu toate acestea, culorile aprinse sunt considerate mai sigure, deoarece aceste vehicule sunt mai vizibile c\u00e2nd vremea este rea sau \u00een condi\u021bii de lumin\u0103 sc\u0103zut\u0103.<\/p>\n\n\n\n<p>Ma\u0219inile albe \u0219i cele galbene ies \u00een eviden\u021b\u0103 \u00een contrast cu \u00eemprejurimile lor, f\u0103c\u00e2ndu-le mai u\u0219or de observat de c\u0103tre pietoni \u0219i al\u021bi \u0219oferi. Lucrurile stau complet diferit \u00een cazul ma\u0219inilor gri \u0219i negre care se disting greu \u00eentr-o zi ploioas\u0103, de exemplu.<\/p>\n\n\n\n<p>Ma\u0219inile de culoare mai deschis\u0103 sunt, de asemenea, mai u\u0219or de observat noaptea sporind astfel siguran\u021ba \u0219oferilor lor. Astfel, de\u0219i portocaliul nu este cea mai comun\u0103 culoare pe pia\u021ba de vehicule second hand, exper\u021bii auto o consider\u0103 o alegere bun\u0103 pentru cei care doresc s\u0103 fie foarte vizibili \u00een timp ce conduc.<\/p>\n\n\n\n<p>Conform cercet\u0103rilor carVertical, culorile gri (avariate doar \u00een propor\u021bie de 44,7%) \u0219i alb (avariate \u00een propor\u021bie de 44,5%) sunt cele mai sigure, ceea ce \u00eenseamn\u0103 c\u0103 sunt mai rar implicate \u00een accidente. De\u0219i rata de inciden\u021b\u0103 a accidentelor depinde de mul\u021bi factori cum ar fi condi\u021bia \u00een care se afl\u0103 drumul \u0219i densitatea traficului, alegerea unor anumite culori poate conferi \u0219oferilor mai mult\u0103 siguran\u021b\u0103.<\/p>\n\n\n\n<h2 class=\"wp-block-heading\">Procentaluj ma\u0219inilor care au \u00eenregistr\u0103ri de daune:<\/h2>\n\n\n\n<p>Maro &#8211; 51%<\/p>\n\n\n\n<p>Galben \u2013 50,6%<\/p>\n\n\n\n<p>Ro\u0219u \u2013 49,8%<\/p>\n\n\n\n<p>Negru \u2013 49,1%<\/p>\n\n\n\n<p>Albastru \u2013 47,7%<\/p>\n\n\n\n<p>Sursa:adevarul<\/p>\n","protected":false},"excerpt":{"rendered":"<p>De\u0219i majoritatea oamenilor cred c\u0103 a fi implicat \u00eentr-un \u00eentr-un accident de ma\u0219in\u0103 se rezum\u0103 la ghinion, cea mai recent\u0103<\/p>\n","protected":false},"author":1,"featured_media":100039,"comment_status":"open","ping_status":"closed","sticky":false,"template":"","format":"standard","meta":{"spay_email":"","footnotes":"","jetpack_publicize_message":""},"categories":[6],"tags":[],"class_list":["post-106500","post","type-post","status-publish","format-standard","has-post-thumbnail","hentry","category-social"],"jetpack_featured_media_url":"https:\/\/i1.wp.com\/realitatearutiera.ro\/wp-content\/uploads\/2023\/06\/7621548-mediafax-foto-alex-nicodim.jpg?fit=558%2C373&ssl=1","jetpack_publicize_connections":[],"jetpack_sharing_enabled":true,"jetpack_shortlink":"https:\/\/wp.me\/p61naM-rHK","jetpack-related-posts":[],"_links":{"self":[{"href":"https:\/\/realitatearutiera.ro\/index.php?rest_route=\/wp\/v2\/posts\/106500","targetHints":{"allow":["GET"]}}],"collection":[{"href":"https:\/\/realitatearutiera.ro\/index.php?rest_route=\/wp\/v2\/posts"}],"about":[{"href":"https:\/\/realitatearutiera.ro\/index.php?rest_route=\/wp\/v2\/types\/post"}],"author":[{"embeddable":true,"href":"https:\/\/realitatearutiera.ro\/index.php?rest_route=\/wp\/v2\/users\/1"}],"replies":[{"embeddable":true,"href":"https:\/\/realitatearutiera.ro\/index.php?rest_route=%2Fwp%2Fv2%2Fcomments&post=106500"}],"version-history":[{"count":1,"href":"https:\/\/realitatearutiera.ro\/index.php?rest_route=\/wp\/v2\/posts\/106500\/revisions"}],"predecessor-version":[{"id":106501,"href":"https:\/\/realitatearutiera.ro\/index.php?rest_route=\/wp\/v2\/posts\/106500\/revisions\/106501"}],"wp:featuredmedia":[{"embeddable":true,"href":"https:\/\/realitatearutiera.ro\/index.php?rest_route=\/wp\/v2\/media\/100039"}],"wp:attachment":[{"href":"https:\/\/realitatearutiera.ro\/index.php?rest_route=%2Fwp%2Fv2%2Fmedia&parent=106500"}],"wp:term":[{"taxonomy":"category","embeddable":true,"href":"https:\/\/realitatearutiera.ro\/index.php?rest_route=%2Fwp%2Fv2%2Fcategories&post=106500"},{"taxonomy":"post_tag","embeddable":true,"href":"https:\/\/realitatearutiera.ro\/index.php?rest_route=%2Fwp%2Fv2%2Ftags&post=106500"}],"curies":[{"name":"wp","href":"https:\/\/api.w.org\/{rel}","templated":true}]}}