{"id":106677,"date":"2024-01-15T08:45:13","date_gmt":"2024-01-15T06:45:13","guid":{"rendered":"https:\/\/realitatearutiera.ro\/?p=106677"},"modified":"2024-01-15T08:45:15","modified_gmt":"2024-01-15T06:45:15","slug":"un-copil-de-15-ani-si-un-tanar-de-26-de-ani-au-ajuns-la-spital-in-urma-unui-accident-rutier","status":"publish","type":"post","link":"https:\/\/realitatearutiera.ro\/?p=106677","title":{"rendered":"Un copil de 15 ani \u0219i un t\u00e2n\u0103r de 26 de ani au ajuns la spital \u00een urma unui accident rutier"},"content":{"rendered":"\n<figure class=\"wp-block-image size-full\"><img loading=\"lazy\" decoding=\"async\" width=\"780\" height=\"459\" data-attachment-id=\"106678\" data-permalink=\"https:\/\/realitatearutiera.ro\/?attachment_id=106678\" data-orig-file=\"https:\/\/i0.wp.com\/realitatearutiera.ro\/wp-content\/uploads\/2024\/01\/image-12.png?fit=780%2C459&amp;ssl=1\" data-orig-size=\"780,459\" data-comments-opened=\"1\" data-image-meta=\"{&quot;aperture&quot;:&quot;0&quot;,&quot;credit&quot;:&quot;&quot;,&quot;camera&quot;:&quot;&quot;,&quot;caption&quot;:&quot;&quot;,&quot;created_timestamp&quot;:&quot;0&quot;,&quot;copyright&quot;:&quot;&quot;,&quot;focal_length&quot;:&quot;0&quot;,&quot;iso&quot;:&quot;0&quot;,&quot;shutter_speed&quot;:&quot;0&quot;,&quot;title&quot;:&quot;&quot;,&quot;orientation&quot;:&quot;0&quot;}\" data-image-title=\"image-12\" data-image-description=\"\" data-medium-file=\"https:\/\/i0.wp.com\/realitatearutiera.ro\/wp-content\/uploads\/2024\/01\/image-12.png?fit=300%2C177&amp;ssl=1\" data-large-file=\"https:\/\/i0.wp.com\/realitatearutiera.ro\/wp-content\/uploads\/2024\/01\/image-12.png?fit=780%2C459&amp;ssl=1\" src=\"https:\/\/i0.wp.com\/realitatearutiera.ro\/wp-content\/uploads\/2024\/01\/image-12.png?resize=780%2C459&#038;ssl=1\" alt=\"\" class=\"wp-image-106678\" srcset=\"https:\/\/i0.wp.com\/realitatearutiera.ro\/wp-content\/uploads\/2024\/01\/image-12.png?w=780&amp;ssl=1 780w, https:\/\/i0.wp.com\/realitatearutiera.ro\/wp-content\/uploads\/2024\/01\/image-12.png?resize=300%2C177&amp;ssl=1 300w, https:\/\/i0.wp.com\/realitatearutiera.ro\/wp-content\/uploads\/2024\/01\/image-12.png?resize=768%2C452&amp;ssl=1 768w\" sizes=\"auto, (max-width: 780px) 100vw, 780px\" data-recalc-dims=\"1\" \/><\/figure>\n\n\n\n<p><strong>Un accident de circula\u021bie a avut loc \u00een urm\u0103 \u00een localitatea clujean\u0103 M\u0103n\u0103stirea. Dou\u0103 persoane au fost r\u0103nite.<\/strong><\/p>\n\n\n\n<p>Pompierii din cadrul Deta\u0219amentului Dej sunt cei care au intervenit la un accident.<\/p>\n\n\n\n<h4 class=\"wp-block-heading\">Ma\u0219in\u0103 r\u0103sturnat\u0103 la M\u0103n\u0103stirea. Un copil de 15 ani \u0219i un t\u00e2n\u0103r de 26 de ani au ajuns la spital<\/h4>\n\n\n\n<p>Echipajele operative au g\u0103sit la fa\u021ba locului un autoturism r\u0103sturnat \u00een afara p\u0103r\u021bii carosabile, \u00eens\u0103 din fericire nu au existat victime \u00eencarcerate.<\/p>\n\n\n\n<figure class=\"wp-block-image is-resized\"><a href=\"https:\/\/i1.wp.com\/cluj24.ro\/wp-content\/uploads\/2024\/01\/accident-1-2.jpg?ssl=1\"><img decoding=\"async\" src=\"https:\/\/i1.wp.com\/cluj24.ro\/wp-content\/uploads\/2024\/01\/accident-1-2.jpg?w=800&#038;ssl=1\" alt=\"\" class=\"wp-image-200489\" style=\"width:488px;height:auto\" data-recalc-dims=\"1\"\/><\/a><\/figure>\n\n\n\n<p>Dou\u0103 persoane au primit \u00eengrijiri medicale, fiind transportate ulterior la spital.<\/p>\n\n\n\n<p>Este vorba despre un b\u0103rbat de 26 de ani \u0219i un minor de 15 ani.<\/p>\n\n\n\n<p>La misiune au luat parte dou\u0103 autospeciale cu modul de descarcerare, o ambulan\u021b\u0103 SMURD \u0219i o ambulan\u021b\u0103 SAJ.<\/p>\n\n\n\n<p><strong>UPDATE<\/strong><\/p>\n\n\n\n<p>Din primele cercet\u0103ri efectuate, poli\u021bi\u0219tii au constatat c\u0103 un t\u00e2n\u0103r de 26 de ani, din comuna Mica, \u00een timp ce conducea autoturismul \u00eenspre localitatea Salatiu, ar fi pierdut controlul asupra direc\u021biei de deplasare \u00eentr-o curb\u0103 la st\u00e2nga, r\u0103sturn\u00e2ndu-se \u00een \u0219an\u021bul din partea dreapt\u0103 a sensului de mers.<\/p>\n\n\n\n<p>\u00cen urma evenimentului a rezultat r\u0103nirea conduc\u0103torului auto \u0219i a pasagerului, \u00een v\u00e2rst\u0103 de 15 ani, fiind transporta\u021bi la spital.<\/p>\n\n\n\n<p>Conduc\u0103torul auto a fost testat cu aparatul etilotest, rezult\u00e2nd alcoolemia de 0,70 mg\/l alcool pur \u00een aerul expirat.<\/p>\n\n\n\n<p>Totodat\u0103, \u00een cadrul verific\u0103rilor efectuate, poli\u021bi\u0219tii au constatat c\u0103 acesta are dreptul de a conduce suspendat.<\/p>\n\n\n\n<p>\u00cen continuare se efectueaz\u0103 cercet\u0103ri pentru stabilirea cu exactitate a circumstan\u021belor \u00een care s-a produs evenimentul \u0219i pentru luarea m\u0103surilor legale.<\/p>\n\n\n\n<p>Sursa:cluj24<\/p>\n","protected":false},"excerpt":{"rendered":"<p>Un accident de circula\u021bie a avut loc \u00een urm\u0103 \u00een localitatea clujean\u0103 M\u0103n\u0103stirea. Dou\u0103 persoane au fost r\u0103nite. Pompierii din<\/p>\n","protected":false},"author":1,"featured_media":0,"comment_status":"open","ping_status":"closed","sticky":false,"template":"","format":"standard","meta":{"spay_email":"","footnotes":"","jetpack_publicize_message":""},"categories":[1],"tags":[],"class_list":["post-106677","post","type-post","status-publish","format-standard","hentry","category-uncategorized"],"jetpack_featured_media_url":"","jetpack_publicize_connections":[],"jetpack_sharing_enabled":true,"jetpack_shortlink":"https:\/\/wp.me\/p61naM-rKB","jetpack-related-posts":[],"_links":{"self":[{"href":"https:\/\/realitatearutiera.ro\/index.php?rest_route=\/wp\/v2\/posts\/106677","targetHints":{"allow":["GET"]}}],"collection":[{"href":"https:\/\/realitatearutiera.ro\/index.php?rest_route=\/wp\/v2\/posts"}],"about":[{"href":"https:\/\/realitatearutiera.ro\/index.php?rest_route=\/wp\/v2\/types\/post"}],"author":[{"embeddable":true,"href":"https:\/\/realitatearutiera.ro\/index.php?rest_route=\/wp\/v2\/users\/1"}],"replies":[{"embeddable":true,"href":"https:\/\/realitatearutiera.ro\/index.php?rest_route=%2Fwp%2Fv2%2Fcomments&post=106677"}],"version-history":[{"count":1,"href":"https:\/\/realitatearutiera.ro\/index.php?rest_route=\/wp\/v2\/posts\/106677\/revisions"}],"predecessor-version":[{"id":106679,"href":"https:\/\/realitatearutiera.ro\/index.php?rest_route=\/wp\/v2\/posts\/106677\/revisions\/106679"}],"wp:attachment":[{"href":"https:\/\/realitatearutiera.ro\/index.php?rest_route=%2Fwp%2Fv2%2Fmedia&parent=106677"}],"wp:term":[{"taxonomy":"category","embeddable":true,"href":"https:\/\/realitatearutiera.ro\/index.php?rest_route=%2Fwp%2Fv2%2Fcategories&post=106677"},{"taxonomy":"post_tag","embeddable":true,"href":"https:\/\/realitatearutiera.ro\/index.php?rest_route=%2Fwp%2Fv2%2Ftags&post=106677"}],"curies":[{"name":"wp","href":"https:\/\/api.w.org\/{rel}","templated":true}]}}