{"id":106682,"date":"2024-01-15T08:55:02","date_gmt":"2024-01-15T06:55:02","guid":{"rendered":"https:\/\/realitatearutiera.ro\/?p=106682"},"modified":"2024-01-15T08:55:30","modified_gmt":"2024-01-15T06:55:30","slug":"traficul-este-blocat-pe-a3-din-cauza-unui-accident-rutier","status":"publish","type":"post","link":"https:\/\/realitatearutiera.ro\/?p=106682","title":{"rendered":"Traficul este blocat pe A3 din cauza unui accident rutier"},"content":{"rendered":"\n<p><strong>Accident grav pe Autostrada A3: Trei persoane au fost r\u0103nite. Traficul este blocat.&nbsp;<\/strong><\/p>\n\n\n\n<p>Centrul INFOTRAFIC din Inspectoratul General al Poli\u021biei Rom\u00e2ne informeaz\u0103 c\u0103 traficul este oprit pe Autostrada A3 pe sensul dinspre Gil\u0103u c\u0103tre N\u0103d\u0103\u0219elu, la kilometrul 56, jude\u021bul Cluj.<\/p>\n\n\n<div class=\"wp-block-image\">\n<figure class=\"aligncenter\"><img decoding=\"async\" src=\"https:\/\/i1.wp.com\/alba24.ro\/wp-content\/uploads\/2024\/01\/accident-autostrada-a3-e1705300565505.jpg?w=800&#038;ssl=1\" alt=\"\" class=\"wp-image-1015779\" data-recalc-dims=\"1\"\/><\/figure>\n<\/div>\n\n\n<p>Cauza este un accident grav, \u00een care au fost implicate un autoturism \u0219i un ansamblu auto.<\/p>\n\n\n\n<p>Accidentul s-a soldat cu trei persoane r\u0103nite, fiind \u00een desf\u0103\u0219urare manevre pentru descarcerarea uneia dintre victime.<\/p>\n\n\n\n<p>\u00cen urma coliziunii, o persoan\u0103 a r\u0103mas \u00eencarcerat\u0103. La ora 8:30, circula\u021bia era blocat\u0103.<\/p>\n\n\n\n<p>La fata locului s-au deplasat politia, ambulanta \u0219i pompierii.<\/p>\n\n\n<div class=\"wp-block-image\">\n<figure class=\"aligncenter\"><img decoding=\"async\" src=\"https:\/\/i0.wp.com\/alba24.ro\/wp-content\/uploads\/2024\/01\/accident-autostrada-1024x768.jpg?resize=800%2C600&#038;ssl=1\" alt=\"\" class=\"wp-image-1015782\" data-recalc-dims=\"1\"\/><\/figure>\n<\/div>\n\n\n<p>\u201dDin primele date, \u00een urma accidentului au rezultat trei victime, \u0219i anume trei b\u0103rba\u021bi. Unul dintre ace\u0219tia este \u00eencarcerat \u00een autoturism, fiind incon\u0219tient.<\/p>\n\n\n\n<p>Celelalte dou\u0103 persoane au reu\u0219it s\u0103 ias\u0103 singure afar\u0103, dar necesit\u0103 \u00eengrijiri medicale. Pompierii desf\u0103\u0219oar\u0103 \u00een aceste momente opera\u021biunile de descarcerare.<\/p>\n\n\n\n<p>B\u0103rbatul a fost descarcerat, \u00eens\u0103 se afla \u00een stop cardio-respirator. Echipajele medicale aplic\u0103 manevre de resuscitare. Ceilal\u021bi doi b\u0103rba\u021bi sunt con\u0219tien\u021bi, cooperan\u021bi, dar prezint\u0103 multiple traumatisme\u201d au transmis reprezentan\u021bii ISU Cluj.<\/p>\n\n\n\n<p>Sursa:alba24<\/p>\n","protected":false},"excerpt":{"rendered":"<p>Accident grav pe Autostrada A3: Trei persoane au fost r\u0103nite. Traficul este blocat.&nbsp; Centrul INFOTRAFIC din Inspectoratul General al Poli\u021biei<\/p>\n","protected":false},"author":1,"featured_media":99387,"comment_status":"open","ping_status":"closed","sticky":false,"template":"","format":"standard","meta":{"spay_email":"","footnotes":"","jetpack_publicize_message":""},"categories":[1],"tags":[],"class_list":["post-106682","post","type-post","status-publish","format-standard","has-post-thumbnail","hentry","category-uncategorized"],"jetpack_featured_media_url":"https:\/\/i0.wp.com\/realitatearutiera.ro\/wp-content\/uploads\/2023\/05\/accident-ambulanta-poza-buna_b920cdfaf1.jpg?fit=1920%2C1080&ssl=1","jetpack_publicize_connections":[],"jetpack_sharing_enabled":true,"jetpack_shortlink":"https:\/\/wp.me\/p61naM-rKG","jetpack-related-posts":[],"_links":{"self":[{"href":"https:\/\/realitatearutiera.ro\/index.php?rest_route=\/wp\/v2\/posts\/106682","targetHints":{"allow":["GET"]}}],"collection":[{"href":"https:\/\/realitatearutiera.ro\/index.php?rest_route=\/wp\/v2\/posts"}],"about":[{"href":"https:\/\/realitatearutiera.ro\/index.php?rest_route=\/wp\/v2\/types\/post"}],"author":[{"embeddable":true,"href":"https:\/\/realitatearutiera.ro\/index.php?rest_route=\/wp\/v2\/users\/1"}],"replies":[{"embeddable":true,"href":"https:\/\/realitatearutiera.ro\/index.php?rest_route=%2Fwp%2Fv2%2Fcomments&post=106682"}],"version-history":[{"count":2,"href":"https:\/\/realitatearutiera.ro\/index.php?rest_route=\/wp\/v2\/posts\/106682\/revisions"}],"predecessor-version":[{"id":106684,"href":"https:\/\/realitatearutiera.ro\/index.php?rest_route=\/wp\/v2\/posts\/106682\/revisions\/106684"}],"wp:featuredmedia":[{"embeddable":true,"href":"https:\/\/realitatearutiera.ro\/index.php?rest_route=\/wp\/v2\/media\/99387"}],"wp:attachment":[{"href":"https:\/\/realitatearutiera.ro\/index.php?rest_route=%2Fwp%2Fv2%2Fmedia&parent=106682"}],"wp:term":[{"taxonomy":"category","embeddable":true,"href":"https:\/\/realitatearutiera.ro\/index.php?rest_route=%2Fwp%2Fv2%2Fcategories&post=106682"},{"taxonomy":"post_tag","embeddable":true,"href":"https:\/\/realitatearutiera.ro\/index.php?rest_route=%2Fwp%2Fv2%2Ftags&post=106682"}],"curies":[{"name":"wp","href":"https:\/\/api.w.org\/{rel}","templated":true}]}}