{"id":107236,"date":"2024-01-29T08:23:32","date_gmt":"2024-01-29T06:23:32","guid":{"rendered":"https:\/\/realitatearutiera.ro\/?p=107236"},"modified":"2024-01-29T08:23:46","modified_gmt":"2024-01-29T06:23:46","slug":"accident-pe-a1-pe-sensul-de-mers-spre-bucuresti","status":"publish","type":"post","link":"https:\/\/realitatearutiera.ro\/?p=107236","title":{"rendered":"Accident pe A1, pe sensul de mers spre Bucure\u0219ti"},"content":{"rendered":"\n<p>Un accident a avut loc duminic\u0103 sear\u0103 pe A1, pe sensul de mers spre Bucure\u0219ti.<\/p>\n\n\n\n<figure class=\"wp-block-image size-large is-resized\"><img loading=\"lazy\" decoding=\"async\" width=\"800\" height=\"501\" data-attachment-id=\"107237\" data-permalink=\"https:\/\/realitatearutiera.ro\/?attachment_id=107237\" data-orig-file=\"https:\/\/i1.wp.com\/realitatearutiera.ro\/wp-content\/uploads\/2024\/01\/image-33.png?fit=1408%2C882&amp;ssl=1\" data-orig-size=\"1408,882\" data-comments-opened=\"1\" data-image-meta=\"{&quot;aperture&quot;:&quot;0&quot;,&quot;credit&quot;:&quot;&quot;,&quot;camera&quot;:&quot;&quot;,&quot;caption&quot;:&quot;&quot;,&quot;created_timestamp&quot;:&quot;0&quot;,&quot;copyright&quot;:&quot;&quot;,&quot;focal_length&quot;:&quot;0&quot;,&quot;iso&quot;:&quot;0&quot;,&quot;shutter_speed&quot;:&quot;0&quot;,&quot;title&quot;:&quot;&quot;,&quot;orientation&quot;:&quot;0&quot;}\" data-image-title=\"image-33\" data-image-description=\"\" data-medium-file=\"https:\/\/i1.wp.com\/realitatearutiera.ro\/wp-content\/uploads\/2024\/01\/image-33.png?fit=300%2C188&amp;ssl=1\" data-large-file=\"https:\/\/i1.wp.com\/realitatearutiera.ro\/wp-content\/uploads\/2024\/01\/image-33.png?fit=800%2C501&amp;ssl=1\" src=\"https:\/\/i0.wp.com\/realitatearutiera.ro\/wp-content\/uploads\/2024\/01\/image-33-1024x641.png?resize=800%2C501&#038;ssl=1\" alt=\"\" class=\"wp-image-107237\" style=\"width:549px;height:auto\" srcset=\"https:\/\/i1.wp.com\/realitatearutiera.ro\/wp-content\/uploads\/2024\/01\/image-33.png?resize=1024%2C641&amp;ssl=1 1024w, https:\/\/i1.wp.com\/realitatearutiera.ro\/wp-content\/uploads\/2024\/01\/image-33.png?resize=300%2C188&amp;ssl=1 300w, https:\/\/i1.wp.com\/realitatearutiera.ro\/wp-content\/uploads\/2024\/01\/image-33.png?resize=768%2C481&amp;ssl=1 768w, https:\/\/i1.wp.com\/realitatearutiera.ro\/wp-content\/uploads\/2024\/01\/image-33.png?w=1408&amp;ssl=1 1408w\" sizes=\"auto, (max-width: 800px) 100vw, 800px\" data-recalc-dims=\"1\" \/><\/figure>\n\n\n\n<p>La c\u00e2\u021biva kilometri de Capital\u0103, \u0219oferul unei ma\u0219ini a \u00eencercat s\u0103 ajung\u0103 pe a doua band\u0103, plec\u00e2nd de pe cea de urgen\u021b\u0103, \u00eens\u0103 a fost lovit cu putere de un autoturism care venea din spate.<\/p>\n\n\n\n<p>\u00cen urma impactului, vehiculul izbit s-a r\u0103sturnat, iar o femeie \u00eens\u0103rcinat\u0103, aflat\u0103 pe locul din dreapta, a fost transportat\u0103 la spital cu r\u0103ni u\u0219oare.<\/p>\n\n\n\n<p>Potrivit poli\u021bi\u0219tilor, conduc\u0103torii auto nu consumaser\u0103 alcool sau droguri \u00eenainte de a se urca la volan.<\/p>\n\n\n\n<p>Sursa:stirileprotv<\/p>\n","protected":false},"excerpt":{"rendered":"<p>Un accident a avut loc duminic\u0103 sear\u0103 pe A1, pe sensul de mers spre Bucure\u0219ti. La c\u00e2\u021biva kilometri de Capital\u0103,<\/p>\n","protected":false},"author":1,"featured_media":0,"comment_status":"open","ping_status":"closed","sticky":false,"template":"","format":"standard","meta":{"spay_email":"","footnotes":"","jetpack_publicize_message":""},"categories":[1],"tags":[],"class_list":["post-107236","post","type-post","status-publish","format-standard","hentry","category-uncategorized"],"jetpack_featured_media_url":"","jetpack_publicize_connections":[],"jetpack_sharing_enabled":true,"jetpack_shortlink":"https:\/\/wp.me\/p61naM-rTC","jetpack-related-posts":[],"_links":{"self":[{"href":"https:\/\/realitatearutiera.ro\/index.php?rest_route=\/wp\/v2\/posts\/107236","targetHints":{"allow":["GET"]}}],"collection":[{"href":"https:\/\/realitatearutiera.ro\/index.php?rest_route=\/wp\/v2\/posts"}],"about":[{"href":"https:\/\/realitatearutiera.ro\/index.php?rest_route=\/wp\/v2\/types\/post"}],"author":[{"embeddable":true,"href":"https:\/\/realitatearutiera.ro\/index.php?rest_route=\/wp\/v2\/users\/1"}],"replies":[{"embeddable":true,"href":"https:\/\/realitatearutiera.ro\/index.php?rest_route=%2Fwp%2Fv2%2Fcomments&post=107236"}],"version-history":[{"count":1,"href":"https:\/\/realitatearutiera.ro\/index.php?rest_route=\/wp\/v2\/posts\/107236\/revisions"}],"predecessor-version":[{"id":107238,"href":"https:\/\/realitatearutiera.ro\/index.php?rest_route=\/wp\/v2\/posts\/107236\/revisions\/107238"}],"wp:attachment":[{"href":"https:\/\/realitatearutiera.ro\/index.php?rest_route=%2Fwp%2Fv2%2Fmedia&parent=107236"}],"wp:term":[{"taxonomy":"category","embeddable":true,"href":"https:\/\/realitatearutiera.ro\/index.php?rest_route=%2Fwp%2Fv2%2Fcategories&post=107236"},{"taxonomy":"post_tag","embeddable":true,"href":"https:\/\/realitatearutiera.ro\/index.php?rest_route=%2Fwp%2Fv2%2Ftags&post=107236"}],"curies":[{"name":"wp","href":"https:\/\/api.w.org\/{rel}","templated":true}]}}