{"id":108084,"date":"2024-02-15T11:18:21","date_gmt":"2024-02-15T09:18:21","guid":{"rendered":"https:\/\/realitatearutiera.ro\/?p=108084"},"modified":"2024-02-15T11:18:24","modified_gmt":"2024-02-15T09:18:24","slug":"accident-rutier-in-zona-flora-iasi","status":"publish","type":"post","link":"https:\/\/realitatearutiera.ro\/?p=108084","title":{"rendered":"Accident rutier \u00een zona Flora, Ia\u0219i"},"content":{"rendered":"\n<p>Un accident rutier a avut loc \u00een aceast\u0103 diminea\u0163\u0103 \u00een zona Flora. Dou\u0103 autoturisme s-au izbit frontal, iar incidentul s-a petrecut pe linia de tramvai. La fa\u0163a locului a ajuns \u015fi un echipaj SMURD pentru a asista medical persoanele care au fost implicate \u00een accident. Poli\u0163ia va afectua cercet\u0103ri suplimentare pentru a determina cauzele exacte ale incidentului.<\/p>\n\n\n\n<figure class=\"wp-block-image size-full\"><img loading=\"lazy\" decoding=\"async\" width=\"640\" height=\"480\" data-attachment-id=\"108085\" data-permalink=\"https:\/\/realitatearutiera.ro\/?attachment_id=108085\" data-orig-file=\"https:\/\/i2.wp.com\/realitatearutiera.ro\/wp-content\/uploads\/2024\/02\/image-24.png?fit=640%2C480&amp;ssl=1\" data-orig-size=\"640,480\" data-comments-opened=\"1\" data-image-meta=\"{&quot;aperture&quot;:&quot;0&quot;,&quot;credit&quot;:&quot;&quot;,&quot;camera&quot;:&quot;&quot;,&quot;caption&quot;:&quot;&quot;,&quot;created_timestamp&quot;:&quot;0&quot;,&quot;copyright&quot;:&quot;&quot;,&quot;focal_length&quot;:&quot;0&quot;,&quot;iso&quot;:&quot;0&quot;,&quot;shutter_speed&quot;:&quot;0&quot;,&quot;title&quot;:&quot;&quot;,&quot;orientation&quot;:&quot;0&quot;}\" data-image-title=\"image-24\" data-image-description=\"\" data-medium-file=\"https:\/\/i2.wp.com\/realitatearutiera.ro\/wp-content\/uploads\/2024\/02\/image-24.png?fit=300%2C225&amp;ssl=1\" data-large-file=\"https:\/\/i2.wp.com\/realitatearutiera.ro\/wp-content\/uploads\/2024\/02\/image-24.png?fit=640%2C480&amp;ssl=1\" src=\"https:\/\/i2.wp.com\/realitatearutiera.ro\/wp-content\/uploads\/2024\/02\/image-24.png?resize=640%2C480&#038;ssl=1\" alt=\"\" class=\"wp-image-108085\" srcset=\"https:\/\/i2.wp.com\/realitatearutiera.ro\/wp-content\/uploads\/2024\/02\/image-24.png?w=640&amp;ssl=1 640w, https:\/\/i2.wp.com\/realitatearutiera.ro\/wp-content\/uploads\/2024\/02\/image-24.png?resize=300%2C225&amp;ssl=1 300w\" sizes=\"auto, (max-width: 640px) 100vw, 640px\" data-recalc-dims=\"1\" \/><\/figure>\n\n\n\n<p>\u201cV\u0103 inform\u0103m cu privire la un incident care a avut loc la ora 07.40 \u00eentre Flora \u015fi Dispecer \u015fi care a afectat circulatia tramvaielor ce tranziteaz\u0103 cartierul T\u0103t\u0103ra\u015fi. Incidentul a blocat traficul pe linia de tramvai pe ambele sensuri de mers\u201d, se arat\u0103 \u00eentr-o postare pe Facebook a reprezentan\u0163ilor Companiei de Transport \u00een Comun. In jurul orelor 08:15, circulatia tramvaielor a fost deblocata.<\/p>\n\n\n\n<p>Sursa:ziaruldeiasi<\/p>\n","protected":false},"excerpt":{"rendered":"<p>Un accident rutier a avut loc \u00een aceast\u0103 diminea\u0163\u0103 \u00een zona Flora. Dou\u0103 autoturisme s-au izbit frontal, iar incidentul s-a<\/p>\n","protected":false},"author":1,"featured_media":0,"comment_status":"open","ping_status":"closed","sticky":false,"template":"","format":"standard","meta":{"spay_email":"","footnotes":"","jetpack_publicize_message":""},"categories":[1],"tags":[],"class_list":["post-108084","post","type-post","status-publish","format-standard","hentry","category-uncategorized"],"jetpack_featured_media_url":"","jetpack_publicize_connections":[],"jetpack_sharing_enabled":true,"jetpack_shortlink":"https:\/\/wp.me\/p61naM-s7i","jetpack-related-posts":[],"_links":{"self":[{"href":"https:\/\/realitatearutiera.ro\/index.php?rest_route=\/wp\/v2\/posts\/108084","targetHints":{"allow":["GET"]}}],"collection":[{"href":"https:\/\/realitatearutiera.ro\/index.php?rest_route=\/wp\/v2\/posts"}],"about":[{"href":"https:\/\/realitatearutiera.ro\/index.php?rest_route=\/wp\/v2\/types\/post"}],"author":[{"embeddable":true,"href":"https:\/\/realitatearutiera.ro\/index.php?rest_route=\/wp\/v2\/users\/1"}],"replies":[{"embeddable":true,"href":"https:\/\/realitatearutiera.ro\/index.php?rest_route=%2Fwp%2Fv2%2Fcomments&post=108084"}],"version-history":[{"count":1,"href":"https:\/\/realitatearutiera.ro\/index.php?rest_route=\/wp\/v2\/posts\/108084\/revisions"}],"predecessor-version":[{"id":108086,"href":"https:\/\/realitatearutiera.ro\/index.php?rest_route=\/wp\/v2\/posts\/108084\/revisions\/108086"}],"wp:attachment":[{"href":"https:\/\/realitatearutiera.ro\/index.php?rest_route=%2Fwp%2Fv2%2Fmedia&parent=108084"}],"wp:term":[{"taxonomy":"category","embeddable":true,"href":"https:\/\/realitatearutiera.ro\/index.php?rest_route=%2Fwp%2Fv2%2Fcategories&post=108084"},{"taxonomy":"post_tag","embeddable":true,"href":"https:\/\/realitatearutiera.ro\/index.php?rest_route=%2Fwp%2Fv2%2Ftags&post=108084"}],"curies":[{"name":"wp","href":"https:\/\/api.w.org\/{rel}","templated":true}]}}