{"id":108280,"date":"2024-02-21T09:45:41","date_gmt":"2024-02-21T07:45:41","guid":{"rendered":"https:\/\/realitatearutiera.ro\/?p=108280"},"modified":"2024-02-21T09:46:00","modified_gmt":"2024-02-21T07:46:00","slug":"judetul-brasov-trafic-dirijat-pe-dn-1s-in-urma-unui-accident","status":"publish","type":"post","link":"https:\/\/realitatearutiera.ro\/?p=108280","title":{"rendered":"JUDE\u021aUL BRA\u0218OV: TRAFIC DIRIJAT PE DN 1S, \u00ceN URMA UNUI ACCIDENT"},"content":{"rendered":"\n<p><strong>Ora:&nbsp;<\/strong>08:45<\/p>\n\n\n\n<p><strong>Centrul INFOTRAFIC din Inspectoratul General al Poli\u021biei Rom\u00e2ne&nbsp;<\/strong>informeaz\u0103 c\u0103 traficul se desf\u0103\u0219oar\u0103 dirijat, alternativ, pe DN 1S, la ie\u0219ire din localitatea Hoghiz c\u0103tre F\u0103g\u0103ra\u0219, jude\u021bul Bra\u0219ov, dup\u0103 ce un autocamion s-a r\u0103sturnat pe carosabil, rezult\u00e2nd r\u0103nirea unei persoane.<\/p>\n\n\n\n<p>Se estimeaz\u0103 reluarea circula\u021biei \u00een condi\u021bii normale dup\u0103 ora 10.00.<\/p>\n","protected":false},"excerpt":{"rendered":"<p>Ora:&nbsp;08:45 Centrul INFOTRAFIC din Inspectoratul General al Poli\u021biei Rom\u00e2ne&nbsp;informeaz\u0103 c\u0103 traficul se desf\u0103\u0219oar\u0103 dirijat, alternativ, pe DN 1S, la ie\u0219ire<\/p>\n","protected":false},"author":1,"featured_media":92211,"comment_status":"open","ping_status":"closed","sticky":false,"template":"","format":"standard","meta":{"spay_email":"","footnotes":"","jetpack_publicize_message":""},"categories":[54],"tags":[],"class_list":["post-108280","post","type-post","status-publish","format-standard","has-post-thumbnail","hentry","category-informatii-rutiere"],"jetpack_featured_media_url":"https:\/\/realitatearutiera.ro\/wp-content\/uploads\/2022\/11\/info-trafic-observatorulnational-1.webp","jetpack_publicize_connections":[],"jetpack_sharing_enabled":true,"jetpack_shortlink":"https:\/\/wp.me\/p61naM-sas","jetpack-related-posts":[],"_links":{"self":[{"href":"https:\/\/realitatearutiera.ro\/index.php?rest_route=\/wp\/v2\/posts\/108280","targetHints":{"allow":["GET"]}}],"collection":[{"href":"https:\/\/realitatearutiera.ro\/index.php?rest_route=\/wp\/v2\/posts"}],"about":[{"href":"https:\/\/realitatearutiera.ro\/index.php?rest_route=\/wp\/v2\/types\/post"}],"author":[{"embeddable":true,"href":"https:\/\/realitatearutiera.ro\/index.php?rest_route=\/wp\/v2\/users\/1"}],"replies":[{"embeddable":true,"href":"https:\/\/realitatearutiera.ro\/index.php?rest_route=%2Fwp%2Fv2%2Fcomments&post=108280"}],"version-history":[{"count":1,"href":"https:\/\/realitatearutiera.ro\/index.php?rest_route=\/wp\/v2\/posts\/108280\/revisions"}],"predecessor-version":[{"id":108281,"href":"https:\/\/realitatearutiera.ro\/index.php?rest_route=\/wp\/v2\/posts\/108280\/revisions\/108281"}],"wp:featuredmedia":[{"embeddable":true,"href":"https:\/\/realitatearutiera.ro\/index.php?rest_route=\/wp\/v2\/media\/92211"}],"wp:attachment":[{"href":"https:\/\/realitatearutiera.ro\/index.php?rest_route=%2Fwp%2Fv2%2Fmedia&parent=108280"}],"wp:term":[{"taxonomy":"category","embeddable":true,"href":"https:\/\/realitatearutiera.ro\/index.php?rest_route=%2Fwp%2Fv2%2Fcategories&post=108280"},{"taxonomy":"post_tag","embeddable":true,"href":"https:\/\/realitatearutiera.ro\/index.php?rest_route=%2Fwp%2Fv2%2Ftags&post=108280"}],"curies":[{"name":"wp","href":"https:\/\/api.w.org\/{rel}","templated":true}]}}