{"id":108372,"date":"2024-02-23T08:40:03","date_gmt":"2024-02-23T06:40:03","guid":{"rendered":"https:\/\/realitatearutiera.ro\/?p=108372"},"modified":"2024-02-23T08:40:05","modified_gmt":"2024-02-23T06:40:05","slug":"vremea-62","status":"publish","type":"post","link":"https:\/\/realitatearutiera.ro\/?p=108372","title":{"rendered":"Vremea"},"content":{"rendered":"\n<p>Vineri, 23 februarie, ne a\u0219tept\u0103m la o vreme frumoas\u0103 \u0219i foarte cald\u0103 pentru aceast\u0103 perioad\u0103 a anului.<\/p>\n\n\n\n<p>Cerul va fi predominant variabil p\u00e2n\u0103 la senin \u00een cea mai mare parte a Rom\u00e2niei, iar temperaturile maxime vor oscila \u00eentre 13 \u0219i 20\u00b0C. Local, \u00een vest \u0219i sud-est, vor fi intensific\u0103ri ale v\u00e2ntului, cu rafale de p\u00e2n\u0103 la 40 &#8211; 50 km\/h.<\/p>\n\n\n\n<p>\u00cen Dobrogea&nbsp;\u0219i&nbsp;B\u0103r\u0103ganul, va fi soare \u00een cea mai mare parte a zilei. Temperaturile vor atinge 18 grade \u00een B\u0103r\u0103gan.<\/p>\n\n\n\n<p>\u00cen\u00a0Moldova sudic\u0103\u00a0\u0219i \u00een\u00a0nordul Munteniei, norii apar destul de rar iar maximele ajung la 17 grade.<\/p>\n\n\n\n<p>\u00cen&nbsp;jum\u0103tatea nordic\u0103 a Moldovei&nbsp;\u0219i \u00een&nbsp;Bucovina&nbsp;domina atmosfera \u00eensorit\u0103.<\/p>\n\n\n\n<p>Temperaturile se men\u021bin ridicate pentru data din calendar \u0219i ajung pe la 15 grade.<\/p>\n\n\n\n<p>Un aer mai cald ajunge \u0219i \u00een&nbsp;nordul Transilvaniei&nbsp;\u0219i \u00een&nbsp;Maramure\u0219. Pe-aici o s\u0103 picure trec\u0103tor, mai ales \u00een zona Maramure\u0219ului. Temperaturile vor ating3 14 grade.<\/p>\n\n\n\n<p>Vreme schimb\u0103toare g\u0103sim \u0219i \u00een&nbsp;\u021binuturile vestice: \u00eennor\u0103ri, scurte perioade cu soare, c\u00e2\u021biva stropi ploaie. V\u00e2ntul devine ceva mai insistent. Temperaturile vor \u00eenregistr\u0103 \u00een jur de 18 grade.<\/p>\n\n\n\n<p>\u00cen&nbsp;Transilvania&nbsp; maximele ajung la valori nefiresc de mari pentru acest moment al anului. Vor fi 12 grade \u00een depresiuni \u0219i 16 grade pe partea vestic\u0103.<\/p>\n\n\n\n<p>\u0218i \u00een&nbsp;Oltenia<a href=\"https:\/\/adevarul.ro\/stiri-interne\/meteo\/prognoza-meteo-miercuri-21-februarie-vreme-tot-2341610.html\">&nbsp;va fi mai cald dec\u00e2t ar trebui<\/a>. Maximele ajung tot la 16 grade.<\/p>\n\n\n\n<p>\u00cen&nbsp;\u021binuturile sudice&nbsp;o s\u0103 fie cel mai cald din \u021bar\u0103. \u00cen zonele deluroase maximele ajung 17 grade, \u00eens\u0103 \u00een Lunca Dun\u0103rii temperaturile urc\u0103 p\u00e2n\u0103 la 20 de grade<\/p>\n\n\n\n<p><strong>Vremea \u00een Bucure\u0219ti<\/strong><\/p>\n\n\n\n<p>\u00cen Bucure\u0219ti va fi vreme frumoas\u0103, cu soare \u00een cea mai mare parte a zilei \u0219i atmosfer\u0103 de prim\u0103vara dup\u0103 pr\u00e2nz,&nbsp;<a href=\"https:\/\/adevarul.ro\/stiri-interne\/meteo\/prognoza-meteo-joi-22-februarie-o-zi-insorita-2341964.html\">c\u00e2nd se ating 19 grade.<\/a>&nbsp;Urmeaz\u0103 o noapte pl\u0103cuta, cu o minim\u0103 de 4 grade.<\/p>\n\n\n\n<p>La&nbsp; munte, doar \u00een Carpa\u021bii Occidentali \u0219i \u00een nordul Orientalilor apar ceva \u00eennor\u0103ri \u0219i, izolat, vin c\u00e2\u021biva stropi de ploaie.<\/p>\n\n\n\n<p><strong>Cum va fi \u00een weekend<\/strong><\/p>\n\n\n\n<p>\u00cencep\u00e2nd din a doua parte a zilei de s\u00e2mb\u0103t\u0103, 24 februarie, \u00een jum\u0103tatea vestic\u0103 a \u021b\u0103rii se prev\u0103d ploi slabe sau moderate cantitativ. Datorit\u0103 temperaturilor ridicate, precipita\u021biile vor fi predominant sub form\u0103 de ploaie, inclusiv \u00een zonele montane, favoriz\u00e2nd topirea z\u0103pezii.<\/p>\n\n\n\n<p>\u00cen regiunile extracarpatice, inclusiv \u00een Capital\u0103, vremea va fi frumoas\u0103 \u0219i se vor atinge temperaturi \u00een jurul valorilor de 16 &#8211; 20\u00b0C, iar \u00een unele locuri, \u00een special \u00een sud-est, chiar \u0219i 21 &#8211; 22\u00b0C, potrivit &nbsp;<a href=\"https:\/\/www.meteoradar.ro\/stiri-meteo\/vremea-in-weekend-temperaturi-de-pana-la-20c-si-ploi-in-unele-regiuni--542f992a-5b18-4601-81fe-c0d3bb2cbbf6\" target=\"_blank\" rel=\"noreferrer noopener\">meteoradar.ro<\/a>.<\/p>\n\n\n\n<p>Duminic\u0103, 25 februarie, cerul va fi predominant noros \u00een prima parte a zilei, cu excep\u021bia unor zone din sud-est, dar spre dup\u0103-amiaz\u0103, soarele va ap\u0103rea \u00een mare parte din \u021bar\u0103. Temperaturile vor varia \u00eentre 14 \u0219i 21\u00b0C, \u00eens\u0103 local, sunt posibile c\u00e2teva averse, mai ales \u00een zona sudic\u0103 a Carpa\u021bilor Meridionali.<\/p>\n\n\n\n<p>Sursa:adevarul<\/p>\n","protected":false},"excerpt":{"rendered":"<p>Vineri, 23 februarie, ne a\u0219tept\u0103m la o vreme frumoas\u0103 \u0219i foarte cald\u0103 pentru aceast\u0103 perioad\u0103 a anului. Cerul va fi<\/p>\n","protected":false},"author":1,"featured_media":108275,"comment_status":"open","ping_status":"closed","sticky":false,"template":"","format":"standard","meta":{"spay_email":"","footnotes":"","jetpack_publicize_message":""},"categories":[6],"tags":[],"class_list":["post-108372","post","type-post","status-publish","format-standard","has-post-thumbnail","hentry","category-social"],"jetpack_featured_media_url":"https:\/\/realitatearutiera.ro\/wp-content\/uploads\/2024\/02\/index-11.webp","jetpack_publicize_connections":[],"jetpack_sharing_enabled":true,"jetpack_shortlink":"https:\/\/wp.me\/p61naM-sbW","jetpack-related-posts":[],"_links":{"self":[{"href":"https:\/\/realitatearutiera.ro\/index.php?rest_route=\/wp\/v2\/posts\/108372","targetHints":{"allow":["GET"]}}],"collection":[{"href":"https:\/\/realitatearutiera.ro\/index.php?rest_route=\/wp\/v2\/posts"}],"about":[{"href":"https:\/\/realitatearutiera.ro\/index.php?rest_route=\/wp\/v2\/types\/post"}],"author":[{"embeddable":true,"href":"https:\/\/realitatearutiera.ro\/index.php?rest_route=\/wp\/v2\/users\/1"}],"replies":[{"embeddable":true,"href":"https:\/\/realitatearutiera.ro\/index.php?rest_route=%2Fwp%2Fv2%2Fcomments&post=108372"}],"version-history":[{"count":1,"href":"https:\/\/realitatearutiera.ro\/index.php?rest_route=\/wp\/v2\/posts\/108372\/revisions"}],"predecessor-version":[{"id":108373,"href":"https:\/\/realitatearutiera.ro\/index.php?rest_route=\/wp\/v2\/posts\/108372\/revisions\/108373"}],"wp:featuredmedia":[{"embeddable":true,"href":"https:\/\/realitatearutiera.ro\/index.php?rest_route=\/wp\/v2\/media\/108275"}],"wp:attachment":[{"href":"https:\/\/realitatearutiera.ro\/index.php?rest_route=%2Fwp%2Fv2%2Fmedia&parent=108372"}],"wp:term":[{"taxonomy":"category","embeddable":true,"href":"https:\/\/realitatearutiera.ro\/index.php?rest_route=%2Fwp%2Fv2%2Fcategories&post=108372"},{"taxonomy":"post_tag","embeddable":true,"href":"https:\/\/realitatearutiera.ro\/index.php?rest_route=%2Fwp%2Fv2%2Ftags&post=108372"}],"curies":[{"name":"wp","href":"https:\/\/api.w.org\/{rel}","templated":true}]}}