{"id":109543,"date":"2024-03-28T10:22:31","date_gmt":"2024-03-28T08:22:31","guid":{"rendered":"https:\/\/realitatearutiera.ro\/?p=109543"},"modified":"2024-03-28T10:22:33","modified_gmt":"2024-03-28T08:22:33","slug":"drumul-national-7a-ce-leaga-transalpina-de-statiunea-voineasa-arata-ca-o-ulita","status":"publish","type":"post","link":"https:\/\/realitatearutiera.ro\/?p=109543","title":{"rendered":"Drumul na\u0163ional 7A,\u00a0ce leag\u0103 Transalpina de sta\u021biunea Voineasa, arat\u0103 ca o uli\u0163\u0103"},"content":{"rendered":"\n<p>Turism din groap\u0103 \u00een\u00a0<a href=\"https:\/\/observatornews.ro\/eveniment\/strada-din-galati-asfaltata-de-dorel-cu-tot-cu-copaci-apoi-a-reparat-gafa-cu-tarnacopul-un-coleg-na-stiut-565752.html\" target=\"_blank\" rel=\"noreferrer noopener\">groap\u0103 pe drumul<\/a>\u00a0ce leag\u0103 Transalpina de sta\u021biunea Voineasa, \u015fi nu numai. Se tot am\u00e2n\u0103 modernizarea acestui important drum montan deoarece singura ofert\u0103 depus\u0103 de un constructor turc a fost declarat\u0103 neconform\u0103. A\u0219a c\u0103 procedurile pentru modernizarea por\u0163iunii ce leag\u0103 Valea Jiului de sta\u021biunile montane din V\u00e2lcea vor fi reluate. P\u00e2n\u0103 c\u00e2nd va fi asfaltat, turi\u0219tii care ajung la schi ori \u00een drume\u021bii \u00een zon\u0103 n-au dec\u00e2t s\u0103 fac\u0103 slalom printre gropi.\u00a0<\/p>\n\n\n\n<figure class=\"wp-block-image size-full\"><img loading=\"lazy\" decoding=\"async\" width=\"640\" height=\"480\" data-attachment-id=\"109544\" data-permalink=\"https:\/\/realitatearutiera.ro\/?attachment_id=109544\" data-orig-file=\"https:\/\/i2.wp.com\/realitatearutiera.ro\/wp-content\/uploads\/2024\/03\/image-39.png?fit=640%2C480&amp;ssl=1\" data-orig-size=\"640,480\" data-comments-opened=\"1\" data-image-meta=\"{&quot;aperture&quot;:&quot;0&quot;,&quot;credit&quot;:&quot;&quot;,&quot;camera&quot;:&quot;&quot;,&quot;caption&quot;:&quot;&quot;,&quot;created_timestamp&quot;:&quot;0&quot;,&quot;copyright&quot;:&quot;&quot;,&quot;focal_length&quot;:&quot;0&quot;,&quot;iso&quot;:&quot;0&quot;,&quot;shutter_speed&quot;:&quot;0&quot;,&quot;title&quot;:&quot;&quot;,&quot;orientation&quot;:&quot;0&quot;}\" data-image-title=\"image-39\" data-image-description=\"\" data-medium-file=\"https:\/\/i2.wp.com\/realitatearutiera.ro\/wp-content\/uploads\/2024\/03\/image-39.png?fit=300%2C225&amp;ssl=1\" data-large-file=\"https:\/\/i2.wp.com\/realitatearutiera.ro\/wp-content\/uploads\/2024\/03\/image-39.png?fit=640%2C480&amp;ssl=1\" src=\"https:\/\/i2.wp.com\/realitatearutiera.ro\/wp-content\/uploads\/2024\/03\/image-39.png?resize=640%2C480&#038;ssl=1\" alt=\"\" class=\"wp-image-109544\" srcset=\"https:\/\/i2.wp.com\/realitatearutiera.ro\/wp-content\/uploads\/2024\/03\/image-39.png?w=640&amp;ssl=1 640w, https:\/\/i2.wp.com\/realitatearutiera.ro\/wp-content\/uploads\/2024\/03\/image-39.png?resize=300%2C225&amp;ssl=1 300w\" sizes=\"auto, (max-width: 640px) 100vw, 640px\" data-recalc-dims=\"1\" \/><\/figure>\n\n\n\n<p><a href=\"https:\/\/observatornews.ro\/autori\/diana-speretoiu-id43.html\"><\/a><\/p>\n\n\n\n<p>Drumul na\u021bional 7A leag\u0103 Valea Jiului, prin mun\u021bi, de sta\u021biunile montane din Voineasa \u0219i de pe Valea Oltului.&nbsp;<em>&#8220;E drumul pe care merg mii de turi\u0219ti care iarna vin la schi, \u00een sta\u021biunea Voineasa, iar vara vin s\u0103 se plimbe pe Transalpina, s\u0103 descopere Ob\u00e2r\u0219ia Lotrului sau s\u0103 admire Lacul Vidra&#8221;<\/em>, potrivit reporterului Observator,&nbsp;<strong>Diana Speretoiu<\/strong>.<\/p>\n\n\n\n<p>\u00cens\u0103 p\u00e2n\u0103 ajung la destina\u021bie,&nbsp;<a href=\"https:\/\/observatornews.ro\/eveniment\/au-inceput-sa-apara-vestitorii-primaverii-unii-romani-ajung-sa-plateasca-si-3000-de-lei-562188.html\" target=\"_blank\" rel=\"noreferrer noopener\">\u0219oferii sunt nevoi\u021bi s\u0103 fac\u0103 slalom printre gropi<\/a>&nbsp;\u0219i denivel\u0103ri \u0219i uneori s\u0103 reduc\u0103 viteza la 30 de kilometri pe or\u0103. Nu e de mirare, astfel, c\u0103 mul\u021bi turi\u0219ti au ajuns s\u0103 ocoleasc\u0103 zona din cauza infrastructurii deficitare.<\/p>\n\n\n\n<p>\u00cen drum spre Bucure\u0219ti, \u015fi \u015foferul acestei ma\u015fini s-a ab\u0103tut pe drumul spre Voineasa s\u0103 admire peisajele din zon\u0103. Gropile din asfalt \u00eens\u0103 l-au f\u0103cut s\u0103 fie mai atent la drum dec\u00e2t la priveli\u0219tea din jur, spune&nbsp;<strong>omul<\/strong>.&nbsp;<em>&#8220;De la ie\u0219ire din Petro\u0219ani \u00eencoace, \u00een timp ce m-am apropiat de munte, a \u00eenceput s\u0103 fie cam stricat. Sunt tot felul de gropi, unele sunt peticite, dar la majoritatea trebuie s\u0103 fii atent&#8221;.<\/em><\/p>\n\n\n\n<p>\u00cen aceea\u0219i zon\u0103, \u0219i&nbsp;<a href=\"https:\/\/observatornews.ro\/eveniment\/transalpina-si-transfagarasanul-intra-in-modernizare-ce-lucrari-se-vor-executa-pe-cele-mai-spectaculoase-drumuri-din-muntii-romaniei-566866.html\" target=\"_blank\" rel=\"noreferrer noopener\">o bucat\u0103 din Transalpina<\/a>, \u00eentre Ob\u00e2r\u0219ia Lotrului \u0219i Oa\u0219a, are nevoie urgent de interven\u021bii.&nbsp;<em>&#8220;De\u0219i arat\u0103 ca o uli\u021b\u0103, acesta e un drum na\u021bional. Merge la Sebe\u0219, \u00een Alba, iar pe o por\u021biune de c\u00e2teva sute de metri nici m\u0103car n-a v\u0103zut asfaltul. Drumarii promit s\u0103-l asfalteze \u00een regie proprie&#8221;,<\/em>&nbsp;potrivit&nbsp;reporterului Observator,&nbsp;<strong>Diana Speretoiu<\/strong>.<\/p>\n\n\n\n<h2 class=\"wp-block-heading\">De ce se am\u00e2n\u0103 asfaltarea lui<\/h2>\n\n\n\n<p>DN 7A a fost \u00eemp\u0103r\u021bit \u00een trei sectoare. Primul tronson, p\u00e2n\u0103 la hotarul cu V\u00e2lcea, apar\u021bine de Drumurile Na\u021bionale Timi\u0219oara. Acesta nu va suferi interven\u021bii capitale, ci\u00a0<a href=\"https:\/\/observatornews.ro\/tehnologie\/inventia-care-repara-gropile-din-asfalt-in-locul-muncitorilor-robotul-a-fost-creat-cu-ajutorul-inteligentei-artificiale-551650.html\" target=\"_blank\" rel=\"noreferrer noopener\">mici repara\u021bii<\/a>. Al doilea tronson, de la grani\u021ba dintre V\u00e2lcea \u0219i Hunedoara p\u00e2n\u0103 \u00een zona Vidra a fost scos la licita\u021bie cu aproape 100 de milioane de lei.\u00a0<em>&#8220;Antreprenorul care a depus singura ofert\u0103 nu a r\u0103spuns la clarific\u0103rile solicitate de colegii mei din DRDP Craiova \u0219i suntem nevoi\u021bi s\u0103 relu\u0103m aceast\u0103 licita\u021bie&#8221;,<\/em>\u00a0explic\u0103\u00a0<strong>Cristi Tudor<\/strong>, reprezentantul DRDP Craiova.<\/p>\n\n\n\n<p>Ultimul tronson, de la Vidra p\u00e2n\u0103 la Brezoi, e \u015fi el \u00een licita\u021bie. Aici, trei firme s-au ar\u0103tat interesate de lucr\u0103ri \u0219i urmeaz\u0103 s\u0103 fie desemnat c\u00e2\u0219tig\u0103torul.<\/p>\n\n\n\n<p>Sursa:observatornews<\/p>\n","protected":false},"excerpt":{"rendered":"<p>Turism din groap\u0103 \u00een\u00a0groap\u0103 pe drumul\u00a0ce leag\u0103 Transalpina de sta\u021biunea Voineasa, \u015fi nu numai. Se tot am\u00e2n\u0103 modernizarea acestui important<\/p>\n","protected":false},"author":1,"featured_media":109545,"comment_status":"open","ping_status":"closed","sticky":false,"template":"","format":"standard","meta":{"spay_email":"","footnotes":"","jetpack_publicize_message":""},"categories":[6],"tags":[],"class_list":["post-109543","post","type-post","status-publish","format-standard","has-post-thumbnail","hentry","category-social"],"jetpack_featured_media_url":"https:\/\/i0.wp.com\/realitatearutiera.ro\/wp-content\/uploads\/2024\/03\/img-6.jpg?fit=640%2C480&ssl=1","jetpack_publicize_connections":[],"jetpack_sharing_enabled":true,"jetpack_shortlink":"https:\/\/wp.me\/p61naM-suP","jetpack-related-posts":[],"_links":{"self":[{"href":"https:\/\/realitatearutiera.ro\/index.php?rest_route=\/wp\/v2\/posts\/109543","targetHints":{"allow":["GET"]}}],"collection":[{"href":"https:\/\/realitatearutiera.ro\/index.php?rest_route=\/wp\/v2\/posts"}],"about":[{"href":"https:\/\/realitatearutiera.ro\/index.php?rest_route=\/wp\/v2\/types\/post"}],"author":[{"embeddable":true,"href":"https:\/\/realitatearutiera.ro\/index.php?rest_route=\/wp\/v2\/users\/1"}],"replies":[{"embeddable":true,"href":"https:\/\/realitatearutiera.ro\/index.php?rest_route=%2Fwp%2Fv2%2Fcomments&post=109543"}],"version-history":[{"count":1,"href":"https:\/\/realitatearutiera.ro\/index.php?rest_route=\/wp\/v2\/posts\/109543\/revisions"}],"predecessor-version":[{"id":109546,"href":"https:\/\/realitatearutiera.ro\/index.php?rest_route=\/wp\/v2\/posts\/109543\/revisions\/109546"}],"wp:featuredmedia":[{"embeddable":true,"href":"https:\/\/realitatearutiera.ro\/index.php?rest_route=\/wp\/v2\/media\/109545"}],"wp:attachment":[{"href":"https:\/\/realitatearutiera.ro\/index.php?rest_route=%2Fwp%2Fv2%2Fmedia&parent=109543"}],"wp:term":[{"taxonomy":"category","embeddable":true,"href":"https:\/\/realitatearutiera.ro\/index.php?rest_route=%2Fwp%2Fv2%2Fcategories&post=109543"},{"taxonomy":"post_tag","embeddable":true,"href":"https:\/\/realitatearutiera.ro\/index.php?rest_route=%2Fwp%2Fv2%2Ftags&post=109543"}],"curies":[{"name":"wp","href":"https:\/\/api.w.org\/{rel}","templated":true}]}}