{"id":109857,"date":"2024-04-04T11:27:12","date_gmt":"2024-04-04T08:27:12","guid":{"rendered":"https:\/\/realitatearutiera.ro\/?p=109857"},"modified":"2024-04-04T11:27:31","modified_gmt":"2024-04-04T08:27:31","slug":"un-sofer-roman-este-cercetat-penal-pentru-trafic-de-migranti","status":"publish","type":"post","link":"https:\/\/realitatearutiera.ro\/?p=109857","title":{"rendered":"Un \u015fofer rom\u00e2n este cercetat penal pentru trafic de migran\u021bi"},"content":{"rendered":"\n<p>Un \u015fofer rom\u00e2n de 21 de ani este cercetat penal dup\u0103 ce, \u00een noaptea de miercuri spre joi, a fost prins c\u0103 \u00eencerca s\u0103 scoat\u0103 din \u0163ar\u0103 12 migran\u0163i din Sri Lanka, pe care i-a ascuns \u00een cutii din lemn \u00een care ar fi trebuit s\u0103 fie piese auto pentru Italia.<\/p>\n\n\n\n<p>\u015eoferul conducea o autoutilitar\u0103 care a fost verificat\u0103 la ie\u015firea din \u0163ar\u0103 prin Punctul de Trecere a Frontierei N\u0103dlac II. Conform documentelor, el transporta piese auto ambalate \u00een cutii pe ruta Rom\u00e2nia &#8211; Italia.<\/p>\n\n\n\n<p>&#8220;\u00cen baza profilului de risc s-a procedat la efectuarea unui control am\u0103nun\u0163it al mijlocului de transport \u00een urma c\u0103ruia poli\u0163i\u015ftii de frontier\u0103 au descoperit, \u00een compartimentul destinat transportului de marf\u0103, \u00een cutiile transportate, 12 cet\u0103\u0163eni str\u0103ini. Persoanele \u00een cauz\u0103 au fost conduse la sediul sectorului poli\u0163iei de frontier\u0103 pentru cercet\u0103ri, unde, colegii no\u015ftri au stabilit c\u0103 sunt cet\u0103\u0163eni din Sri Lanka, cu v\u00e2rste cuprinse \u00eentre 21 \u015fi 50 de ani, intra\u0163i legal \u00een Rom\u00e2nia&#8221;, a informat, joi, Poli\u0163ia de Frontier\u0103 Arad, potrivit Agerpres.<\/p>\n\n\n\n<p>T\u00e2n\u0103rul este cercetat pentru trafic de migran\u0163i, iar str\u0103inii, pentru tentativ\u0103 de trecere frauduloas\u0103 a frontierei de stat.<\/p>\n\n\n\n<p>Sursa:stirileprotv Foto:stirilerprotv<\/p>\n","protected":false},"excerpt":{"rendered":"<p>Un \u015fofer rom\u00e2n de 21 de ani este cercetat penal dup\u0103 ce, \u00een noaptea de miercuri spre joi, a fost<\/p>\n","protected":false},"author":1,"featured_media":109858,"comment_status":"open","ping_status":"closed","sticky":false,"template":"","format":"standard","meta":{"spay_email":"","footnotes":"","jetpack_publicize_message":""},"categories":[6],"tags":[],"class_list":["post-109857","post","type-post","status-publish","format-standard","has-post-thumbnail","hentry","category-social"],"jetpack_featured_media_url":"https:\/\/i0.wp.com\/realitatearutiera.ro\/wp-content\/uploads\/2024\/04\/62438861.jpg?fit=1920%2C1080&ssl=1","jetpack_publicize_connections":[],"jetpack_sharing_enabled":true,"jetpack_shortlink":"https:\/\/wp.me\/p61naM-szT","jetpack-related-posts":[],"_links":{"self":[{"href":"https:\/\/realitatearutiera.ro\/index.php?rest_route=\/wp\/v2\/posts\/109857","targetHints":{"allow":["GET"]}}],"collection":[{"href":"https:\/\/realitatearutiera.ro\/index.php?rest_route=\/wp\/v2\/posts"}],"about":[{"href":"https:\/\/realitatearutiera.ro\/index.php?rest_route=\/wp\/v2\/types\/post"}],"author":[{"embeddable":true,"href":"https:\/\/realitatearutiera.ro\/index.php?rest_route=\/wp\/v2\/users\/1"}],"replies":[{"embeddable":true,"href":"https:\/\/realitatearutiera.ro\/index.php?rest_route=%2Fwp%2Fv2%2Fcomments&post=109857"}],"version-history":[{"count":1,"href":"https:\/\/realitatearutiera.ro\/index.php?rest_route=\/wp\/v2\/posts\/109857\/revisions"}],"predecessor-version":[{"id":109859,"href":"https:\/\/realitatearutiera.ro\/index.php?rest_route=\/wp\/v2\/posts\/109857\/revisions\/109859"}],"wp:featuredmedia":[{"embeddable":true,"href":"https:\/\/realitatearutiera.ro\/index.php?rest_route=\/wp\/v2\/media\/109858"}],"wp:attachment":[{"href":"https:\/\/realitatearutiera.ro\/index.php?rest_route=%2Fwp%2Fv2%2Fmedia&parent=109857"}],"wp:term":[{"taxonomy":"category","embeddable":true,"href":"https:\/\/realitatearutiera.ro\/index.php?rest_route=%2Fwp%2Fv2%2Fcategories&post=109857"},{"taxonomy":"post_tag","embeddable":true,"href":"https:\/\/realitatearutiera.ro\/index.php?rest_route=%2Fwp%2Fv2%2Ftags&post=109857"}],"curies":[{"name":"wp","href":"https:\/\/api.w.org\/{rel}","templated":true}]}}