{"id":110024,"date":"2024-04-09T09:25:45","date_gmt":"2024-04-09T06:25:45","guid":{"rendered":"https:\/\/realitatearutiera.ro\/?p=110024"},"modified":"2024-04-09T09:25:47","modified_gmt":"2024-04-09T06:25:47","slug":"soferii-pot-ramane-fara-permis-daca-depasesc-biciclistii-si-pe-cei-care-merg-pe-trotineta","status":"publish","type":"post","link":"https:\/\/realitatearutiera.ro\/?p=110024","title":{"rendered":"\u0218oferii pot r\u0103m\u00e2ne f\u0103r\u0103 permis dac\u0103 dep\u0103\u0219esc bicicli\u0219tii \u0219i pe cei care merg pe trotinet\u0103"},"content":{"rendered":"\n<p>\u00cenc\u0103 sunt conduc\u0103tori auto care nu \u0219tiu c\u0103 este interzis\u0103 dep\u0103\u0219irea bicicli\u0219tilor \u0219i a celor care merg pe trotinet\u0103 pe anumite sec\u021biuni de drum. Iar \u0219oferii care nu respect\u0103 aceste obliga\u021bii risc\u0103 s\u0103 r\u0103m\u00e2n\u0103 f\u0103r\u0103 permis de conducere.<\/p>\n\n\n\n<p>Regulile de dep\u0103\u0219ire a bicicli\u0219tilor \u0219i celor care conduc&nbsp;<a href=\"https:\/\/www.promotor.ro\/stiri-auto\/mai-multe-trotinete-electrice-au-fost-descoprite-in-dambovita-dupa-secarea-raului-pentru-curatare-19271522\">trotinete<\/a>&nbsp;electrice s-au modificat \u00een 2021. Prin HG 1075\/2021 s-a stabilit care este distan\u021ba de siguran\u021b\u0103 pe care \u0219oferii trebuie s\u0103 o p\u0103streze fa\u021b\u0103 de un biciclist atunci c\u00e2nd \u00eel dep\u0103\u0219esc.<\/p>\n\n\n\n<p>Iar aceast\u0103 obliga\u021bie este valabil\u0103 \u0219i \u00een cazul dep\u0103\u0219irii unei persoane care circul\u0103 pe o trotinet\u0103 electric\u0103.<\/p>\n\n\n\n<h2 class=\"wp-block-heading\">Se interzice dep\u0103\u0219irea bicicli\u0219tilor \u0219i a celor care merg pe trotinet\u0103<\/h2>\n\n\n\n<p>Prin noua lege, practic, se interzice dep\u0103\u0219irea bicicletelor \u0219i trotinetelor pe sec\u021biunile de drum unde linia \u00eentre benzi este continu\u0103.<\/p>\n\n\n\n<p>\u201e<em><strong>Pentru asigurarea distan\u021bei laterale de siguran\u021b\u0103, la dep\u0103\u0219irea unei biciclete sau a unei trotinete electrice conduc\u0103torii de autovehicule, altele dec\u00e2t cele care se deplaseaz\u0103 pe&nbsp;<a href=\"https:\/\/www.promotor.ro\/stiri-auto\/cel-mai-ieftin-renault-se-vinde-cu-doar-535-de-euro-insa-are-numai-doua-roti-19063503\">dou\u0103 ro\u021bi<\/a>, realizeaz\u0103 aceast\u0103 manevr\u0103 prin trecerea peste marcajul longitudinal de separare a sensurilor de circula\u021bie ori de separare a benzilor pe acela\u0219i sens, cu cel pu\u021bin jum\u0103tate din l\u0103\u021bimea autovehiculului atunci c\u00e2nd viteza acestuia de deplasare este mai mare de 50 km\/h, sau cel pu\u021bin prin \u00eenc\u0103lcarea acestor marcaje atunci c\u00e2nd viteza de deplasare este de cel mult 50 km\/h<\/strong><\/em>\u201d, se precizeaz\u0103 \u00een HG 1075\/2021.<\/p>\n\n\n\n<p>Astfel, indiferent c\u00e2t de lent circul\u0103 un biciclist, \u0219oferii nu au dreptul s\u0103-l dep\u0103\u0219easc\u0103 dac\u0103 aceast\u0103 manevr\u0103 nu e permis\u0103 pe respectiva sec\u021biune de drum.<\/p>\n\n\n\n<p>Noua regul\u0103 \u00eenlocuie\u0219te prevederea care stabilea c\u0103, \u00een momentul dep\u0103\u0219irii unui astfel de vehicul pe dou\u0103 ro\u021bi, trebuie p\u0103strat\u0103 o distan\u021b\u0103 de cel pu\u021bin 1.5 metri fa\u021b\u0103 de biciclet\u0103 sau trotinet\u0103.<\/p>\n\n\n\n<h2 class=\"wp-block-heading\">Cum po\u021bi efectua legal dep\u0103\u0219irea bicicli\u0219tilor sau a celor care merg pe trotinete<\/h2>\n\n\n\n<p>Dac\u0103 sunte\u021bi \u00een spatele unui biciclist, pute\u021bi s\u0103-l dep\u0103\u0219i\u021bi doar dac\u0103 respecta\u021bi urm\u0103toarele reguli:<\/p>\n\n\n\n<ul class=\"wp-block-list\">\n<li>trece\u0163i cu ro\u021bile peste marcajul care desparte benzile sau sensurile de circula\u021bie, c\u00e2nd v\u0103 afla\u021bi pe un drum unde viteza maxim\u0103 admis\u0103 este de p\u00e2n\u0103 \u00een 50 km\/h;<\/li>\n\n\n\n<li>dep\u0103\u0219i\u021bi cu mai mult de o jum\u0103tate de ma\u0219in\u0103\u00a0<a href=\"https:\/\/www.promotor.ro\/stiri-auto\/ai-voie-sa-incalci-linia-continua-daca-depasesti-o-caruta-sau-un-tractor-ce-prevede-legea-rutiera-19234111\">marcajul<\/a>\u00a0longitudinal, c\u00e2nd circula\u021bi pe un drum unde viteza maxim\u0103 admis\u0103 e de peste 50 km\/h<\/li>\n\n\n\n<li>biciclistul sau cel aflat pe trotinet\u0103 circul\u0103 pe pista sau pe acostamentul drumului.<\/li>\n<\/ul>\n\n\n\n<p>\u201e<em><strong>Dac\u0103 un drum este prev\u0103zut cu o pist\u0103 pentru biciclete, bicicletele \u0219i trotinetele electrice vor fi conduse numai pe pista respectiv\u0103. \u00cen lipsa acestei piste, circula\u021bia trotinetelor electrice este permis\u0103 numai pe sectoarele de drum unde viteza maxim\u0103 admis\u0103 pentru circula\u021bia vehiculelor este de 50 km\/h<\/strong><\/em>\u201d stabile\u0219te Art. 41 (3) din legea circula\u021biei.<\/p>\n\n\n\n<h2 class=\"wp-block-heading\">Ai voie s\u0103 \u00eencalci linia continu\u0103 dac\u0103 dep\u0103\u0219e\u0219ti o biciclet\u0103 sau o trotinet\u0103?<\/h2>\n\n\n\n<p>Conform legii rutiere din Rom\u00e2nia, este interzis\u0103 efectuarea unei dep\u0103\u0219iri \u00een anumite condi\u021bii.<\/p>\n\n\n\n<p>\u201e<em><strong>Se interzice&nbsp;<a href=\"https:\/\/www.promotor.ro\/stiri-auto\/este-legal-sa-incepi-depasirea-pe-linie-punctata-si-sa-o-inchei-pe-linie-continua-ce-prevede-legea-rutiera-19264428\">dep\u0103\u0219irea&nbsp;<\/a>vehiculelor pe pasaje denivelate, pe poduri, sub poduri \u0219i \u00een tuneluri. Prin excep\u021bie, pot fi dep\u0103\u0219ite \u00een aceste locuri vehiculele cu trac\u021biune animal\u0103, motocicletele f\u0103r\u0103 ata\u0219, mopedele \u0219i bicicletele, dac\u0103 vizibilitatea asupra drumului este asigurat\u0103 pe o distan\u021b\u0103 mai mare de 20 m, iar l\u0103\u021bimea drumului este de cel pu\u021bin 7 m<\/strong><\/em>\u201d, stabile\u0219te legea circula\u021biei.<\/p>\n\n\n\n<p>A\u0219adar, ai voie s\u0103 dep\u0103\u0219e\u0219ti \u00een aceste zone o&nbsp;<a href=\"https:\/\/www.promotor.ro\/stiri-auto\/este-obligatorie-casca-pentru-biciclisti-ce-obligatii-au-cei-care-circula-cu-bicicleta-pe-drumurile-publice-19217667\">biciclet\u0103<\/a>&nbsp;sau o persoan\u0103 aflat\u0103 pe trotinet\u0103, dar numai dac\u0103 ai vizibilitate \u0219i nu st\u00e2njene\u0219ti circula\u021bia celor care vin din sens opus.<\/p>\n\n\n\n<p>Dar, legisla\u021bia nu prevede nicio excep\u021bie pentru \u00eenc\u0103lcarea marcajului rutier. Deci, legal, nu po\u021bi dep\u0103\u0219i un vehicul lent dac\u0103 prin asta \u00eencalci linia continu\u0103.<\/p>\n\n\n\n<h2 class=\"wp-block-heading\">\u0218oferii pot r\u0103m\u00e2ne f\u0103r\u0103 permis dac\u0103 \u00eencalc\u0103 regulile de dep\u0103\u0219ire<\/h2>\n\n\n\n<p>Cei care \u00eencalc\u0103 regulile de dep\u0103\u0219ire, r\u0103m\u00e2n f\u0103r\u0103 permis pentru 30 de zile.<\/p>\n\n\n\n<p>\u201e<em><strong>Constituie contraven\u021bie \u0219i se sanc\u021bioneaz\u0103 cu amenda prev\u0103zut\u0103 \u00een clasa a II-a de sanc\u021biuni \u0219i cu aplicarea sanc\u021biunii contraven\u021bionale complementare a suspend\u0103rii exercit\u0103rii dreptului de a conduce pentru o perioad\u0103 de 30 de zile [\u2026] nerespectarea regulilor privind dep\u0103\u0219irea<\/strong><\/em>\u201d, conform Art. 100 (3), din OUG 195\/2002.<\/p>\n\n\n\n<p>A\u0219adar, cel care \u00eencalc\u0103 regulile de dep\u0103\u0219ire va primi \u00eentre 4 \u0219i 5 puncte de\u00a0<a href=\"https:\/\/www.promotor.ro\/stiri-auto\/cat-timp-poti-conduce-pe-contrasens-sanctiuni-usturatoare-pentru-incalcarea-regulilor-de-depasire-19212142\">amend\u0103<\/a>, ceea ce \u00eenseamn\u0103 \u00eentre 660 lei \u0219i 825 lei.<\/p>\n\n\n\n<p>Sursa:promotor Foto:promotor<\/p>\n","protected":false},"excerpt":{"rendered":"<p>\u00cenc\u0103 sunt conduc\u0103tori auto care nu \u0219tiu c\u0103 este interzis\u0103 dep\u0103\u0219irea bicicli\u0219tilor \u0219i a celor care merg pe trotinet\u0103 pe<\/p>\n","protected":false},"author":1,"featured_media":110025,"comment_status":"open","ping_status":"closed","sticky":false,"template":"","format":"standard","meta":{"spay_email":"","footnotes":"","jetpack_publicize_message":""},"categories":[82],"tags":[],"class_list":["post-110024","post","type-post","status-publish","format-standard","has-post-thumbnail","hentry","category-auto"],"jetpack_featured_media_url":"https:\/\/realitatearutiera.ro\/wp-content\/uploads\/2024\/04\/https___www.promotor.ro_wp-content_uploads_2024_04_bicicleta-pe-strada-14-scaled-e1712579599120-1024x521-1.webp","jetpack_publicize_connections":[],"jetpack_sharing_enabled":true,"jetpack_shortlink":"https:\/\/wp.me\/p61naM-sCA","jetpack-related-posts":[],"_links":{"self":[{"href":"https:\/\/realitatearutiera.ro\/index.php?rest_route=\/wp\/v2\/posts\/110024","targetHints":{"allow":["GET"]}}],"collection":[{"href":"https:\/\/realitatearutiera.ro\/index.php?rest_route=\/wp\/v2\/posts"}],"about":[{"href":"https:\/\/realitatearutiera.ro\/index.php?rest_route=\/wp\/v2\/types\/post"}],"author":[{"embeddable":true,"href":"https:\/\/realitatearutiera.ro\/index.php?rest_route=\/wp\/v2\/users\/1"}],"replies":[{"embeddable":true,"href":"https:\/\/realitatearutiera.ro\/index.php?rest_route=%2Fwp%2Fv2%2Fcomments&post=110024"}],"version-history":[{"count":1,"href":"https:\/\/realitatearutiera.ro\/index.php?rest_route=\/wp\/v2\/posts\/110024\/revisions"}],"predecessor-version":[{"id":110026,"href":"https:\/\/realitatearutiera.ro\/index.php?rest_route=\/wp\/v2\/posts\/110024\/revisions\/110026"}],"wp:featuredmedia":[{"embeddable":true,"href":"https:\/\/realitatearutiera.ro\/index.php?rest_route=\/wp\/v2\/media\/110025"}],"wp:attachment":[{"href":"https:\/\/realitatearutiera.ro\/index.php?rest_route=%2Fwp%2Fv2%2Fmedia&parent=110024"}],"wp:term":[{"taxonomy":"category","embeddable":true,"href":"https:\/\/realitatearutiera.ro\/index.php?rest_route=%2Fwp%2Fv2%2Fcategories&post=110024"},{"taxonomy":"post_tag","embeddable":true,"href":"https:\/\/realitatearutiera.ro\/index.php?rest_route=%2Fwp%2Fv2%2Ftags&post=110024"}],"curies":[{"name":"wp","href":"https:\/\/api.w.org\/{rel}","templated":true}]}}