{"id":110032,"date":"2024-04-09T11:10:16","date_gmt":"2024-04-09T08:10:16","guid":{"rendered":"https:\/\/realitatearutiera.ro\/?p=110032"},"modified":"2024-04-09T11:10:23","modified_gmt":"2024-04-09T08:10:23","slug":"o-masina-a-corpului-diplomatic-indian-lovita-de-trenul-bucuresti-brasov-in-timisul-de-sus","status":"publish","type":"post","link":"https:\/\/realitatearutiera.ro\/?p=110032","title":{"rendered":"O ma\u0219in\u0103 a corpului diplomatic indian, lovit\u0103 de trenul Bucure\u0219ti \u2013 Bra\u0219ov \u00een Timi\u015ful de Sus"},"content":{"rendered":"\n<p>Incident grav la nivel de trecere de cale ferat\u0103 \u00een Timi\u015ful de Sus. O ma\u0219in\u0103 a corpului diplomatic indian a fost lovit\u0103 de trenul Bucure\u0219ti &#8211; Bra\u0219ov.<\/p>\n\n\n\n<figure class=\"wp-block-image size-large\"><img loading=\"lazy\" decoding=\"async\" width=\"800\" height=\"509\" data-attachment-id=\"110033\" data-permalink=\"https:\/\/realitatearutiera.ro\/?attachment_id=110033\" data-orig-file=\"https:\/\/i0.wp.com\/realitatearutiera.ro\/wp-content\/uploads\/2024\/04\/image-11.png?fit=1200%2C764&amp;ssl=1\" data-orig-size=\"1200,764\" data-comments-opened=\"1\" data-image-meta=\"{&quot;aperture&quot;:&quot;0&quot;,&quot;credit&quot;:&quot;&quot;,&quot;camera&quot;:&quot;&quot;,&quot;caption&quot;:&quot;&quot;,&quot;created_timestamp&quot;:&quot;0&quot;,&quot;copyright&quot;:&quot;&quot;,&quot;focal_length&quot;:&quot;0&quot;,&quot;iso&quot;:&quot;0&quot;,&quot;shutter_speed&quot;:&quot;0&quot;,&quot;title&quot;:&quot;&quot;,&quot;orientation&quot;:&quot;0&quot;}\" data-image-title=\"image-11\" data-image-description=\"\" data-medium-file=\"https:\/\/i0.wp.com\/realitatearutiera.ro\/wp-content\/uploads\/2024\/04\/image-11.png?fit=300%2C191&amp;ssl=1\" data-large-file=\"https:\/\/i0.wp.com\/realitatearutiera.ro\/wp-content\/uploads\/2024\/04\/image-11.png?fit=800%2C509&amp;ssl=1\" src=\"https:\/\/i0.wp.com\/realitatearutiera.ro\/wp-content\/uploads\/2024\/04\/image-11-1024x652.png?resize=800%2C509&#038;ssl=1\" alt=\"\" class=\"wp-image-110033\" srcset=\"https:\/\/i0.wp.com\/realitatearutiera.ro\/wp-content\/uploads\/2024\/04\/image-11.png?resize=1024%2C652&amp;ssl=1 1024w, https:\/\/i0.wp.com\/realitatearutiera.ro\/wp-content\/uploads\/2024\/04\/image-11.png?resize=300%2C191&amp;ssl=1 300w, https:\/\/i0.wp.com\/realitatearutiera.ro\/wp-content\/uploads\/2024\/04\/image-11.png?resize=768%2C489&amp;ssl=1 768w, https:\/\/i0.wp.com\/realitatearutiera.ro\/wp-content\/uploads\/2024\/04\/image-11.png?w=1200&amp;ssl=1 1200w\" sizes=\"auto, (max-width: 800px) 100vw, 800px\" data-recalc-dims=\"1\" \/><\/figure>\n\n\n\n<p><a href=\"https:\/\/observatornews.ro\/autori\/redactia-observator-id29.html\"><\/a><\/p>\n\n\n\n<p>Pasagerii au reu\u015fit s\u0103 ias\u0103 din autoturism \u00een ultima clip\u0103. Vehiculul a fost \u00eens\u0103 distrus \u00een totalitate.<\/p>\n\n\n\n<h2 class=\"wp-block-heading\">Ce spun oamenii legii<\/h2>\n\n\n\n<p>Cu pu\u021bin timp \u00een urm\u0103 a avut loc un accident, \u00een apropierea sta\u021biei de cale ferat\u0103 Timi\u0219ul de Sus, din jude\u021bul Brasov.<\/p>\n\n\n\n<p>Un autoturism, care se afla \u00een traversarea platformei feroviare a r\u0103mas suspendat, iar un vehicul feroviar, care circula pe relatia Bucuresti-Brasov, l-a surprins \u0219i accidentat.<\/p>\n\n\n\n<p>\u00cen urma impactului au rezultat doar avarii, nefiind \u00eenregistrate victime.<\/p>\n\n\n\n<p>La fa\u021ba locului se afla direc\u021bionat\u0103 o echip\u0103 de cercetare, format\u0103 din poli\u021bi\u0219ti specializa\u021bi, care efectueaz\u0103 cercetari \u00een vederea l\u0103muririi st\u0103rii de fapt. Surse din anchet\u0103 arat\u0103 c\u0103 cel mai probabil GPR-ul ma\u0219inii nu a func\u021bionat, pentru c\u0103 vehiculul a \u00eencercat s\u0103 treac\u0103 peste linia de cale ferat\u0103 direct, nu pe la un punct de trecere de nivel. Trenul \u0219i-a continuat deplasarea c\u0103tre Bra\u0219ov.<\/p>\n\n\n\n<p>Sursa:observatornews<\/p>\n","protected":false},"excerpt":{"rendered":"<p>Incident grav la nivel de trecere de cale ferat\u0103 \u00een Timi\u015ful de Sus. O ma\u0219in\u0103 a corpului diplomatic indian a<\/p>\n","protected":false},"author":1,"featured_media":110034,"comment_status":"open","ping_status":"closed","sticky":false,"template":"","format":"standard","meta":{"spay_email":"","footnotes":"","jetpack_publicize_message":""},"categories":[6],"tags":[],"class_list":["post-110032","post","type-post","status-publish","format-standard","has-post-thumbnail","hentry","category-social"],"jetpack_featured_media_url":"https:\/\/i0.wp.com\/realitatearutiera.ro\/wp-content\/uploads\/2024\/04\/tXvctkHAL9K_3O.jpg?fit=1200%2C764&ssl=1","jetpack_publicize_connections":[],"jetpack_sharing_enabled":true,"jetpack_shortlink":"https:\/\/wp.me\/p61naM-sCI","jetpack-related-posts":[],"_links":{"self":[{"href":"https:\/\/realitatearutiera.ro\/index.php?rest_route=\/wp\/v2\/posts\/110032","targetHints":{"allow":["GET"]}}],"collection":[{"href":"https:\/\/realitatearutiera.ro\/index.php?rest_route=\/wp\/v2\/posts"}],"about":[{"href":"https:\/\/realitatearutiera.ro\/index.php?rest_route=\/wp\/v2\/types\/post"}],"author":[{"embeddable":true,"href":"https:\/\/realitatearutiera.ro\/index.php?rest_route=\/wp\/v2\/users\/1"}],"replies":[{"embeddable":true,"href":"https:\/\/realitatearutiera.ro\/index.php?rest_route=%2Fwp%2Fv2%2Fcomments&post=110032"}],"version-history":[{"count":1,"href":"https:\/\/realitatearutiera.ro\/index.php?rest_route=\/wp\/v2\/posts\/110032\/revisions"}],"predecessor-version":[{"id":110035,"href":"https:\/\/realitatearutiera.ro\/index.php?rest_route=\/wp\/v2\/posts\/110032\/revisions\/110035"}],"wp:featuredmedia":[{"embeddable":true,"href":"https:\/\/realitatearutiera.ro\/index.php?rest_route=\/wp\/v2\/media\/110034"}],"wp:attachment":[{"href":"https:\/\/realitatearutiera.ro\/index.php?rest_route=%2Fwp%2Fv2%2Fmedia&parent=110032"}],"wp:term":[{"taxonomy":"category","embeddable":true,"href":"https:\/\/realitatearutiera.ro\/index.php?rest_route=%2Fwp%2Fv2%2Fcategories&post=110032"},{"taxonomy":"post_tag","embeddable":true,"href":"https:\/\/realitatearutiera.ro\/index.php?rest_route=%2Fwp%2Fv2%2Ftags&post=110032"}],"curies":[{"name":"wp","href":"https:\/\/api.w.org\/{rel}","templated":true}]}}