{"id":110334,"date":"2024-04-16T10:45:16","date_gmt":"2024-04-16T07:45:16","guid":{"rendered":"https:\/\/realitatearutiera.ro\/?p=110334"},"modified":"2024-04-16T10:45:17","modified_gmt":"2024-04-16T07:45:17","slug":"accident-rutier-pe-centura-orasului-calimanesti","status":"publish","type":"post","link":"https:\/\/realitatearutiera.ro\/?p=110334","title":{"rendered":"Accident rutier pe centura ora\u0219ului C\u0103lim\u0103ne\u0219ti"},"content":{"rendered":"\n<h3 class=\"wp-block-heading\">Un accident rutier a avut loc \u00een cursul zilei de mar\u021bi, 16 Aprilie 2024, pe centura ocolitoare a ora\u0219ului C\u0103lim\u0103ne\u0219ti din jude\u021bul V\u00e2lcea.<\/h3>\n\n\n\n<figure class=\"wp-block-image size-large\"><img loading=\"lazy\" decoding=\"async\" width=\"800\" height=\"439\" data-attachment-id=\"110335\" data-permalink=\"https:\/\/realitatearutiera.ro\/?attachment_id=110335\" data-orig-file=\"https:\/\/i2.wp.com\/realitatearutiera.ro\/wp-content\/uploads\/2024\/04\/image-20.png?fit=1536%2C843&amp;ssl=1\" data-orig-size=\"1536,843\" data-comments-opened=\"1\" data-image-meta=\"{&quot;aperture&quot;:&quot;0&quot;,&quot;credit&quot;:&quot;&quot;,&quot;camera&quot;:&quot;&quot;,&quot;caption&quot;:&quot;&quot;,&quot;created_timestamp&quot;:&quot;0&quot;,&quot;copyright&quot;:&quot;&quot;,&quot;focal_length&quot;:&quot;0&quot;,&quot;iso&quot;:&quot;0&quot;,&quot;shutter_speed&quot;:&quot;0&quot;,&quot;title&quot;:&quot;&quot;,&quot;orientation&quot;:&quot;0&quot;}\" data-image-title=\"image-20\" data-image-description=\"\" data-medium-file=\"https:\/\/i2.wp.com\/realitatearutiera.ro\/wp-content\/uploads\/2024\/04\/image-20.png?fit=300%2C165&amp;ssl=1\" data-large-file=\"https:\/\/i2.wp.com\/realitatearutiera.ro\/wp-content\/uploads\/2024\/04\/image-20.png?fit=800%2C439&amp;ssl=1\" src=\"https:\/\/i1.wp.com\/realitatearutiera.ro\/wp-content\/uploads\/2024\/04\/image-20-1024x562.png?resize=800%2C439&#038;ssl=1\" alt=\"\" class=\"wp-image-110335\" srcset=\"https:\/\/i2.wp.com\/realitatearutiera.ro\/wp-content\/uploads\/2024\/04\/image-20.png?resize=1024%2C562&amp;ssl=1 1024w, https:\/\/i2.wp.com\/realitatearutiera.ro\/wp-content\/uploads\/2024\/04\/image-20.png?resize=300%2C165&amp;ssl=1 300w, https:\/\/i2.wp.com\/realitatearutiera.ro\/wp-content\/uploads\/2024\/04\/image-20.png?resize=768%2C422&amp;ssl=1 768w, https:\/\/i2.wp.com\/realitatearutiera.ro\/wp-content\/uploads\/2024\/04\/image-20.png?w=1536&amp;ssl=1 1536w\" sizes=\"auto, (max-width: 800px) 100vw, 800px\" data-recalc-dims=\"1\" \/><\/figure>\n\n\n\n<p>Inspectoratului de Poli\u021bie Jude\u021bean V\u00e2lcea a fost sesizat prin apel 112, cu privire la producerea unui accident rutier, pe DN7 Centura C\u0103lim\u0103ne\u0219ti , la kilometrul 6 + 500 m, soldat cu r\u0103nirea unei persoane.<\/p>\n\n\n\n<p>La fa\u021ba locului s-au deplasat poli\u021bi\u0219tii rutieri, care au stabilit faptul c\u0103, un b\u0103rbat de 58 de ani, din localitatea Mih\u0103e\u0219ti, \u00een timp ce conducea un autotren (TIR), ar fi pierdut controlul asupra volanului \u0219i a intrat \u00een \u0219an\u021b.<\/p>\n\n\n\n<p>\u00cen urma evenimentului rutier, a rezultat r\u0103nirea conduc\u0103torului auto, aceasta fiind transportat la spital \u00een vederea acord\u0103rii de \u00eengrijiri medicale.<\/p>\n\n\n\n<p>Totodat\u0103, conduc\u0103torul auto a fost testat cu aparatul etilotest, rezultatul fiind negativ.<\/p>\n\n\n\n<p>Cercet\u0103rile sunt continuate de c\u0103tre poli\u021bi\u0219ti pentru stabilirea cu exactitate a \u00eemprejur\u0103rilor \u00een care s-a produs evenimentul.<\/p>\n\n\n\n<p>Sursa:infotraficromania<\/p>\n\n\n\n<hr class=\"wp-block-separator has-alpha-channel-opacity\"\/>\n","protected":false},"excerpt":{"rendered":"<p>Un accident rutier a avut loc \u00een cursul zilei de mar\u021bi, 16 Aprilie 2024, pe centura ocolitoare a ora\u0219ului C\u0103lim\u0103ne\u0219ti<\/p>\n","protected":false},"author":1,"featured_media":98109,"comment_status":"open","ping_status":"closed","sticky":false,"template":"","format":"standard","meta":{"spay_email":"","footnotes":"","jetpack_publicize_message":""},"categories":[1],"tags":[],"class_list":["post-110334","post","type-post","status-publish","format-standard","has-post-thumbnail","hentry","category-uncategorized"],"jetpack_featured_media_url":"https:\/\/realitatearutiera.ro\/wp-content\/uploads\/2023\/04\/accident.webp","jetpack_publicize_connections":[],"jetpack_sharing_enabled":true,"jetpack_shortlink":"https:\/\/wp.me\/p61naM-sHA","jetpack-related-posts":[],"_links":{"self":[{"href":"https:\/\/realitatearutiera.ro\/index.php?rest_route=\/wp\/v2\/posts\/110334","targetHints":{"allow":["GET"]}}],"collection":[{"href":"https:\/\/realitatearutiera.ro\/index.php?rest_route=\/wp\/v2\/posts"}],"about":[{"href":"https:\/\/realitatearutiera.ro\/index.php?rest_route=\/wp\/v2\/types\/post"}],"author":[{"embeddable":true,"href":"https:\/\/realitatearutiera.ro\/index.php?rest_route=\/wp\/v2\/users\/1"}],"replies":[{"embeddable":true,"href":"https:\/\/realitatearutiera.ro\/index.php?rest_route=%2Fwp%2Fv2%2Fcomments&post=110334"}],"version-history":[{"count":1,"href":"https:\/\/realitatearutiera.ro\/index.php?rest_route=\/wp\/v2\/posts\/110334\/revisions"}],"predecessor-version":[{"id":110336,"href":"https:\/\/realitatearutiera.ro\/index.php?rest_route=\/wp\/v2\/posts\/110334\/revisions\/110336"}],"wp:featuredmedia":[{"embeddable":true,"href":"https:\/\/realitatearutiera.ro\/index.php?rest_route=\/wp\/v2\/media\/98109"}],"wp:attachment":[{"href":"https:\/\/realitatearutiera.ro\/index.php?rest_route=%2Fwp%2Fv2%2Fmedia&parent=110334"}],"wp:term":[{"taxonomy":"category","embeddable":true,"href":"https:\/\/realitatearutiera.ro\/index.php?rest_route=%2Fwp%2Fv2%2Fcategories&post=110334"},{"taxonomy":"post_tag","embeddable":true,"href":"https:\/\/realitatearutiera.ro\/index.php?rest_route=%2Fwp%2Fv2%2Ftags&post=110334"}],"curies":[{"name":"wp","href":"https:\/\/api.w.org\/{rel}","templated":true}]}}