{"id":110387,"date":"2024-04-17T11:22:20","date_gmt":"2024-04-17T08:22:20","guid":{"rendered":"https:\/\/realitatearutiera.ro\/?p=110387"},"modified":"2024-04-17T11:22:22","modified_gmt":"2024-04-17T08:22:22","slug":"iarna-si-a-intrat-in-drepturi-in-luna-aprilie","status":"publish","type":"post","link":"https:\/\/realitatearutiera.ro\/?p=110387","title":{"rendered":"Iarna \u0219i-a intrat \u00een drepturi \u00een luna aprilie"},"content":{"rendered":"\n<p>Calendaristic, suntem \u00een mijlocul prim\u0103verii, \u00eens\u0103 \u00een anumite zone din Rom\u00e2nia e iarn\u0103 \u00een toat\u0103 regula. Dup\u0103 ce zilele trecute au fost \u00eenregistrate temperaturi peste normalul acestei perioade, temperaturile au sc\u0103zut brusc.<a href=\"https:\/\/spynews.ro\/galerie\/locul-din-romania-unde-iarna-sia-intrat-in-drepturi-in-luna-aprilie-sa-depus-un-strat-de-zapada-consistent-foto-id333461-play0.html\"><\/a><\/p>\n\n\n\n<figure class=\"wp-block-image\"><a href=\"https:\/\/spynews.ro\/galerie\/locul-din-romania-unde-iarna-sia-intrat-in-drepturi-in-luna-aprilie-sa-depus-un-strat-de-zapada-consistent-foto-id333461-play0.html\"><img decoding=\"async\" src=\"https:\/\/img.spynews.ro\/?u=https%3A%2F%2Fspynews.ro%2Fuploads%2Fmodules%2Fnews%2F0%2F2024%2F4%2F17%2F333461%2F43884591435066571329308041477134000247749625n.jpg&amp;w=1200\" alt=\"zapada\"\/><\/a><\/figure>\n\n\n\n<p><a href=\"https:\/\/spynews.ro\/galerie\/locul-din-romania-unde-iarna-sia-intrat-in-drepturi-in-luna-aprilie-sa-depus-un-strat-de-zapada-consistent-foto-id333461-play0.html\">GALERIE (3)<\/a><\/p>\n\n\n\n<p>A nins puternic noaptea trecut\u0103 \u00een mai multe zone ale \u021b\u0103rii<\/p>\n\n\n\n<p>facebook \/ Ghita Pascalau<\/p>\n\n\n\n<ul class=\"wp-block-list\">\n<li>Iarna \u0219i-a intrat \u00een drepturi \u00een luna aprilie<\/li>\n\n\n\n<li>\u00cen mai multe zone ale \u021b\u0103rii s-a depus un strat consistent de z\u0103pad\u0103<\/li>\n<\/ul>\n\n\n\n<p>Noaptea trecut\u0103 a nins puternic \u00een mai multe zone ale \u021b\u0103rii, iar speciali\u0219tii Administra\u021biei Na\u021bionale de Meteorologie anun\u021b\u0103 c\u0103 zonele \u00een care apar precipita\u021biile se extind. Dac\u0103 zilele trecute mercurul din termometre a dep\u0103\u0219it chiar \u0219i 30 de grade, ulterior, vremea s-a schimbat radical,&nbsp;<a href=\"https:\/\/spynews.ro\/actualitate\/meteo\/anunt-anm-iarna-revine-in-romaniaelena-mateescuavem-o-racire-semnificativa-331842.html\" target=\"_blank\" rel=\"noreferrer noopener\">iarna&nbsp;<\/a>s-a instalat. \u00cen aproape toate zonele \u021b\u0103rii au sc\u0103zut valorile termice, iar ploile \u0219i ninsorile \u0219i-au f\u0103cut sim\u021bit\u0103 prezen\u021ba.<\/p>\n\n\n\n<h2 class=\"wp-block-heading\">Locul din Rom\u00e2nia unde iarna \u0219i-a intrat \u00een drepturi \u00een luna aprilie<\/h2>\n\n\n\n<p>\u00cen mai multe zone ale Rom\u00e2niei e iarn\u0103 \u00een toat\u0103 regula. Noaptea trecut\u0103 a nins ca \u00een pove\u0219ti, iar stratul de z\u0103pad\u0103 depus este unul consistent.<a href=\"https:\/\/spynews.ro\/galerie\/locul-din-romania-unde-iarna-sia-intrat-in-drepturi-in-luna-aprilie-sa-depus-un-strat-de-zapada-consistent-foto-id333461-play0.html\"><\/a><\/p>\n\n\n\n<figure class=\"wp-block-image\"><a href=\"https:\/\/spynews.ro\/galerie\/locul-din-romania-unde-iarna-sia-intrat-in-drepturi-in-luna-aprilie-sa-depus-un-strat-de-zapada-consistent-foto-id333461-play0.html\"><img decoding=\"async\" src=\"https:\/\/img.spynews.ro\/?u=https%3A%2F%2Fspynews.ro%2Fuploads%2Fmodules%2Fnews%2F0%2F2024%2F4%2F17%2F333461%2F43884591435066571329308041477134000247749625n.jpg&amp;w=700\" alt=\"zapada\"\/><\/a><\/figure>\n\n\n\n<figure class=\"wp-block-image\"><a href=\"https:\/\/spynews.ro\/galerie\/locul-din-romania-unde-iarna-sia-intrat-in-drepturi-in-luna-aprilie-sa-depus-un-strat-de-zapada-consistent-foto-id333461-play0.html\"><img decoding=\"async\" src=\"https:\/\/img.spynews.ro\/?u=https%3A%2F%2Fspynews.ro%2Fuploads%2Fmodules%2Fnews%2F0%2F2024%2F4%2F17%2F333461%2F43882873635066569862641526410950639790257902n.jpg&amp;w=700\" alt=\"zapada\"\/><\/a><\/figure>\n\n\n\n<figure class=\"wp-block-image\"><a href=\"https:\/\/spynews.ro\/galerie\/locul-din-romania-unde-iarna-sia-intrat-in-drepturi-in-luna-aprilie-sa-depus-un-strat-de-zapada-consistent-foto-id333461-play0.html\"><img decoding=\"async\" src=\"https:\/\/img.spynews.ro\/?u=https%3A%2F%2Fspynews.ro%2Fuploads%2Fmodules%2Fnews%2F0%2F2024%2F4%2F17%2F333461%2F43868599535066569362641574142705751713217114n.jpg&amp;w=700\" alt=\"zapada\"\/><\/a><\/figure>\n\n\n\n<blockquote class=\"wp-block-quote is-layout-flow wp-block-quote-is-layout-flow\">\n<p>\u201dDin Apuseni, buna diminea\u021ba! A venit iarna! A nins \u0219i ninge \u00een continuare \u00een Apuseni. Nu trebuie s\u0103 ne mire episodul acesta de ninsoare. Este \u00eenc\u0103 dreptul ei calendaristic. Vara, vara dragu\u021ba, s-a gr\u0103bit sa \u00ee\u0219i fac\u0103 apari\u021bia\u201d, spune un internaut \u00eentr-o postare pe o re\u021bea social\u0103.<\/p>\n\n\n\n<p>\u00cens\u0103 nu doar \u00een Apuseni<a href=\"https:\/\/spynews.ro\/actualitate\/meteo\/anunt-anm-dupa-temperaturi-de-aproape-30-de-grade-ninsorile-revin-in-romania-un-val-de-aer-rece-333123.html\" target=\"_blank\" rel=\"noreferrer noopener\">&nbsp;a nins<\/a>, ci \u0219i \u00een jude\u021bul Cluj.<\/p>\n\n\n\n<blockquote class=\"wp-block-quote is-layout-flow wp-block-quote-is-layout-flow\">\n<p>\u201dUna cald\u0103, una rece&#8230; De la 22 de grade la 0 grade. \u00cen mai pu\u021bin de 24 de ore\u201d, au scris \u0219i reprezentan\u021bii unei cabane din M\u0103ri\u0219el.<\/p>\n<\/blockquote>\n\n\n\n<h2 class=\"wp-block-heading\">Meteorologii au emis cod galben de vreme rea \u00een Rom\u00e2nia<\/h2>\n\n\n\n<p>Aproape toat\u0103 \u021bara se afl\u0103 sub avertizare cod galben de vreme rea. Speciali\u0219tii Administra\u021biei Na\u021bionale de Meteorologie au anun\u021bat c\u0103 p\u00e2n\u0103 ast\u0103zi, la ora 15:00, \u00een Banat, sudul Cri\u0219anei, Transilvania \u0219i \u00een zonele montane, local vor fi perioade cu instabilitate atmosferic\u0103 accentuat\u0103.<\/p>\n\n\n\n<p>Au fost anun\u021bate averse cu caracter toren\u021bial, desc\u0103rc\u0103ri electrice, intensific\u0103ri ale v\u00e2ntului cu rafale de 55&#8230;70 km\/h, izolat vijelii \u0219i grindin\u0103. \u00cen intervale scurte de timp sau prin acumulare, cantit\u0103\u021bile de ap\u0103 vor fi de 20&#8230;25 l\/mp \u0219i izolat de peste 40 l\/mp.<\/p>\n\n\n\n<p>De asemenea, p\u00e2n\u0103 m\u00e2ine, la ora 20, vor fi perioade cu instabilitate atmosferic\u0103, la \u00eenceput \u00een regiunile vestice \u0219i centrale, apoi \u0219i \u00een rest. Averse, trec\u0103tor desc\u0103rc\u0103ri electrice \u0219i izolat grindin\u0103 \u0219i vijelii, iar \u00een intervale scurte de timp sau prin acumulare, cantit\u0103\u021bile de ap\u0103 vor fi local de 15&#8230;20 l\/mp \u0219i izolat de 30&#8230;40 l\/mp.<\/p>\n\n\n\n<p>Sursa:spynews Foto:spynews<\/p>\n<\/blockquote>\n","protected":false},"excerpt":{"rendered":"<p>Calendaristic, suntem \u00een mijlocul prim\u0103verii, \u00eens\u0103 \u00een anumite zone din Rom\u00e2nia e iarn\u0103 \u00een toat\u0103 regula. Dup\u0103 ce zilele trecute<\/p>\n","protected":false},"author":1,"featured_media":110388,"comment_status":"open","ping_status":"closed","sticky":false,"template":"","format":"standard","meta":{"spay_email":"","footnotes":"","jetpack_publicize_message":""},"categories":[6],"tags":[],"class_list":["post-110387","post","type-post","status-publish","format-standard","has-post-thumbnail","hentry","category-social"],"jetpack_featured_media_url":"https:\/\/i2.wp.com\/realitatearutiera.ro\/wp-content\/uploads\/2024\/04\/img-5.jpg?fit=700%2C394&ssl=1","jetpack_publicize_connections":[],"jetpack_sharing_enabled":true,"jetpack_shortlink":"https:\/\/wp.me\/p61naM-sIr","jetpack-related-posts":[],"_links":{"self":[{"href":"https:\/\/realitatearutiera.ro\/index.php?rest_route=\/wp\/v2\/posts\/110387","targetHints":{"allow":["GET"]}}],"collection":[{"href":"https:\/\/realitatearutiera.ro\/index.php?rest_route=\/wp\/v2\/posts"}],"about":[{"href":"https:\/\/realitatearutiera.ro\/index.php?rest_route=\/wp\/v2\/types\/post"}],"author":[{"embeddable":true,"href":"https:\/\/realitatearutiera.ro\/index.php?rest_route=\/wp\/v2\/users\/1"}],"replies":[{"embeddable":true,"href":"https:\/\/realitatearutiera.ro\/index.php?rest_route=%2Fwp%2Fv2%2Fcomments&post=110387"}],"version-history":[{"count":1,"href":"https:\/\/realitatearutiera.ro\/index.php?rest_route=\/wp\/v2\/posts\/110387\/revisions"}],"predecessor-version":[{"id":110389,"href":"https:\/\/realitatearutiera.ro\/index.php?rest_route=\/wp\/v2\/posts\/110387\/revisions\/110389"}],"wp:featuredmedia":[{"embeddable":true,"href":"https:\/\/realitatearutiera.ro\/index.php?rest_route=\/wp\/v2\/media\/110388"}],"wp:attachment":[{"href":"https:\/\/realitatearutiera.ro\/index.php?rest_route=%2Fwp%2Fv2%2Fmedia&parent=110387"}],"wp:term":[{"taxonomy":"category","embeddable":true,"href":"https:\/\/realitatearutiera.ro\/index.php?rest_route=%2Fwp%2Fv2%2Fcategories&post=110387"},{"taxonomy":"post_tag","embeddable":true,"href":"https:\/\/realitatearutiera.ro\/index.php?rest_route=%2Fwp%2Fv2%2Ftags&post=110387"}],"curies":[{"name":"wp","href":"https:\/\/api.w.org\/{rel}","templated":true}]}}