{"id":110707,"date":"2024-04-25T08:21:32","date_gmt":"2024-04-25T05:21:32","guid":{"rendered":"https:\/\/realitatearutiera.ro\/?p=110707"},"modified":"2024-04-25T08:21:34","modified_gmt":"2024-04-25T05:21:34","slug":"judetul-arad-restrictii-de-circulatie-pe-autostrada-a1-deva-nadlac","status":"publish","type":"post","link":"https:\/\/realitatearutiera.ro\/?p=110707","title":{"rendered":"JUDE\u021aUL ARAD: RESTRIC\u021aII DE CIRCULA\u021aIE PE AUTOSTRADA A1 DEVA-N\u0102DLAC"},"content":{"rendered":"\n<p><strong>Ora:&nbsp;<\/strong>08:00<\/p>\n\n\n\n<p><strong>Centrul INFOTRAFIC din Inspectoratul General al Poli\u021biei Rom\u00e2ne&nbsp;<\/strong>informeaz\u0103 c\u0103, ast\u0103zi, p\u00e2n\u0103 la ora 21.00, au loc lucr\u0103ri de repara\u021bii \u0219i \u00eentre\u021binere curent\u0103, care impun restric\u021bionarea circula\u021biei pe prima band\u0103 \u0219i pe cea de urgen\u021b\u0103 pe Autostrada A1 pe sensul N\u0103dlac \u2013 Deva, \u00eentre kilometrii 559 \u2013 550, \u00een zona localit\u0103\u021bii Pecica, jude\u021bul Arad.<\/p>\n\n\n\n<p>Reduce\u021bi viteza \u00een zona lucr\u0103rilor, semnaliza\u021bi din timp inten\u021bia de schimbare a benzii de circula\u021bie \u0219i efectua\u021bi orice manevr\u0103 dup\u0103 o asigurare corespunz\u0103toare!<\/p>\n","protected":false},"excerpt":{"rendered":"<p>Ora:&nbsp;08:00 Centrul INFOTRAFIC din Inspectoratul General al Poli\u021biei Rom\u00e2ne&nbsp;informeaz\u0103 c\u0103, ast\u0103zi, p\u00e2n\u0103 la ora 21.00, au loc lucr\u0103ri de repara\u021bii<\/p>\n","protected":false},"author":1,"featured_media":102954,"comment_status":"open","ping_status":"closed","sticky":false,"template":"","format":"standard","meta":{"spay_email":"","footnotes":"","jetpack_publicize_message":""},"categories":[54],"tags":[],"class_list":["post-110707","post","type-post","status-publish","format-standard","has-post-thumbnail","hentry","category-informatii-rutiere"],"jetpack_featured_media_url":"https:\/\/i2.wp.com\/realitatearutiera.ro\/wp-content\/uploads\/2023\/09\/Sofer-depistat-in-trafic-sub-influenta-alcoolului_e46b8ef1d3.jpg?fit=1920%2C1080&ssl=1","jetpack_publicize_connections":[],"jetpack_sharing_enabled":true,"jetpack_shortlink":"https:\/\/wp.me\/p61naM-sNB","jetpack-related-posts":[],"_links":{"self":[{"href":"https:\/\/realitatearutiera.ro\/index.php?rest_route=\/wp\/v2\/posts\/110707","targetHints":{"allow":["GET"]}}],"collection":[{"href":"https:\/\/realitatearutiera.ro\/index.php?rest_route=\/wp\/v2\/posts"}],"about":[{"href":"https:\/\/realitatearutiera.ro\/index.php?rest_route=\/wp\/v2\/types\/post"}],"author":[{"embeddable":true,"href":"https:\/\/realitatearutiera.ro\/index.php?rest_route=\/wp\/v2\/users\/1"}],"replies":[{"embeddable":true,"href":"https:\/\/realitatearutiera.ro\/index.php?rest_route=%2Fwp%2Fv2%2Fcomments&post=110707"}],"version-history":[{"count":1,"href":"https:\/\/realitatearutiera.ro\/index.php?rest_route=\/wp\/v2\/posts\/110707\/revisions"}],"predecessor-version":[{"id":110708,"href":"https:\/\/realitatearutiera.ro\/index.php?rest_route=\/wp\/v2\/posts\/110707\/revisions\/110708"}],"wp:featuredmedia":[{"embeddable":true,"href":"https:\/\/realitatearutiera.ro\/index.php?rest_route=\/wp\/v2\/media\/102954"}],"wp:attachment":[{"href":"https:\/\/realitatearutiera.ro\/index.php?rest_route=%2Fwp%2Fv2%2Fmedia&parent=110707"}],"wp:term":[{"taxonomy":"category","embeddable":true,"href":"https:\/\/realitatearutiera.ro\/index.php?rest_route=%2Fwp%2Fv2%2Fcategories&post=110707"},{"taxonomy":"post_tag","embeddable":true,"href":"https:\/\/realitatearutiera.ro\/index.php?rest_route=%2Fwp%2Fv2%2Ftags&post=110707"}],"curies":[{"name":"wp","href":"https:\/\/api.w.org\/{rel}","templated":true}]}}