{"id":110818,"date":"2024-04-29T08:56:05","date_gmt":"2024-04-29T05:56:05","guid":{"rendered":"https:\/\/realitatearutiera.ro\/?p=110818"},"modified":"2024-04-29T08:56:07","modified_gmt":"2024-04-29T05:56:07","slug":"ce-risti-daca-parchezi-masina-pe-locul-altcuiva-consecintele-sunt-grave","status":"publish","type":"post","link":"https:\/\/realitatearutiera.ro\/?p=110818","title":{"rendered":"Ce ri\u0219ti dac\u0103 parchezi ma\u0219ina pe locul altcuiva. Consecin\u021bele sunt grave"},"content":{"rendered":"\n<p>\u0218oferii trebuie s\u0103 fie foarte aten\u021bi unde parcheaz\u0103, pentru risc\u0103 o amend\u0103 destul de mare, iar ma\u0219ina le poate fi ridicat\u0103. Iat\u0103 ce se \u00eent\u00e2mpl\u0103 dac\u0103 parchezi pe locul altcuiva.<\/p>\n\n\n\n<p>Locurile de&nbsp;<a href=\"https:\/\/www.promotor.ro\/stiri-auto\/ce-patesti-daca-ocupi-abuziv-locul-de-parcare-al-altui-sofer-legea-a-devenit-mult-mai-aspra-18795681\">parcare<\/a>&nbsp;din ora\u0219e sunt administrate, \u00een general, de autorit\u0103\u021bile publice. Fie de institu\u021bii aflate \u00een subordinea prim\u0103riei, fie de companii private contractate de autorit\u0103\u021bi.<\/p>\n\n\n\n<p>Aceste parc\u0103ri pot fi \u00eenchiriate pe diferite perioade, \u00eencep\u00e2nd de la o jum\u0103tate de or\u0103 p\u00e2n\u0103 la un an.<\/p>\n\n\n\n<p>\u00cen Bucure\u0219ti de exemplu, proprietarul unei ma\u0219ini poate \u00eenchiria un loc de parcare, din spatele blocului, pentru o perioad\u0103 de 12 luni. \u00cen aceast\u0103 perioad\u0103 este singurul care are drept s\u0103 parcheze&nbsp;<a href=\"https:\/\/www.promotor.ro\/stiri-auto\/cea-mai-noua-masina-produsa-in-romania-primeste-medalia-de-platina-la-euro-ncap-video-19228396\">ma\u0219ina<\/a>&nbsp;\u00een acel loc.<\/p>\n\n\n\n<h2 class=\"wp-block-heading\">Ce se \u00eent\u00e2mpl\u0103 dac\u0103 parchezi pe locul altcuiva<\/h2>\n\n\n\n<p>Trebuie s\u0103 acorzi o mare aten\u021bie locului \u00een care urmeaz\u0103 s\u0103 parchezi. Pentru c\u0103, dac\u0103 parchezi pe locul altcuiva, te po\u021bi trezi \u0219i cu amend\u0103 \u0219i cu ma\u0219ina ridicat\u0103.<\/p>\n\n\n\n<p>Persoana care a \u00eenchiriat locul de parcare are dreptul s\u0103 sune la&nbsp;Poli\u021bia Local\u0103 dac\u0103 \u00ee\u0219i g\u0103se\u0219te acest spa\u021biu ocupat.<\/p>\n\n\n\n<p>Un echipaj va fi trimis pentru a constata situa\u021bia, iar dac\u0103 ai parcat neregulamentar autorit\u0103\u021bile pot dispune:<\/p>\n\n\n\n<ul class=\"wp-block-list\">\n<li>aplicarea unei amenzi contraven\u021bionale;<\/li>\n\n\n\n<li>blocarea ro\u021bilor autoturismului;<\/li>\n\n\n\n<li>ridicarea vehiculului.<\/li>\n<\/ul>\n\n\n\n<h2 class=\"wp-block-heading\">Poli\u021bia Local\u0103 poate da amend\u0103 pentru parcare?<\/h2>\n\n\n\n<p>Sanc\u021biunea pentru parcare neregulamentar\u0103 sau ocuparea unui loc de parcare poate fi aplicat\u0103 at\u00e2t de un poli\u021bist rutier, c\u00e2t \u0219i de cei de la poli\u021bia local\u0103.<\/p>\n\n\n\n<p>De asemenea, cei de la local\u0103 pot dispune blocarea sau ridicarea autovehiculul parcat incorect.<\/p>\n\n\n\n<p>Iar \u0219oferul va avea apoi de pl\u0103tit nu numai amenda pentru parcare neregulamentar\u0103, ci \u0219i tariful de deblocare sau transport \u0219i depozitare a ma\u0219inii.<\/p>\n\n\n\n<h2 class=\"wp-block-heading\">C\u00e2t e amenda pentru parcare neregulamentar\u0103<\/h2>\n\n\n\n<p>Dac\u0103 se constat\u0103 c\u0103 un \u0219ofer a oprit neregulamentar, acesta poate primi 4 sau 5 puncte de amend\u0103. Adic\u0103 o sanc\u021biune cuprins\u0103 \u00eentre 660 lei \u0219i 825 lei.<\/p>\n\n\n\n<p>Dar, dac\u0103 se stabile\u0219te c\u0103 sta\u021bioneaz\u0103 \u00eentr-o zon\u0103 unde nu are acest drept, va primi o nou\u0103 sanc\u021biune: 2 sau 3 puncte de amend\u0103, adic\u0103 \u00eentre 330 \u0219i 495 de lei.<\/p>\n\n\n\n<p>Ceea ce \u00eenseamn\u0103 c\u0103 amenda pentru parcare neregulamentar\u0103 poate ajunge la 1.320 de lei.<\/p>\n\n\n\n<p>Sursa:promotor<\/p>\n","protected":false},"excerpt":{"rendered":"<p>\u0218oferii trebuie s\u0103 fie foarte aten\u021bi unde parcheaz\u0103, pentru risc\u0103 o amend\u0103 destul de mare, iar ma\u0219ina le poate fi<\/p>\n","protected":false},"author":1,"featured_media":110819,"comment_status":"open","ping_status":"closed","sticky":false,"template":"","format":"standard","meta":{"spay_email":"","footnotes":"","jetpack_publicize_message":""},"categories":[82],"tags":[],"class_list":["post-110818","post","type-post","status-publish","format-standard","has-post-thumbnail","hentry","category-auto"],"jetpack_featured_media_url":"https:\/\/realitatearutiera.ro\/wp-content\/uploads\/2024\/04\/https___www.promotor.ro_wp-content_uploads_2020_12_locuri-de-parcare-002-1024x712-1.webp","jetpack_publicize_connections":[],"jetpack_sharing_enabled":true,"jetpack_shortlink":"https:\/\/wp.me\/p61naM-sPo","jetpack-related-posts":[],"_links":{"self":[{"href":"https:\/\/realitatearutiera.ro\/index.php?rest_route=\/wp\/v2\/posts\/110818","targetHints":{"allow":["GET"]}}],"collection":[{"href":"https:\/\/realitatearutiera.ro\/index.php?rest_route=\/wp\/v2\/posts"}],"about":[{"href":"https:\/\/realitatearutiera.ro\/index.php?rest_route=\/wp\/v2\/types\/post"}],"author":[{"embeddable":true,"href":"https:\/\/realitatearutiera.ro\/index.php?rest_route=\/wp\/v2\/users\/1"}],"replies":[{"embeddable":true,"href":"https:\/\/realitatearutiera.ro\/index.php?rest_route=%2Fwp%2Fv2%2Fcomments&post=110818"}],"version-history":[{"count":1,"href":"https:\/\/realitatearutiera.ro\/index.php?rest_route=\/wp\/v2\/posts\/110818\/revisions"}],"predecessor-version":[{"id":110820,"href":"https:\/\/realitatearutiera.ro\/index.php?rest_route=\/wp\/v2\/posts\/110818\/revisions\/110820"}],"wp:featuredmedia":[{"embeddable":true,"href":"https:\/\/realitatearutiera.ro\/index.php?rest_route=\/wp\/v2\/media\/110819"}],"wp:attachment":[{"href":"https:\/\/realitatearutiera.ro\/index.php?rest_route=%2Fwp%2Fv2%2Fmedia&parent=110818"}],"wp:term":[{"taxonomy":"category","embeddable":true,"href":"https:\/\/realitatearutiera.ro\/index.php?rest_route=%2Fwp%2Fv2%2Fcategories&post=110818"},{"taxonomy":"post_tag","embeddable":true,"href":"https:\/\/realitatearutiera.ro\/index.php?rest_route=%2Fwp%2Fv2%2Ftags&post=110818"}],"curies":[{"name":"wp","href":"https:\/\/api.w.org\/{rel}","templated":true}]}}