{"id":110821,"date":"2024-04-29T08:59:52","date_gmt":"2024-04-29T05:59:52","guid":{"rendered":"https:\/\/realitatearutiera.ro\/?p=110821"},"modified":"2024-04-29T08:59:54","modified_gmt":"2024-04-29T05:59:54","slug":"traditii-si-obiceiuri-in-lunea-mare","status":"publish","type":"post","link":"https:\/\/realitatearutiera.ro\/?p=110821","title":{"rendered":"Tradi\u021bii \u0219i obiceiuri \u00een Lunea Mare"},"content":{"rendered":"\n<p>S\u0103pt\u0103m\u00e2na Mare sau S\u0103pt\u0103m\u00e2na Patimilor este un moment \u00eenc\u0103rcat de semnifica\u021bii religioase pentru cre\u0219tini, marc\u00e2nd ultima s\u0103pt\u0103m\u00e2n\u0103 dinaintea Duminicii \u00cenvierii Domnului. \u00cen aceast\u0103 perioad\u0103. Tradi\u021biile \u0219i obiceiurile, transmise din genera\u021bie \u00een genera\u021bie sunt respectate cu sfin\u021benie de c\u0103tre credincio\u0219i.&nbsp;<img loading=\"lazy\" decoding=\"async\" src=\"https:\/\/i0.wp.com\/cdn.adh.reperio.news\/image-d\/d108d4c3-7532-4c97-addb-dd1dad222064\/index.jpeg?resize=800%2C429&#038;ssl=1\" alt=\"S\u0103pt\u0103m\u00e2na Patimilor FOTO Arhiv\u0103\" width=\"800\" height=\"429\"  data-recalc-dims=\"1\"><\/p>\n\n\n\n<p>S\u0103pt\u0103m\u00e2na Patimilor FOTO Arhiv\u0103<\/p>\n\n\n\n<p>Slujbele desf\u0103\u0219urate \u00een biseric\u0103 \u00een aceste zile, cunoscute sub numele de Denii,&nbsp;<a href=\"https:\/\/adevarul.ro\/stiri-locale\/galati\/pricesnele-colinde-arhaice-cantate-in-postul-2357434.html\">au menirea de a reaminti credincio\u0219ilor<\/a>&nbsp;evenimentele dramatice petrecute \u00een ultimele zile din via\u021ba M\u00e2ntuitorului. Cuv\u00e2ntul \u201edenie\u201d, provenit din slavona veche \u201evdenie\u201d, semnific\u0103 priveghere sau slujb\u0103 nocturn\u0103.<\/p>\n\n\n\n<p>Tradi\u021bia popular\u0103 spune c\u0103 \u00een aceast\u0103 s\u0103pt\u0103m\u00e2n\u0103 mor\u021bii revin printre cei vii, ace\u0219tia fiind pomeni\u021bi \u00een Joia Mare.<\/p>\n\n\n\n<p>\u00cen Lunea Mare, una dintre tradi\u021biile respectate este pomenirea lui Iosif cel Preafrumos, un episod care prefigureaz\u0103 jertfa M\u00e2ntuitorului Iisus Hristos, v\u00e2ndut de Iuda. Iosif, fiul iubit al lui Iacob, este tr\u0103dat de fra\u021bii s\u0103i \u0219i v\u00e2ndut \u00een Egipt, \u00een urma invidiei \u0219i r\u0103ut\u0103\u021bii lor.<\/p>\n\n\n\n<h2 class=\"wp-block-heading\">Urzicile \u0219i o\u021betul, interzise<\/h2>\n\n\n\n<p>Obiceiurile din aceast\u0103 zi cuprind \u0219i o serie de interdic\u021bii alimentare. Potrivit tradi\u021biei, este nerecomandat s\u0103 se consume urzici sau m\u00e2nc\u0103ruri g\u0103tite cu o\u021bet, deoarece M\u00e2ntuitorul a fost b\u0103tut cu urzici \u0219i i s-au umezit buzele cu o\u021bet, \u00een loc de ap\u0103.<\/p>\n\n\n\n<p>De asemenea, \u00een aceast\u0103 s\u0103pt\u0103m\u00e2n\u0103, unii credincio\u0219i \u00eencep un post mai aspru, aleg\u00e2nd s\u0103 nu m\u0103n\u00e2nce nimic de la r\u0103s\u0103rit p\u00e2n\u0103 la apus,&nbsp;<a href=\"https:\/\/adevarul.ro\/stiri-interne\/societate\/cea-mai-sfanta-noapte-pentru-catolici-invierea-2351229.html\">ca o form\u0103 de rug\u0103ciune<\/a>&nbsp;\u0219i preg\u0103tire spiritual\u0103 pentru Sfintele S\u0103rb\u0103tori care urmeaz\u0103.<\/p>\n\n\n\n<h2 class=\"wp-block-heading\">Cur\u0103\u021benia de Pa\u0219te&nbsp;<\/h2>\n\n\n\n<p>\u00cen multe zone din \u021bar\u0103, femeile \u00eencep cur\u0103\u021benia de Pa\u0219te \u00een Lunea Mare. Acestea scot totul afar\u0103 din cas\u0103, spal\u0103 \u0219i aerisesc bine, urm\u0103rind s\u0103 alunge toate relele de peste iarn\u0103. Mar\u021bea Mare este considerat\u0103 ultima zi potrivit\u0103 pentru a face cur\u0103\u021benie \u00een case, evit\u00e2ndu-se v\u0103ruielile \u00een aceast\u0103 s\u0103pt\u0103m\u00e2n\u0103, pentru a preveni diverse boli, conform unor supersti\u021bii.<\/p>\n\n\n\n<p>Astfel, respectarea tradi\u021biilor \u0219i a obiceiurilor \u00een Lunea Mare \u0219i \u00een S\u0103pt\u0103m\u00e2na Patimilor este un mod de p\u0103strare a valorilor spirituale \u0219i culturale transmise din mo\u0219i-str\u0103mo\u0219i.<\/p>\n\n\n\n<p>Sursa:adevarul<\/p>\n","protected":false},"excerpt":{"rendered":"<p>S\u0103pt\u0103m\u00e2na Mare sau S\u0103pt\u0103m\u00e2na Patimilor este un moment \u00eenc\u0103rcat de semnifica\u021bii religioase pentru cre\u0219tini, marc\u00e2nd ultima s\u0103pt\u0103m\u00e2n\u0103 dinaintea Duminicii \u00cenvierii<\/p>\n","protected":false},"author":1,"featured_media":110822,"comment_status":"open","ping_status":"closed","sticky":false,"template":"","format":"standard","meta":{"spay_email":"","footnotes":"","jetpack_publicize_message":""},"categories":[6],"tags":[],"class_list":["post-110821","post","type-post","status-publish","format-standard","has-post-thumbnail","hentry","category-social"],"jetpack_featured_media_url":"https:\/\/realitatearutiera.ro\/wp-content\/uploads\/2024\/04\/index-2-3.webp","jetpack_publicize_connections":[],"jetpack_sharing_enabled":true,"jetpack_shortlink":"https:\/\/wp.me\/p61naM-sPr","jetpack-related-posts":[],"_links":{"self":[{"href":"https:\/\/realitatearutiera.ro\/index.php?rest_route=\/wp\/v2\/posts\/110821","targetHints":{"allow":["GET"]}}],"collection":[{"href":"https:\/\/realitatearutiera.ro\/index.php?rest_route=\/wp\/v2\/posts"}],"about":[{"href":"https:\/\/realitatearutiera.ro\/index.php?rest_route=\/wp\/v2\/types\/post"}],"author":[{"embeddable":true,"href":"https:\/\/realitatearutiera.ro\/index.php?rest_route=\/wp\/v2\/users\/1"}],"replies":[{"embeddable":true,"href":"https:\/\/realitatearutiera.ro\/index.php?rest_route=%2Fwp%2Fv2%2Fcomments&post=110821"}],"version-history":[{"count":1,"href":"https:\/\/realitatearutiera.ro\/index.php?rest_route=\/wp\/v2\/posts\/110821\/revisions"}],"predecessor-version":[{"id":110823,"href":"https:\/\/realitatearutiera.ro\/index.php?rest_route=\/wp\/v2\/posts\/110821\/revisions\/110823"}],"wp:featuredmedia":[{"embeddable":true,"href":"https:\/\/realitatearutiera.ro\/index.php?rest_route=\/wp\/v2\/media\/110822"}],"wp:attachment":[{"href":"https:\/\/realitatearutiera.ro\/index.php?rest_route=%2Fwp%2Fv2%2Fmedia&parent=110821"}],"wp:term":[{"taxonomy":"category","embeddable":true,"href":"https:\/\/realitatearutiera.ro\/index.php?rest_route=%2Fwp%2Fv2%2Fcategories&post=110821"},{"taxonomy":"post_tag","embeddable":true,"href":"https:\/\/realitatearutiera.ro\/index.php?rest_route=%2Fwp%2Fv2%2Ftags&post=110821"}],"curies":[{"name":"wp","href":"https:\/\/api.w.org\/{rel}","templated":true}]}}