{"id":111620,"date":"2024-05-24T08:54:49","date_gmt":"2024-05-24T05:54:49","guid":{"rendered":"https:\/\/realitatearutiera.ro\/?p=111620"},"modified":"2024-05-24T08:54:52","modified_gmt":"2024-05-24T05:54:52","slug":"ce-trebuie-sa-stii-ca-sa-nu-ai-probleme-cand-vizitezi-un-stat-non-ue","status":"publish","type":"post","link":"https:\/\/realitatearutiera.ro\/?p=111620","title":{"rendered":"Ce trebuie s\u0103 \u0219tii ca s\u0103 nu ai probleme\u00a0c\u00e2nd vizitezi un stat non-UE"},"content":{"rendered":"\n<p>Au mai r\u0103mas doar c\u00e2teva s\u0103pt\u0103m\u00e2ni p\u00e2n\u0103 la perioada vacan\u021belor, a\u0219adar este important s\u0103 \u0219tii care sunt actele de care ai nevoie dac\u0103 decizi s\u0103 c\u0103l\u0103tore\u0219ti un stat care nu face parte din Uniunea European\u0103.<a href=\"https:\/\/spynews.ro\/galerie\/actele-de-care-ai-nevoie-pentru-a-calatori-in-tarile-care-nu-fac-parte-din-uniunea-europeana-ce-trebuie-sa-stii-ca-sa-nu-ai-problemecand-vizitezi-un-stat-nonue-id335504-play0.html\"><\/a><\/p>\n\n\n\n<figure class=\"wp-block-image\"><a href=\"https:\/\/spynews.ro\/galerie\/actele-de-care-ai-nevoie-pentru-a-calatori-in-tarile-care-nu-fac-parte-din-uniunea-europeana-ce-trebuie-sa-stii-ca-sa-nu-ai-problemecand-vizitezi-un-stat-nonue-id335504-play0.html\"><img decoding=\"async\" src=\"https:\/\/img.spynews.ro\/?u=https%3A%2F%2Fspynews.ro%2Fuploads%2Fmodules%2Fnews%2F0%2F2024%2F5%2F24%2F335504%2Fprofimedia0873047932.jpg&amp;w=1200\" alt=\"om cu bagaje de mers pe jos la aeroport\"\/><\/a><\/figure>\n\n\n\n<p>Actele necesare pentru c\u0103l\u0103toriile \u00een statele care nu fac parte din Uniunea European\u0103<\/p>\n\n\n\n<p>Profimediaimages.ro<\/p>\n\n\n\n<ul class=\"wp-block-list\">\n<li>De ce acte ai nevoie pentru a c\u0103l\u0103tori \u00een \u021b\u0103rile care nu fac parte din Uniunea European\u0103<\/li>\n\n\n\n<li>Tot ce trebuie s\u0103 \u0219tii ca s\u0103 nu ai probleme\u00a0c\u00e2nd vizitezi un stat non-UE<\/li>\n<\/ul>\n\n\n\n<p>Chiar \u0219i dup\u0103 terminarea \u0219colii, exist\u0103 multe persoane care obi\u0219nuiesc s\u0103 asocieze adesea vara cu ideea de vacan\u021b\u0103. Evident, odat\u0103 ce ajungi la v\u00e2rsta adult\u0103, po\u021bi c\u0103l\u0103tori oric\u00e2nd dore\u0219ti, \u00eens\u0103 va exista \u00eentotdeauna ceva atr\u0103g\u0103tor \u00een leg\u0103tur\u0103 cu c\u0103l\u0103toriile pe timp de var\u0103.<\/p>\n\n\n\n<h2 class=\"wp-block-heading\">De ce acte ai nevoie pentru a c\u0103l\u0103tori \u00een \u021b\u0103rile care nu fac parte din Uniunea European\u0103<\/h2>\n\n\n\n<p>Pentru a nu \u00eent\u00e2mpina probleme atunci c\u00e2nd vizitezi un stat non-UE, reprezentan\u021bii InfoCons au creat un mic ghid care s\u0103 te ajute s\u0103 nu ai probleme atunci c\u00e2nd c\u0103l\u0103tore\u0219ti \u00eentr-o \u021bar\u0103 care nu face parte din Uniunea European\u0103.<\/p>\n\n\n\n<p>\u00cen primul r\u00e2nd trebuie s\u0103 verifici valabilitatea pa\u0219aportului t\u0103u. Multe \u021b\u0103ri non-UE solicit\u0103 ca pa\u0219aportul s\u0103 fie valabil pentru cel pu\u021bin \u0219ase luni de la data intr\u0103rii \u00een \u021bar\u0103. Asigur\u0103-te c\u0103 pa\u0219aportul t\u0103u este \u00een regul\u0103 \u0219i c\u0103 nu expir\u0103 \u00een timpul c\u0103l\u0103toriei.<\/p>\n\n\n\n<blockquote class=\"wp-block-quote is-layout-flow wp-block-quote-is-layout-flow\">\n<p>&#8220;Vizele de intrare: Multe \u021b\u0103ri non-UE solicit\u0103 vize pentru cet\u0103\u021benii str\u0103ini \u00eenainte de intrarea pe teritoriul lor. Verific\u0103 cerin\u021bele de viz\u0103 pentru \u021bara \u00een care inten\u021bionezi s\u0103 c\u0103l\u0103tore\u0219ti \u0219i aplic\u0103 pentru viza corespunz\u0103toare din timp. Procesul de ob\u021binere a unei vize poate dura c\u00e2teva s\u0103pt\u0103m\u00e2ni sau chiar luni, deci este esen\u021bial s\u0103 te ocupi de acest aspect cu suficient timp \u00eenainte de c\u0103l\u0103torie.<\/p>\n<\/blockquote>\n\n\n\n<blockquote class=\"wp-block-quote is-layout-flow wp-block-quote-is-layout-flow\">\n<p>Asigurare medical\u0103 de c\u0103l\u0103torie: Este recomandabil s\u0103 ai o asigurare medical\u0103 de c\u0103l\u0103torie \u00een caz de accidente sau \u00eemboln\u0103viri \u00een timpul \u0219ederii \u00een str\u0103in\u0103tate. Verific\u0103 acoperirea asigur\u0103rii tale \u0219i asigur\u0103-te c\u0103 include servicii medicale \u0219i de evacuare \u00een caz de urgen\u021b\u0103.&#8221;, scriu reprezentan\u021bii InfoCons pe pagina de Facebook.<\/p>\n<\/blockquote>\n\n\n\n<p>De asemenea, verific\u0103 permisele \u0219i licen\u021bele: Este important s\u0103 \u0219tii c\u0103 dac\u0103 inten\u021bionezi s\u0103 \u00eenchiriezi o ma\u0219in\u0103 sau s\u0103 conduci \u00een \u021bara respectiv\u0103, trebuie s\u0103 verifici cerin\u021bele locale pentru permisele de conducere interna\u021bionale sau alte documente necesare pentru a conduce legal.<\/p>\n\n\n\n<h2 class=\"wp-block-heading\">Rom\u00e2nii vor fi informa\u021bi prin SMS atunci c\u00e2nd le va expira buletinul, pa\u0219aportul sau permisul de conducere<\/h2>\n\n\n\n<p>\u00cen cur\u00e2nd, autorit\u0103\u0163ile vor fi obligate s\u0103 anun\u021be prin SMS sau mail, atunci c\u00e2nd anumite documente importante, precum&nbsp;<a href=\"https:\/\/spynews.ro\/actualitate\/stiri-interne\/anunt-important-pentru-romani-vor-fi-informati-prin-sms-atunci-cand-le-va-expira-buletinul-pasaportul-sau-permisul-de-conducere-332044.html\" target=\"_blank\" rel=\"noreferrer noopener\">pa\u015faportul<\/a>, buletinul sau permisul auto expir\u0103.<\/p>\n\n\n\n<p>Un sistem prin care cet\u0103\u021benii sunt anun\u021ba\u021bi cu privire la data de expirare a documentelor func\u021bioneaz\u0103 deja \u00een state ca Republica Moldova \u015fi Marea Britanie.<\/p>\n\n\n\n<p>Rom\u00e2nii c\u0103rora le vor expira pa\u0219apoartele vor primi un SMS prin care vor fi informa\u021bi c\u0103 documentul trebuie s\u0103 fie ref\u0103cut, cu una p\u00e2n\u0103 la trei luni \u00eenainte, informeaz\u0103 Ministerul Afacerilor Externe.<\/p>\n\n\n\n<p>Sursa:spynews<\/p>\n","protected":false},"excerpt":{"rendered":"<p>Au mai r\u0103mas doar c\u00e2teva s\u0103pt\u0103m\u00e2ni p\u00e2n\u0103 la perioada vacan\u021belor, a\u0219adar este important s\u0103 \u0219tii care sunt actele de care<\/p>\n","protected":false},"author":1,"featured_media":111621,"comment_status":"open","ping_status":"closed","sticky":false,"template":"","format":"standard","meta":{"spay_email":"","footnotes":"","jetpack_publicize_message":""},"categories":[6],"tags":[],"class_list":["post-111620","post","type-post","status-publish","format-standard","has-post-thumbnail","hentry","category-social"],"jetpack_featured_media_url":"https:\/\/i2.wp.com\/realitatearutiera.ro\/wp-content\/uploads\/2024\/05\/img-2.jpg?fit=1200%2C632&ssl=1","jetpack_publicize_connections":[],"jetpack_sharing_enabled":true,"jetpack_shortlink":"https:\/\/wp.me\/p61naM-t2k","jetpack-related-posts":[],"_links":{"self":[{"href":"https:\/\/realitatearutiera.ro\/index.php?rest_route=\/wp\/v2\/posts\/111620","targetHints":{"allow":["GET"]}}],"collection":[{"href":"https:\/\/realitatearutiera.ro\/index.php?rest_route=\/wp\/v2\/posts"}],"about":[{"href":"https:\/\/realitatearutiera.ro\/index.php?rest_route=\/wp\/v2\/types\/post"}],"author":[{"embeddable":true,"href":"https:\/\/realitatearutiera.ro\/index.php?rest_route=\/wp\/v2\/users\/1"}],"replies":[{"embeddable":true,"href":"https:\/\/realitatearutiera.ro\/index.php?rest_route=%2Fwp%2Fv2%2Fcomments&post=111620"}],"version-history":[{"count":1,"href":"https:\/\/realitatearutiera.ro\/index.php?rest_route=\/wp\/v2\/posts\/111620\/revisions"}],"predecessor-version":[{"id":111622,"href":"https:\/\/realitatearutiera.ro\/index.php?rest_route=\/wp\/v2\/posts\/111620\/revisions\/111622"}],"wp:featuredmedia":[{"embeddable":true,"href":"https:\/\/realitatearutiera.ro\/index.php?rest_route=\/wp\/v2\/media\/111621"}],"wp:attachment":[{"href":"https:\/\/realitatearutiera.ro\/index.php?rest_route=%2Fwp%2Fv2%2Fmedia&parent=111620"}],"wp:term":[{"taxonomy":"category","embeddable":true,"href":"https:\/\/realitatearutiera.ro\/index.php?rest_route=%2Fwp%2Fv2%2Fcategories&post=111620"},{"taxonomy":"post_tag","embeddable":true,"href":"https:\/\/realitatearutiera.ro\/index.php?rest_route=%2Fwp%2Fv2%2Ftags&post=111620"}],"curies":[{"name":"wp","href":"https:\/\/api.w.org\/{rel}","templated":true}]}}