{"id":112171,"date":"2024-06-07T08:51:11","date_gmt":"2024-06-07T05:51:11","guid":{"rendered":"https:\/\/realitatearutiera.ro\/?p=112171"},"modified":"2024-06-07T08:51:13","modified_gmt":"2024-06-07T05:51:13","slug":"amenda-primita-de-soferi-in-timpul-programului-de-munca-trebuie-platita-de-angajator","status":"publish","type":"post","link":"https:\/\/realitatearutiera.ro\/?p=112171","title":{"rendered":"Amenda primit\u0103 de \u0219oferi, \u00een timpul programului de munc\u0103, trebuie pl\u0103tit\u0103 de angajator?"},"content":{"rendered":"\n<p>\u00cen situa\u021bia \u00een care un \u0219ofer, aflat \u00een timpul programului de munc\u0103, prime\u0219te o amend\u0103 de circula\u021bie, aceasta trebuie pl\u0103tit\u0103 de angajator sau de conduc\u0103torul auto?<\/p>\n\n\n\n<p>Foarte mul\u021bi rom\u00e2ni au un loc de munc\u0103 ce presupune conducerea unei&nbsp;<a href=\"https:\/\/www.promotor.ro\/stiri-auto\/este-legal-sa-folosesti-masina-de-serviciu-in-scop-personal-in-ce-situatii-se-considera-infractiune-19280126\">ma\u0219ini<\/a>. Fie au o ma\u0219in\u0103 de serviciu, fie conduc ma\u0219ina personal\u0103 dar \u00een interes de munc\u0103.<\/p>\n\n\n\n<p>Iar, uneori fie calc\u0103 prea tare pedala de accelera\u021bie, fie omit s\u0103 re\u00eennoiasc\u0103 rovinieta sau RCA-ul. \u00cen astfel de situa\u021bii, cine pl\u0103te\u0219te amenda?<\/p>\n\n\n\n<h2 class=\"wp-block-heading\">Amenda primit\u0103 \u00een timpul programului de munc\u0103 trebuie pl\u0103tit\u0103 de angajator?<\/h2>\n\n\n\n<p>Conform legii,&nbsp;<a href=\"https:\/\/www.promotor.ro\/stiri-auto\/un-politist-din-oradea-fost-lovit-de-un-sofer-dupa-ce-conducatorul-auto-nu-l-ar-fi-vazut-din-cauza-soarelui-video-17892334\">conduc\u0103torul<\/a>&nbsp;auto este responsabil de faptele sale atunci c\u00e2nd se afl\u0103 la volan.<\/p>\n\n\n\n<p>Astfel, chiar dac\u0103 e \u00een timpul programului de munc\u0103, are obliga\u021bia de a respecta toate normele rutiere. Pentru c\u0103 este singurul care va fi sanc\u021bionat pentru abaterile rutiere.<\/p>\n\n\n\n<p>Chiar \u0219i \u00een situa\u021biile \u00een care angajatorul \u00eei cere, s\u0103 zicem, s\u0103 dep\u0103\u0219easc\u0103 viteza legal\u0103, doar cel aflat la volan va fi sanc\u021bionat.<\/p>\n\n\n\n<p>De asemenea, \u0219oferul are obliga\u021bia de a se asigura c\u0103 ma\u0219in\u0103 are RCA valabil \u0219i ITP-ul este efectuat. Pentru c\u0103 dac\u0103 va fi oprit de poli\u021bie \u0219i se va constata c\u0103 acestea sunt expirate, tot el va fi cel amendat, chiar dac\u0103 ma\u0219ina nu \u00eei apar\u021bine.<\/p>\n\n\n\n<p>\u201e<em><strong>Constituie contraven\u021bie \u015fi se sanc\u021bioneaz\u0103 cu amenda prev\u0103zut\u0103 \u00een clasa a IV-a de sanc\u021biuni [\u2026] conducerea pe drumurile publice a unui vehicul care nu corespunde din punct de vedere tehnic sau al c\u0103rui termen de valabilitate a inspec\u021biei tehnice periodice a expirat<\/strong><\/em>\u201d, conform Art. 102 (1) din legea circula\u021biei.<\/p>\n\n\n\n<p>Doar \u00een cazul \u00een care a expirat&nbsp;<a href=\"https:\/\/www.promotor.ro\/stiri-auto\/rovinieta-isi-pastreaza-valabilitatea-daca-schimbi-numarul-de-inmatriculare-19295044\">rovinieta<\/a>, \u0219oferul vehiculului nu va fi tras la r\u0103spundere. Sarcina achit\u0103rii taxei de drum apar\u021bine proprietarului respectivul vehicul \u0219i numai acesta va fi amendat dac\u0103 omite s\u0103 o pl\u0103teasc\u0103.<\/p>\n\n\n\n<h2 class=\"wp-block-heading\">Este legal s\u0103 folose\u0219ti ma\u0219ina de serviciu \u00een scop personal?<\/h2>\n\n\n\n<p>Companiile care opteaz\u0103 pentru deducerea integral\u0103 a cheltuielilor \u0219i a TVA-ului pentru achizi\u021biile \u0219i cheltuielile aferente vehiculelor trebuie s\u0103 justifice folosirea exclusiv\u0103 \u00een interesul activit\u0103\u021bii economice a ma\u0219inilor.<\/p>\n\n\n\n<p>Astfel, sunt obligate s\u0103 prezinte urm\u0103toarele documente financiar-contabile:<\/p>\n\n\n\n<ul class=\"wp-block-list\">\n<li>delega\u0163ie sau decont;<\/li>\n\n\n\n<li>foaia de parcurs ce trebuie s\u0103 cuprind\u0103:\n<ul class=\"wp-block-list\">\n<li>categoria de\u00a0<a href=\"https:\/\/www.promotor.ro\/stiri-auto\/e-legal-sa-parchezi-masina-pe-trotuarul-din-fata-casei-19279490\">vehicul<\/a>\u00a0utilizat;<\/li>\n\n\n\n<li>scopul \u015fi locul deplas\u0103rii;<\/li>\n\n\n\n<li>kilometrii parcur\u0219i;<\/li>\n\n\n\n<li>norma proprie de consum carburant pe kilometru parcurs.<\/li>\n<\/ul>\n<\/li>\n<\/ul>\n\n\n\n<p>De asemenea, companiile sunt obligate s\u0103 justifice scopul activit\u0103\u021bii:<\/p>\n\n\n\n<ul class=\"wp-block-list\">\n<li>deplas\u0103ri \u00een \u021bar\u0103 sau \u00een str\u0103in\u0103tate la clien\u021bi\/furnizori, pentru prospectarea pie\u021bei;<\/li>\n\n\n\n<li>deplas\u0103ri la loca\u021bii unde se afl\u0103 puncte de lucru;<\/li>\n\n\n\n<li>deplas\u0103ri la banc\u0103, la vam\u0103, la oficiile po\u0219tale, la autorit\u0103\u021bile fiscale, etc.<\/li>\n<\/ul>\n\n\n\n<p>A\u0219adar, atunci c\u00e2nd&nbsp;<a href=\"https:\/\/www.promotor.ro\/stiri-auto\/firma-de-asigurari-refuza-plata-daunei-prin-rca-avocat-multi-soferi-sunt-pacaliti-in-felul-acesta-19265338\">firma<\/a>&nbsp;ofer\u0103 o ma\u0219in\u0103 de serviciu \u0219i deconteaz\u0103 100% din cheltuielile cu impozitarea, nu este legal ca angajatul s\u0103 utilizeze acest vehicul \u00een scop personal.<\/p>\n\n\n\n<h2 class=\"wp-block-heading\">Ce r\u0103spundere are \u0219oferul?<\/h2>\n\n\n\n<p>\u00cen situa\u021bia \u00een care persoana aflat\u0103 la volanul unui vehicul este angajat\u0103 pe postul de \u0219ofer, atunci responsabilit\u0103\u021bile trebuie specificate \u00een fi\u0219a postului.<\/p>\n\n\n\n<p>De asemenea, dac\u0103 un angajat prime\u0219te ma\u0219ina de serviciu, \u00een cele mai multe situa\u021bii, firma \u00ee\u0219i asum\u0103 costurile de \u00eentre\u021binere \u0219i repara\u021bii.<\/p>\n\n\n\n<p>Dar, prin contract sau prin fi\u0219a postului, aceste obliga\u021bii pot fi transferate exclusiv \u00een sarcina \u0219oferului.<\/p>\n\n\n\n<p>Dac\u0103, \u00eens\u0103, e folosit vehiculul personal \u00een interes de munc\u0103, \u0219i nu exist\u0103 nicio \u00een\u021belegere contractual\u0103 \u00eentre angajat \u0219i angajator privind diverse costuri, atunci responsabilitatea este doar a \u0219oferului.<\/p>\n\n\n\n<p>De asemenea, pentru orice eveniment rutier\u00a0<a href=\"https:\/\/www.promotor.ro\/stiri-auto\/cum-verifici-rovinieta-online-dupa-numarul-masinii-cat-e-amenda-pentru-rovinieta-expirata-19294253\">\u0219oferul<\/a>\u00a0va r\u0103spunde \u00een fa\u021ba legii, indiferent dac\u0103 a condus ma\u0219ina personal\u0103 sau pe cea de serviciu.<\/p>\n\n\n\n<p>Sursa\/foto:promotor<\/p>\n","protected":false},"excerpt":{"rendered":"<p>\u00cen situa\u021bia \u00een care un \u0219ofer, aflat \u00een timpul programului de munc\u0103, prime\u0219te o amend\u0103 de circula\u021bie, aceasta trebuie pl\u0103tit\u0103<\/p>\n","protected":false},"author":1,"featured_media":112172,"comment_status":"open","ping_status":"closed","sticky":false,"template":"","format":"standard","meta":{"spay_email":"","footnotes":"","jetpack_publicize_message":""},"categories":[82],"tags":[],"class_list":["post-112171","post","type-post","status-publish","format-standard","has-post-thumbnail","hentry","category-auto"],"jetpack_featured_media_url":"https:\/\/i2.wp.com\/realitatearutiera.ro\/wp-content\/uploads\/2024\/06\/descarcare.jpeg?fit=314%2C161&ssl=1","jetpack_publicize_connections":[],"jetpack_sharing_enabled":true,"jetpack_shortlink":"https:\/\/wp.me\/p61naM-tbd","jetpack-related-posts":[],"_links":{"self":[{"href":"https:\/\/realitatearutiera.ro\/index.php?rest_route=\/wp\/v2\/posts\/112171","targetHints":{"allow":["GET"]}}],"collection":[{"href":"https:\/\/realitatearutiera.ro\/index.php?rest_route=\/wp\/v2\/posts"}],"about":[{"href":"https:\/\/realitatearutiera.ro\/index.php?rest_route=\/wp\/v2\/types\/post"}],"author":[{"embeddable":true,"href":"https:\/\/realitatearutiera.ro\/index.php?rest_route=\/wp\/v2\/users\/1"}],"replies":[{"embeddable":true,"href":"https:\/\/realitatearutiera.ro\/index.php?rest_route=%2Fwp%2Fv2%2Fcomments&post=112171"}],"version-history":[{"count":1,"href":"https:\/\/realitatearutiera.ro\/index.php?rest_route=\/wp\/v2\/posts\/112171\/revisions"}],"predecessor-version":[{"id":112173,"href":"https:\/\/realitatearutiera.ro\/index.php?rest_route=\/wp\/v2\/posts\/112171\/revisions\/112173"}],"wp:featuredmedia":[{"embeddable":true,"href":"https:\/\/realitatearutiera.ro\/index.php?rest_route=\/wp\/v2\/media\/112172"}],"wp:attachment":[{"href":"https:\/\/realitatearutiera.ro\/index.php?rest_route=%2Fwp%2Fv2%2Fmedia&parent=112171"}],"wp:term":[{"taxonomy":"category","embeddable":true,"href":"https:\/\/realitatearutiera.ro\/index.php?rest_route=%2Fwp%2Fv2%2Fcategories&post=112171"},{"taxonomy":"post_tag","embeddable":true,"href":"https:\/\/realitatearutiera.ro\/index.php?rest_route=%2Fwp%2Fv2%2Ftags&post=112171"}],"curies":[{"name":"wp","href":"https:\/\/api.w.org\/{rel}","templated":true}]}}