{"id":112255,"date":"2024-06-10T11:18:03","date_gmt":"2024-06-10T08:18:03","guid":{"rendered":"https:\/\/realitatearutiera.ro\/?p=112255"},"modified":"2024-06-10T11:18:04","modified_gmt":"2024-06-10T08:18:04","slug":"afectiuni-din-cauza-carora-se-anuleaza-carnetul-auto","status":"publish","type":"post","link":"https:\/\/realitatearutiera.ro\/?p=112255","title":{"rendered":"Afec\u021biuni din cauza c\u0103rora se anuleaz\u0103 carnetul auto"},"content":{"rendered":"\n<p>Este obligatoriu ca to\u021bi \u0219oferii, chiar \u0219i dup\u0103 ce au trecut de testele medicale \u0219i au ob\u021binut carnetul de conducere, s\u0103 aib\u0103 o stare de s\u0103n\u0103tate bun\u0103, altfel nu au dreptul de a urca la volan. Iat\u0103 ce boli te las\u0103 f\u0103r\u0103 permis \u00een 2024.<\/p>\n\n\n\n<p>Afec\u021biunile neuromotorii, precum&nbsp;scleroza multipl\u0103 sau boala Parkinson sunt incompatibile cu \u0219ofatul.<\/p>\n\n\n\n<p>De asemenea, demen\u021ba, problemele de vedere \u0219i de auz severe, precum \u0219i cele cardiace duc la suspendarea \u0219i chiar anularea dreaptului de a<a href=\"https:\/\/www.promotor.ro\/stiri-auto\/soferii-cu-permis-de-conducere-categoria-b-vor-putea-conduce-de-acum-si-motociclete-de-125-cmc-19188164\">&nbsp;conduce<\/a>&nbsp;un autovehicul.<\/p>\n\n\n\n<h2 class=\"wp-block-heading\">Ce boli te las\u0103 f\u0103r\u0103 permis \u00een 2024<\/h2>\n\n\n\n<p>Conform legii, \u0219oferii care sufer\u0103 de epilepsie, vertij, boli de inim\u0103 sau diabet \u00ee\u0219i pierd dreptul de a urca la volanul unei ma\u0219ini.<\/p>\n\n\n\n<p>De asemenea, majoritatea afec\u021biunilor neuromotorii duc la anularea permisului auto.<\/p>\n\n\n\n<p>\u00cen plus, \u0219oferii care au probleme de vede trebuie s\u0103 poarte ochelari de vedere sau lentile de corec\u021bie pentru a putea conduce un vehicul. Iar folosirea acestora e obligatorie \u00een timpul condusului, altfel se consider\u0103 \u00eenc\u0103lcare a legii.<\/p>\n\n\n\n<p>De asemenea, \u00een unele cazuri permisul de conducere poate fie eliberat sau re\u00eennoit persoanelor cu afec\u021biuni cardiovasculare. Dar numai dup\u0103 ce&nbsp;<a href=\"https:\/\/www.promotor.ro\/stiri-auto\/care-sunt-problemele-medicale-care-te-lasa-fara-permis-pe-viata-18919132\">afec\u021biunea<\/a>&nbsp;a fost tratat\u0103 \u0219i doar \u00een baza unui aviz eliberat de un medic specialist.<\/p>\n\n\n\n<h2 class=\"wp-block-heading\">\u0218oferii cu boli psihice r\u0103m\u00e2n f\u0103r\u0103 permis de conducere<\/h2>\n\n\n\n<p>\u0218oferii care au boli psihice sau diverse tulbur\u0103ri mentale nu au dreptul s\u0103 de\u021binp\u0103 un permis ce conducere.<\/p>\n\n\n\n<p>De asemenea, cei cu dependen\u021b\u0103 de droguri, medicamente sau alcool, \u00ee\u0219i pierd dreptul de a urca la volan. Iar dac\u0103 se constat\u0103 una dintre aceste afec\u021biuni ulterior dob\u00e2ndirii permisului, acesta va fi suspendat automat.<\/p>\n\n\n\n<p>\u0218i conduc\u0103torii auto care au probleme cu aparatul respirator, \u00ee\u0219i pot pierde dreptul de a conduce. Ace\u0219tia pot redob\u00e2ndi permisul auto doar dac\u0103 primesc acceptul medicului specialist.<\/p>\n\n\n\n<p>\u00cen cazul persoanelor cu insuficien\u021b\u0103 renal\u0103 grav\u0103, permisul poate fi p\u0103strat numai pe baza unui aviz medical autorizat. \u0218i cu condi\u021bia efectu\u0103rii unor controale medicale periodice.<\/p>\n\n\n\n<h2 class=\"wp-block-heading\">Persoanele care sufer\u0103 de diabet nu pot conduce o ma\u0219in\u0103<\/h2>\n\n\n\n<p>Conform legii, persoanele care sufer\u0103 de diabet zaharat nu pot conduce o&nbsp;<a href=\"https:\/\/www.promotor.ro\/stiri-auto\/afectiuni-care-anuleaza-permisul-auto-care-sunt-bolile-incompatibile-cu-permisul-de-conducere-18986411\">ma\u0219in\u0103<\/a>.<\/p>\n\n\n\n<p>\u00cens\u0103, dac\u0103 urmeaz\u0103 un tratament medicamentos \u0219i se angajeaz\u0103 s\u0103 \u021bin\u0103 sub control hipoglicemia, \u00ee\u0219i pot p\u0103stra permis auto.<\/p>\n\n\n\n<p>Totodat\u0103, cei \u00een cazul c\u0103rora exist\u0103 suspiciuni de sindrom de apnee moderat\u0103 sau sever\u0103 trebuie s\u0103 efectueze o consulta\u021bie de specialitate. \u0218i doar dac\u0103 ob\u021bin un aviz medical autorizat \u00ee\u0219i pot p\u0103stra permisul de conducere.<\/p>\n\n\n\n<p>Pentru a avea drept de conducere, \u0219oferii trebuie s\u0103 aib\u0103 o acuitate vizual\u0103 binocular\u0103 de cel pu\u021bin 0,5, c\u00e2nd se utilizeaz\u0103 ambii ochi. \u00cen cazul \u00een care nu se \u00eencadreaz\u0103 \u00een aceste limite, nu vor avea dreptul de a conduce un vehicul pe drumurile publice. Dec\u00e2t dac\u0103 aceast\u0103 problem\u0103 se rezolv\u0103 prin ochelari de vedere sau lentile de contact.<\/p>\n\n\n\n<p>Nici persoanele care au probleme cu auzul \u0219i sufer\u0103 de hipoacuzie profund\u0103 bilateral\u0103 nu pot conduce vehicule din categoria A sau B, dec\u00e2t dac\u0103 acesta dispune de oglinzi mai mari.<\/p>\n\n\n\n<h2 class=\"wp-block-heading\">Cardiacii nu au dreptul s\u0103 conduc\u0103<\/h2>\n\n\n\n<p>Codul Rutier interzice \u0219i persoanelor care au&nbsp;<a href=\"https:\/\/www.promotor.ro\/stiri-auto\/bolile-care-duc-la-retragerea-permisului-de-conducere-in-2023-ce-examene-medicale-trebuie-trecute-19133271\">boli<\/a>&nbsp;cardiovasculare s\u0103 de\u021bin\u0103 permis de conducere auto. Totu\u0219i, \u00een cazul \u00een care afec\u021biunea a fost tratat\u0103 \u0219i un medic cardiolog a acordat aviz favorabil, atunci \u0219oferul \u00ee\u0219i poate p\u0103stra permisul.<\/p>\n\n\n\n<p>\u00cen aceast\u0103 categorie intr\u0103 afec\u021biuni precum bradiaritmiile, tahiaritmiile, simptome de angin\u0103, implantare de stimulator cardiac permanent, opera\u021bie de bypass coronarian cu gref\u0103, transplant de cord etc.<\/p>\n\n\n\n<p>\u00cen schimb, nu se pot elibera sau re\u00eennoi permisele de conducere \u00een cazul unei boli vasculare periferice, cardiopatie valvular\u0103, etc.<\/p>\n\n\n\n<h2 class=\"wp-block-heading\">Cum ob\u021bin dreptul de a conduce persoanele cu afec\u021biuni locomotorii<\/h2>\n\n\n\n<p>Permisele de conducere nu sunt eliberate sau re\u00eennoite celor care prezint\u0103 afec\u021biuni sau anormalit\u0103\u021bi ale aparatului locomotor.<\/p>\n\n\n\n<p>Persoanele cu dizabilit\u0103\u021bi pot primi dreptul de a \u0219ofa numai cu avizul unei unit\u0103\u021bi de asisten\u021b\u0103 medical\u0103 autorizate. Iar \u00een anumite cazuri va fi necesar \u0219i sus\u021binerea unei&nbsp;<a href=\"https:\/\/www.promotor.ro\/stiri-auto\/un-instructor-auto-din-teleorman-a-fost-prins-cand-primea-500-de-euro-pentru-a-ajuta-un-elev-sa-treaca-de-proba-practica-19170028\">probe<\/a>&nbsp;practice de conducere.<\/p>\n\n\n\n<p>De asemenea, avizul acordat trebuie s\u0103 precizeze ce tip de modificare este necesar\u0103 la vehicul.<\/p>\n\n\n\n<h2 class=\"wp-block-heading\">Depresia te poate l\u0103sa f\u0103r\u0103 permisul de conducere<\/h2>\n\n\n\n<p>Depresia este o alt\u0103 afec\u021biune care, indirect, te poate l\u0103sa f\u0103r\u0103 carnet. Majoritatea medicamentelor utilizate \u00een tratarea acestei afec\u021biuni con\u021bin substan\u021be cu efect psihoactiv sau psihotrop.<\/p>\n\n\n\n<p>Aceste medicamente altereaz\u0103 capacitatea \u0219oferului de a reac\u021biona \u0219i \u00eei scade aten\u021bia. De aceea, lege interzice conducerea unei ma\u0219ini celor care folosesc astfel de tratamente.<\/p>\n\n\n\n<p>\u0218oferii prin\u0219i sub influen\u021ba acestor substan\u021be risc\u0103 s\u0103 ajung\u0103 la \u00eenchisoare. Conducerea unui autovehicul sub influen\u021ba substan\u021belor psihoactive atrage\u00a0<a href=\"https:\/\/www.promotor.ro\/stiri-auto\/2024-boli-pentru-care-se-suspenda-permisul-de-conducere-depresia-te-poate-lasa-fara-carnet-19253701\">suspendarea<\/a>\u00a0automat\u0103 a dreptului de a conduce \u0219i se pedepse\u0219te cu p\u00e2n\u0103 la 5 ani de \u00eenchisoare.<\/p>\n\n\n\n<p>Sursa:promotor<\/p>\n","protected":false},"excerpt":{"rendered":"<p>Este obligatoriu ca to\u021bi \u0219oferii, chiar \u0219i dup\u0103 ce au trecut de testele medicale \u0219i au ob\u021binut carnetul de conducere,<\/p>\n","protected":false},"author":1,"featured_media":91481,"comment_status":"open","ping_status":"closed","sticky":false,"template":"","format":"standard","meta":{"spay_email":"","footnotes":"","jetpack_publicize_message":""},"categories":[82],"tags":[],"class_list":["post-112255","post","type-post","status-publish","format-standard","has-post-thumbnail","hentry","category-auto"],"jetpack_featured_media_url":"https:\/\/i1.wp.com\/realitatearutiera.ro\/wp-content\/uploads\/2022\/11\/Permis-de-conducere-boli-asociate-cod-rutier-500x281-1.jpg?fit=500%2C281&ssl=1","jetpack_publicize_connections":[],"jetpack_sharing_enabled":true,"jetpack_shortlink":"https:\/\/wp.me\/p61naM-tcz","jetpack-related-posts":[],"_links":{"self":[{"href":"https:\/\/realitatearutiera.ro\/index.php?rest_route=\/wp\/v2\/posts\/112255","targetHints":{"allow":["GET"]}}],"collection":[{"href":"https:\/\/realitatearutiera.ro\/index.php?rest_route=\/wp\/v2\/posts"}],"about":[{"href":"https:\/\/realitatearutiera.ro\/index.php?rest_route=\/wp\/v2\/types\/post"}],"author":[{"embeddable":true,"href":"https:\/\/realitatearutiera.ro\/index.php?rest_route=\/wp\/v2\/users\/1"}],"replies":[{"embeddable":true,"href":"https:\/\/realitatearutiera.ro\/index.php?rest_route=%2Fwp%2Fv2%2Fcomments&post=112255"}],"version-history":[{"count":1,"href":"https:\/\/realitatearutiera.ro\/index.php?rest_route=\/wp\/v2\/posts\/112255\/revisions"}],"predecessor-version":[{"id":112256,"href":"https:\/\/realitatearutiera.ro\/index.php?rest_route=\/wp\/v2\/posts\/112255\/revisions\/112256"}],"wp:featuredmedia":[{"embeddable":true,"href":"https:\/\/realitatearutiera.ro\/index.php?rest_route=\/wp\/v2\/media\/91481"}],"wp:attachment":[{"href":"https:\/\/realitatearutiera.ro\/index.php?rest_route=%2Fwp%2Fv2%2Fmedia&parent=112255"}],"wp:term":[{"taxonomy":"category","embeddable":true,"href":"https:\/\/realitatearutiera.ro\/index.php?rest_route=%2Fwp%2Fv2%2Fcategories&post=112255"},{"taxonomy":"post_tag","embeddable":true,"href":"https:\/\/realitatearutiera.ro\/index.php?rest_route=%2Fwp%2Fv2%2Ftags&post=112255"}],"curies":[{"name":"wp","href":"https:\/\/api.w.org\/{rel}","templated":true}]}}