{"id":112257,"date":"2024-06-10T11:23:24","date_gmt":"2024-06-10T08:23:24","guid":{"rendered":"https:\/\/realitatearutiera.ro\/?p=112257"},"modified":"2024-06-10T11:23:25","modified_gmt":"2024-06-10T08:23:25","slug":"o-masina-a-ars-in-totalitate-pe-dn-1-intre-calnic-si-cut","status":"publish","type":"post","link":"https:\/\/realitatearutiera.ro\/?p=112257","title":{"rendered":"O ma\u0219in\u0103 a ars \u00een totalitate, pe DN 1 \u00eentre C\u00e2lnic \u0219i Cut"},"content":{"rendered":"\n<p><strong>Un incendiu s-a produs luni, 10 iunie, pe DN 1 \u00eentre localit\u0103\u021bile C\u00e2lnic \u0219i Cut. \u00cen jurul orei 9.40, pompierii din Sebe\u0219 au intervenit pentru stingerea incendiului.&nbsp;<\/strong><\/p>\n\n\n\n<figure class=\"wp-block-image size-large\"><img loading=\"lazy\" decoding=\"async\" width=\"800\" height=\"550\" data-attachment-id=\"112258\" data-permalink=\"https:\/\/realitatearutiera.ro\/?attachment_id=112258\" data-orig-file=\"https:\/\/i2.wp.com\/realitatearutiera.ro\/wp-content\/uploads\/2024\/06\/image-5.png?fit=1200%2C825&amp;ssl=1\" data-orig-size=\"1200,825\" data-comments-opened=\"1\" data-image-meta=\"{&quot;aperture&quot;:&quot;0&quot;,&quot;credit&quot;:&quot;&quot;,&quot;camera&quot;:&quot;&quot;,&quot;caption&quot;:&quot;&quot;,&quot;created_timestamp&quot;:&quot;0&quot;,&quot;copyright&quot;:&quot;&quot;,&quot;focal_length&quot;:&quot;0&quot;,&quot;iso&quot;:&quot;0&quot;,&quot;shutter_speed&quot;:&quot;0&quot;,&quot;title&quot;:&quot;&quot;,&quot;orientation&quot;:&quot;0&quot;}\" data-image-title=\"image-5\" data-image-description=\"\" data-medium-file=\"https:\/\/i2.wp.com\/realitatearutiera.ro\/wp-content\/uploads\/2024\/06\/image-5.png?fit=300%2C206&amp;ssl=1\" data-large-file=\"https:\/\/i2.wp.com\/realitatearutiera.ro\/wp-content\/uploads\/2024\/06\/image-5.png?fit=800%2C550&amp;ssl=1\" src=\"https:\/\/i1.wp.com\/realitatearutiera.ro\/wp-content\/uploads\/2024\/06\/image-5-1024x704.png?resize=800%2C550&#038;ssl=1\" alt=\"\" class=\"wp-image-112258\" srcset=\"https:\/\/i2.wp.com\/realitatearutiera.ro\/wp-content\/uploads\/2024\/06\/image-5.png?resize=1024%2C704&amp;ssl=1 1024w, https:\/\/i2.wp.com\/realitatearutiera.ro\/wp-content\/uploads\/2024\/06\/image-5.png?resize=300%2C206&amp;ssl=1 300w, https:\/\/i2.wp.com\/realitatearutiera.ro\/wp-content\/uploads\/2024\/06\/image-5.png?resize=768%2C528&amp;ssl=1 768w, https:\/\/i2.wp.com\/realitatearutiera.ro\/wp-content\/uploads\/2024\/06\/image-5.png?resize=130%2C90&amp;ssl=1 130w, https:\/\/i2.wp.com\/realitatearutiera.ro\/wp-content\/uploads\/2024\/06\/image-5.png?w=1200&amp;ssl=1 1200w\" sizes=\"auto, (max-width: 800px) 100vw, 800px\" data-recalc-dims=\"1\" \/><\/figure>\n\n\n\n<p><a href=\"https:\/\/jobs.smartrecruiters.com\/BoschGroup\/743999965962874-process-engineer-dimensional-control-bljp\" target=\"_blank\" rel=\"noreferrer noopener\"><\/a><\/p>\n\n\n\n<p>Din c\u00e2te se pare, un autoturism a luat foc pe drumul na\u021bional.<\/p>\n\n\n\n<p>La fa\u021ba locului, pompierii au intervenit cu dou\u0103 autospeciale.<\/p>\n\n\n\n<p>La sosirea for\u021belor de interven\u021bie la locul producerii incendiului acesta se manifesta cu ardere generalizat\u0103 la \u00eentreg autoturismul.<\/p>\n\n\n\n<p>Sursa:alba24 Foto:alba24<\/p>\n","protected":false},"excerpt":{"rendered":"<p>Un incendiu s-a produs luni, 10 iunie, pe DN 1 \u00eentre localit\u0103\u021bile C\u00e2lnic \u0219i Cut. \u00cen jurul orei 9.40, pompierii<\/p>\n","protected":false},"author":1,"featured_media":112259,"comment_status":"open","ping_status":"closed","sticky":false,"template":"","format":"standard","meta":{"spay_email":"","footnotes":"","jetpack_publicize_message":""},"categories":[6],"tags":[],"class_list":["post-112257","post","type-post","status-publish","format-standard","has-post-thumbnail","hentry","category-social"],"jetpack_featured_media_url":"https:\/\/i2.wp.com\/realitatearutiera.ro\/wp-content\/uploads\/2024\/06\/WhatsApp-Image-2024-06-10-at-10.10.17-1-e1718003914313.jpeg?fit=1200%2C825&ssl=1","jetpack_publicize_connections":[],"jetpack_sharing_enabled":true,"jetpack_shortlink":"https:\/\/wp.me\/p61naM-tcB","jetpack-related-posts":[],"_links":{"self":[{"href":"https:\/\/realitatearutiera.ro\/index.php?rest_route=\/wp\/v2\/posts\/112257","targetHints":{"allow":["GET"]}}],"collection":[{"href":"https:\/\/realitatearutiera.ro\/index.php?rest_route=\/wp\/v2\/posts"}],"about":[{"href":"https:\/\/realitatearutiera.ro\/index.php?rest_route=\/wp\/v2\/types\/post"}],"author":[{"embeddable":true,"href":"https:\/\/realitatearutiera.ro\/index.php?rest_route=\/wp\/v2\/users\/1"}],"replies":[{"embeddable":true,"href":"https:\/\/realitatearutiera.ro\/index.php?rest_route=%2Fwp%2Fv2%2Fcomments&post=112257"}],"version-history":[{"count":1,"href":"https:\/\/realitatearutiera.ro\/index.php?rest_route=\/wp\/v2\/posts\/112257\/revisions"}],"predecessor-version":[{"id":112260,"href":"https:\/\/realitatearutiera.ro\/index.php?rest_route=\/wp\/v2\/posts\/112257\/revisions\/112260"}],"wp:featuredmedia":[{"embeddable":true,"href":"https:\/\/realitatearutiera.ro\/index.php?rest_route=\/wp\/v2\/media\/112259"}],"wp:attachment":[{"href":"https:\/\/realitatearutiera.ro\/index.php?rest_route=%2Fwp%2Fv2%2Fmedia&parent=112257"}],"wp:term":[{"taxonomy":"category","embeddable":true,"href":"https:\/\/realitatearutiera.ro\/index.php?rest_route=%2Fwp%2Fv2%2Fcategories&post=112257"},{"taxonomy":"post_tag","embeddable":true,"href":"https:\/\/realitatearutiera.ro\/index.php?rest_route=%2Fwp%2Fv2%2Ftags&post=112257"}],"curies":[{"name":"wp","href":"https:\/\/api.w.org\/{rel}","templated":true}]}}