{"id":112336,"date":"2024-06-12T08:35:12","date_gmt":"2024-06-12T05:35:12","guid":{"rendered":"https:\/\/realitatearutiera.ro\/?p=112336"},"modified":"2024-06-12T08:35:14","modified_gmt":"2024-06-12T05:35:14","slug":"vremea-105","status":"publish","type":"post","link":"https:\/\/realitatearutiera.ro\/?p=112336","title":{"rendered":"Vremea"},"content":{"rendered":"\n<p>Ast\u0103zi apar mai multe reprize cu ploi zgomotoase, la munte, \u00een vest, centru \u0219i local \u00een celelalte zone. Ploile pot s\u0103 lase \u00een urm\u0103 cantit\u0103\u021bi de ap\u0103 de peste 30&#8230;40 l\/mp.<\/p>\n\n\n\n<p>Stresul termic r\u0103mane ridicat \u00een Muntenia, Dobrogea \u0219i \u00een sudul Moldovei, pe unde se mai ating izolat 35 de grade.<\/p>\n\n\n\n<p>Vedem ce se \u00eent\u00e2mpl\u0103 \u00een fiecare regiune \u0219i \u00eencepem cu&nbsp;<strong>Dobrogea<\/strong>&nbsp;\u0219i cu&nbsp;<strong>B\u0103r\u0103ganul<\/strong>. Pe aici avem o zi frumoas\u0103, dar c\u0103lduroas\u0103 \u0219i p\u00e2n\u0103 la 33 de grade \u00een B\u0103r\u0103gan; \u00een timp ce pe litoral g\u0103sim valori mai suportabile, de la 28, p\u00e2n\u0103 la 30 de grade. Spre sear\u0103, la malul m\u0103rii sunt posibile ploi de scurt\u0103 durat\u0103.<\/p>\n\n\n\n<p>Mai sus, \u00een&nbsp;<strong>Moldova sudic\u0103<\/strong>&nbsp;\u0219i \u00een&nbsp;<strong>nordul Munteniei<\/strong>, temperaturile scad u\u0219or, dar va fi \u0219i ast\u0103zi foarte cald. Avem soare \u00een cea mai mare parte a zilei, dar vin \u0219i c\u00e2teva averse, la deal \u0219i la la munte.<\/p>\n\n\n\n<p>\u00cen&nbsp;<strong>nordul Moldovei<\/strong>&nbsp;\u0219i \u00een&nbsp;<strong>Bucovina<\/strong>&nbsp;se anun\u021b\u0103 o zi foarte frumoas\u0103: soare, c\u00e2\u021biva nori \u0219i temperaturi pl\u0103cute. La amiaz\u0103 vor fi 24 de grade la Suceava \u0219i 28 de grade la Ia\u0219i \u0219i Bac\u0103u.<\/p>\n\n\n\n<p>\u00cen&nbsp;<strong>nordul Transilvaniei<\/strong>&nbsp;\u0219i \u00een&nbsp;<strong>Maramure\u0219<\/strong>, avem o zi cu ploi \u0219i mult\u0103 instabilitate. Apar averse, cu desc\u0103rc\u0103ri electrice \u0219i intensific\u0103ri de v\u00e2nt. Vor fi condi\u021bii de grindin\u0103 \u0219i se pot str\u00e2nge 40 de litri de ap\u0103 pe metru p\u0103trat. Se \u00eenc\u0103lze\u0219te u\u0219or \u0219i dup\u0103 pr\u00e2nz vor fi 26 de grade.<\/p>\n\n\n\n<p>\u00cen&nbsp;<strong>vestul \u021b\u0103rii<\/strong>&nbsp;se r\u0103ce\u0219te \u0219i temperaturile coboar\u0103 sub normalul perioadei. Pe parcursul zilei, vor fi perioade cu soare, dar \u0219i \u00eennor\u0103ri \u0219i averse \u00eenso\u021bite de toat\u0103 suita de fenomene specifice instabilit\u0103\u021bii.<\/p>\n\n\n\n<p>\u00cen&nbsp;<strong>Transilvania<\/strong>&nbsp;se anun\u021b\u0103 ploi \u0219i mult\u0103 instabilitate. Ploile vin cu tunete, fulgere \u0219i condi\u021bii de grindin\u0103, iar \u00een intervale scurte de timp se pot str\u00e2nge cantit\u0103\u021bi mari de apa. Temperaturile cresc u\u0219or \u0219i ajung la 28 de grade la Alba Iulia \u0219i la Bra\u0219ov.<\/p>\n\n\n\n<p>\u00cen&nbsp;<strong>Oltenia<\/strong>&nbsp;se anun\u021b\u0103 o zi c\u0103lduroas\u0103, mai ales \u00een zonele de c\u00e2mpie. O s\u0103 plou\u0103 \u0219i pe aici, \u00eendeosebi la deal \u0219i la munte, iar la amiaz\u0103 vor fi cel mult 33 de grade la Slatina.<\/p>\n\n\n\n<p>\u00cen&nbsp;<strong>\u021binuturile sudice<\/strong>, predomin\u0103 vremea frumoas\u0103 \u0219i doar pe la munte mai vin c\u00e2teva averse. Maximele ajung la 34&#8230;35 de grade \u0219i stresul termic va fi accentuat.<\/p>\n\n\n\n<h2 class=\"wp-block-heading\">Vremea la Bucure\u0219ti<\/h2>\n\n\n\n<p>\u00cen Bucure\u0219ti, ast\u0103zi temperaturile scad u\u0219or, dar nu sc\u0103p\u0103m de canicul\u0103. La amiaz\u0103 se ating 35 de grade \u0219i stresul termic r\u0103m\u00e2ne ridicat. \u00cen a doua parte a zilei, se \u00eennoreaz\u0103 treptat \u0219i sunt posibile averse cu tunete, fulgere \u0219i intensific\u0103ri de v\u00e2nt.<\/p>\n\n\n\n<h2 class=\"wp-block-heading\">Vremea la munte<\/h2>\n\n\n\n<p>La munte, atmosfera va fi instabil\u0103 \u0219i se r\u0103core\u0219te. Vin alte ploi zgomotoase, v\u00e2ntul va cre\u0219te \u00een intensitate, vor fi c\u0103deri de grindin\u0103, iar cantit\u0103\u021bile de ap\u0103 acumulate vor dep\u0103\u0219i 30&#8230;40 l\/mp.<\/p>\n\n\n\n<h2 class=\"wp-block-heading\">Vremea la mare<\/h2>\n\n\n\n<p>La mare se anun\u021b\u0103 o zi foarte cald\u0103 \u0219i un disconfort termic ridicat. Avem soare \u0219i pan\u0103 la 30 de grade \u00een sta\u021biuni. Apa m\u0103rii va avea 21&#8230;22 de grade. Spre sear\u0103, se \u00eennoreaz\u0103 treptat, o s\u0103 plou\u0103 trec\u0103tor \u0219i v\u00e2ntul va cre\u0219te \u00een intensitate.<\/p>\n\n\n\n<p>Sursa.stirileprotv<\/p>\n","protected":false},"excerpt":{"rendered":"<p>Ast\u0103zi apar mai multe reprize cu ploi zgomotoase, la munte, \u00een vest, centru \u0219i local \u00een celelalte zone. Ploile pot<\/p>\n","protected":false},"author":1,"featured_media":112338,"comment_status":"open","ping_status":"closed","sticky":false,"template":"","format":"standard","meta":{"spay_email":"","footnotes":"","jetpack_publicize_message":""},"categories":[6],"tags":[],"class_list":["post-112336","post","type-post","status-publish","format-standard","has-post-thumbnail","hentry","category-social"],"jetpack_featured_media_url":"https:\/\/i1.wp.com\/realitatearutiera.ro\/wp-content\/uploads\/2024\/06\/62369320-1.jpg?fit=1920%2C1080&ssl=1","jetpack_publicize_connections":[],"jetpack_sharing_enabled":true,"jetpack_shortlink":"https:\/\/wp.me\/p61naM-tdS","jetpack-related-posts":[],"_links":{"self":[{"href":"https:\/\/realitatearutiera.ro\/index.php?rest_route=\/wp\/v2\/posts\/112336","targetHints":{"allow":["GET"]}}],"collection":[{"href":"https:\/\/realitatearutiera.ro\/index.php?rest_route=\/wp\/v2\/posts"}],"about":[{"href":"https:\/\/realitatearutiera.ro\/index.php?rest_route=\/wp\/v2\/types\/post"}],"author":[{"embeddable":true,"href":"https:\/\/realitatearutiera.ro\/index.php?rest_route=\/wp\/v2\/users\/1"}],"replies":[{"embeddable":true,"href":"https:\/\/realitatearutiera.ro\/index.php?rest_route=%2Fwp%2Fv2%2Fcomments&post=112336"}],"version-history":[{"count":1,"href":"https:\/\/realitatearutiera.ro\/index.php?rest_route=\/wp\/v2\/posts\/112336\/revisions"}],"predecessor-version":[{"id":112339,"href":"https:\/\/realitatearutiera.ro\/index.php?rest_route=\/wp\/v2\/posts\/112336\/revisions\/112339"}],"wp:featuredmedia":[{"embeddable":true,"href":"https:\/\/realitatearutiera.ro\/index.php?rest_route=\/wp\/v2\/media\/112338"}],"wp:attachment":[{"href":"https:\/\/realitatearutiera.ro\/index.php?rest_route=%2Fwp%2Fv2%2Fmedia&parent=112336"}],"wp:term":[{"taxonomy":"category","embeddable":true,"href":"https:\/\/realitatearutiera.ro\/index.php?rest_route=%2Fwp%2Fv2%2Fcategories&post=112336"},{"taxonomy":"post_tag","embeddable":true,"href":"https:\/\/realitatearutiera.ro\/index.php?rest_route=%2Fwp%2Fv2%2Ftags&post=112336"}],"curies":[{"name":"wp","href":"https:\/\/api.w.org\/{rel}","templated":true}]}}