{"id":112927,"date":"2024-06-26T10:02:49","date_gmt":"2024-06-26T07:02:49","guid":{"rendered":"https:\/\/realitatearutiera.ro\/?p=112927"},"modified":"2024-06-26T10:02:51","modified_gmt":"2024-06-26T07:02:51","slug":"iasi-festivalul-cucuteni-2024-in-acest-weekend","status":"publish","type":"post","link":"https:\/\/realitatearutiera.ro\/?p=112927","title":{"rendered":"Ia\u0219i: Festivalul Cucuteni 2024, \u00een acest weekend"},"content":{"rendered":"\n<p>\u00cen perioada 28-30 iunie 2024, \u00een Parcul Copou din Ia\u015fi, va avea loc cea de a XLI-a edi\u0163ie a T\u00e2rgului na\u0163ional de ceramic\u0103 \u201eCUCUTENI-5000\u201d. Organizatori sunt Consiliul Jude\u0163ean Ia\u015fi, prin Centrul Jude\u0163ean pentru Conservarea \u015fi Promovarea Culturii Tradi\u0163ionale Ia\u015fi, \u00een parteneriat cu Prim\u0103ria Municipiului Ia\u015fi.<\/p>\n\n\n\n<figure class=\"wp-block-image size-full\"><img loading=\"lazy\" decoding=\"async\" width=\"800\" height=\"364\" data-attachment-id=\"112928\" data-permalink=\"https:\/\/realitatearutiera.ro\/?attachment_id=112928\" data-orig-file=\"https:\/\/i1.wp.com\/realitatearutiera.ro\/wp-content\/uploads\/2024\/06\/image-33.png?fit=1024%2C466&amp;ssl=1\" data-orig-size=\"1024,466\" data-comments-opened=\"1\" data-image-meta=\"{&quot;aperture&quot;:&quot;0&quot;,&quot;credit&quot;:&quot;&quot;,&quot;camera&quot;:&quot;&quot;,&quot;caption&quot;:&quot;&quot;,&quot;created_timestamp&quot;:&quot;0&quot;,&quot;copyright&quot;:&quot;&quot;,&quot;focal_length&quot;:&quot;0&quot;,&quot;iso&quot;:&quot;0&quot;,&quot;shutter_speed&quot;:&quot;0&quot;,&quot;title&quot;:&quot;&quot;,&quot;orientation&quot;:&quot;0&quot;}\" data-image-title=\"image-33\" data-image-description=\"\" data-medium-file=\"https:\/\/i1.wp.com\/realitatearutiera.ro\/wp-content\/uploads\/2024\/06\/image-33.png?fit=300%2C137&amp;ssl=1\" data-large-file=\"https:\/\/i1.wp.com\/realitatearutiera.ro\/wp-content\/uploads\/2024\/06\/image-33.png?fit=800%2C364&amp;ssl=1\" src=\"https:\/\/i1.wp.com\/realitatearutiera.ro\/wp-content\/uploads\/2024\/06\/image-33.png?resize=800%2C364&#038;ssl=1\" alt=\"\" class=\"wp-image-112928\" srcset=\"https:\/\/i1.wp.com\/realitatearutiera.ro\/wp-content\/uploads\/2024\/06\/image-33.png?w=1024&amp;ssl=1 1024w, https:\/\/i1.wp.com\/realitatearutiera.ro\/wp-content\/uploads\/2024\/06\/image-33.png?resize=300%2C137&amp;ssl=1 300w, https:\/\/i1.wp.com\/realitatearutiera.ro\/wp-content\/uploads\/2024\/06\/image-33.png?resize=768%2C350&amp;ssl=1 768w\" sizes=\"auto, (max-width: 800px) 100vw, 800px\" data-recalc-dims=\"1\" \/><\/figure>\n\n\n\n<p>Ca \u00een fiecare an vor fi prezen\u021bi me\u0219teri din toate zonele etno \u2013 folclorice ale \u021binuturilor rom\u00e2ne\u0219ti, inclusiv a celor aflate \u00een afara grani\u021belor na\u021bionale, care vor prezenta vizitatorilor, prin obiectele expuse, diferen\u021bele specifice \u0219i elementele comune artei populare din fiecare zon\u0103.<\/p>\n\n\n\n<p>Jude\u021bul Ia\u0219i va fi reprezentat de me\u0219teri olari din Schitu Stavnic \u2013 Voine\u0219ti \u0219i Tansa. Pe durata desf\u0103\u0219ur\u0103rii T\u00e2rgului, se vor organiza ateliere interactive de ol\u0103rit, proiec\u021bii de filme din arhiva Centrului Jude\u021bean pentru Conservarea \u0219i Promovarea Culturii Tradi\u021bionale Ia\u0219i, dezbateri tematice cu speciali\u0219ti, discu\u021bii cu olarii premia\u021bi \u0219i alte activit\u0103\u021bi destinate cunoa\u0219terii \u0219i promov\u0103rii acestui frumos me\u0219te\u0219ug.<\/p>\n\n\n\n<p>Sursa\/foto:ziaruldeiasi<\/p>\n","protected":false},"excerpt":{"rendered":"<p>\u00cen perioada 28-30 iunie 2024, \u00een Parcul Copou din Ia\u015fi, va avea loc cea de a XLI-a edi\u0163ie a T\u00e2rgului<\/p>\n","protected":false},"author":1,"featured_media":112929,"comment_status":"open","ping_status":"closed","sticky":false,"template":"","format":"standard","meta":{"spay_email":"","footnotes":"","jetpack_publicize_message":""},"categories":[6],"tags":[],"class_list":["post-112927","post","type-post","status-publish","format-standard","has-post-thumbnail","hentry","category-social"],"jetpack_featured_media_url":"https:\/\/realitatearutiera.ro\/wp-content\/uploads\/2024\/06\/cucuteni-2024-iasi.webp","jetpack_publicize_connections":[],"jetpack_sharing_enabled":true,"jetpack_shortlink":"https:\/\/wp.me\/p61naM-tnp","jetpack-related-posts":[],"_links":{"self":[{"href":"https:\/\/realitatearutiera.ro\/index.php?rest_route=\/wp\/v2\/posts\/112927","targetHints":{"allow":["GET"]}}],"collection":[{"href":"https:\/\/realitatearutiera.ro\/index.php?rest_route=\/wp\/v2\/posts"}],"about":[{"href":"https:\/\/realitatearutiera.ro\/index.php?rest_route=\/wp\/v2\/types\/post"}],"author":[{"embeddable":true,"href":"https:\/\/realitatearutiera.ro\/index.php?rest_route=\/wp\/v2\/users\/1"}],"replies":[{"embeddable":true,"href":"https:\/\/realitatearutiera.ro\/index.php?rest_route=%2Fwp%2Fv2%2Fcomments&post=112927"}],"version-history":[{"count":1,"href":"https:\/\/realitatearutiera.ro\/index.php?rest_route=\/wp\/v2\/posts\/112927\/revisions"}],"predecessor-version":[{"id":112930,"href":"https:\/\/realitatearutiera.ro\/index.php?rest_route=\/wp\/v2\/posts\/112927\/revisions\/112930"}],"wp:featuredmedia":[{"embeddable":true,"href":"https:\/\/realitatearutiera.ro\/index.php?rest_route=\/wp\/v2\/media\/112929"}],"wp:attachment":[{"href":"https:\/\/realitatearutiera.ro\/index.php?rest_route=%2Fwp%2Fv2%2Fmedia&parent=112927"}],"wp:term":[{"taxonomy":"category","embeddable":true,"href":"https:\/\/realitatearutiera.ro\/index.php?rest_route=%2Fwp%2Fv2%2Fcategories&post=112927"},{"taxonomy":"post_tag","embeddable":true,"href":"https:\/\/realitatearutiera.ro\/index.php?rest_route=%2Fwp%2Fv2%2Ftags&post=112927"}],"curies":[{"name":"wp","href":"https:\/\/api.w.org\/{rel}","templated":true}]}}